{"id":21639,"date":"2018-10-30T12:27:26","date_gmt":"2018-10-30T18:27:26","guid":{"rendered":"http:\/\/www.inces.gob.ve\/?p=21639"},"modified":"2020-05-28T20:30:35","modified_gmt":"2020-05-29T00:30:35","slug":"arranco-plan-nacional-de-reparacion-de-mesas-sillas-escolares-en-falcon","status":"publish","type":"post","link":"https:\/\/inces.gob.ve\/index.php\/2018\/10\/30\/arranco-plan-nacional-de-reparacion-de-mesas-sillas-escolares-en-falcon\/","title":{"rendered":"Arranc\u00f3 Plan Nacional de Reparaci\u00f3n de Mesas-Sillas Escolares en Falc\u00f3n"},"content":{"rendered":"<p class=\"western\" style=\"text-align: justify;\" align=\"justify\"><span style=\"font-family: Arial,sans-serif;\"><b>**<i> El Inces es el ente propulsor de esta estrategia que impulsa el Ministerio del Poder Popular para la Educaci\u00f3n <\/i><\/b><\/span><\/p>\n<p class=\"western\" style=\"text-align: justify;\" align=\"justify\"><!--more--><\/p>\n<p class=\"western\" style=\"text-align: justify;\" align=\"justify\"><span style=\"font-family: Arial,sans-serif;\"><b>MIRIAM GONZ\u00c1LEZ VILLARROEL | Falc\u00f3n<\/b><\/span><\/p>\n<p align=\"justify\">\n<p class=\"western\" style=\"text-align: justify;\" align=\"justify\"><span style=\"font-family: Arial,sans-serif;\">Con el Proyecto de recuperaci\u00f3n de sillas y mesas escolares que se encuentran en mal estado en los diferentes establecimientos educativos priorizados del estado Falc\u00f3n, el Inces, en alianza con la Fundaci\u00f3n de Edificaciones y Dotaciones Educativas (Fede), Zona Educativa y la Misi\u00f3n Barrio Nuevo, Barrio Tricolor inici\u00f3 la primera fase del Plan Nacional de Reparaci\u00f3n de Mesas &#8211; Sillas Escolares.<\/span><\/p>\n<p align=\"justify\">\n<p class=\"western\" style=\"text-align: justify;\" align=\"justify\"><span style=\"font-family: Arial,sans-serif;\">En cuanto a esta acci\u00f3n que busca rescatar los mobiliarios escolares para brindar espacios educativos acordes a la educaci\u00f3n que merecen los ni\u00f1os, adolescentes y j\u00f3venes de la patria, la gerente regional, Eneyda Mart\u00ednez Rodr\u00edguez, reconoci\u00f3 el esfuerzo que se ha venido haciendo para concretar resultados positivos en la reparaci\u00f3n de las mesas-sillas, tanto en Coro como en Punto Fijo. <\/span><\/p>\n<p class=\"western\" style=\"text-align: justify;\" align=\"justify\"><span style=\"font-family: Arial,sans-serif;\"><img loading=\"lazy\" decoding=\"async\" class=\"aligncenter wp-image-21640 size-full\" src=\"http:\/\/www.inces.gob.ve\/wp-content\/uploads\/2018\/10\/8Reparaci\u00f3n-de-Mesas-Sillas-.jpg\" alt=\"\" width=\"800\" height=\"573\" srcset=\"https:\/\/inces.gob.ve\/wp-content\/uploads\/2018\/10\/8Reparaci\u00f3n-de-Mesas-Sillas-.jpg 800w, https:\/\/inces.gob.ve\/wp-content\/uploads\/2018\/10\/8Reparaci\u00f3n-de-Mesas-Sillas--300x215.jpg 300w, https:\/\/inces.gob.ve\/wp-content\/uploads\/2018\/10\/8Reparaci\u00f3n-de-Mesas-Sillas--768x550.jpg 768w\" sizes=\"auto, (max-width: 800px) 100vw, 800px\" \/><\/span><\/p>\n<p class=\"western\" style=\"text-align: justify;\" align=\"justify\"><span style=\"font-family: Arial,sans-serif;\">Precis\u00f3 Mart\u00ednez, el Inces es el responsable nacional del plan de reparaci\u00f3n de mesa-sillas; por ende, es el encargado en el Estado de la coordinaci\u00f3n, para avanzar en la dimensi\u00f3n organizativa, diagn\u00f3stico y clasificaci\u00f3n de muebles escolares en cuanto a su condici\u00f3n para la reutilizaci\u00f3n, reciclaje o descarte y para ello, se conformaron brigadas y grupos de voluntarios para la clasificaci\u00f3n y activaci\u00f3n de la capacidad instalada. <\/span><\/p>\n<p class=\"western\" style=\"text-align: justify;\" align=\"justify\"><img loading=\"lazy\" decoding=\"async\" class=\"aligncenter wp-image-21642 size-full\" src=\"http:\/\/www.inces.gob.ve\/wp-content\/uploads\/2018\/10\/6Reparaci\u00f3n-de-Mesas-Sillas-.jpg\" alt=\"\" width=\"800\" height=\"535\" srcset=\"https:\/\/inces.gob.ve\/wp-content\/uploads\/2018\/10\/6Reparaci\u00f3n-de-Mesas-Sillas-.jpg 800w, https:\/\/inces.gob.ve\/wp-content\/uploads\/2018\/10\/6Reparaci\u00f3n-de-Mesas-Sillas--300x201.jpg 300w, https:\/\/inces.gob.ve\/wp-content\/uploads\/2018\/10\/6Reparaci\u00f3n-de-Mesas-Sillas--768x514.jpg 768w\" sizes=\"auto, (max-width: 800px) 100vw, 800px\" \/><\/p>\n<p class=\"western\" style=\"text-align: justify;\" align=\"justify\"><span style=\"font-family: Arial,sans-serif;\">Tambi\u00e9n comunic\u00f3 Mart\u00ednez que se vienen realizando encuentros con instituciones como Fede, Misi\u00f3n Saber y Trabajo, Zona Educativa, Pdvsa, alcald\u00edas y otras entidades de trabajo, tanto p\u00fablicas como privadas, para gestionar los insumos que se requieren, partiendo de las alianzas que se establezcan y con las cuales se acord\u00f3 activarse para conseguir los aportes necesarios. \u201cLo m\u00e1s importante en esta coyuntura corresponde a los procesos organizativos, disciplina y compromiso, para sacar adelante este proyecto que trae consigo mejoras de los espacios educativos\u201d. <\/span><\/p>\n<p class=\"western\" style=\"text-align: justify;\" align=\"justify\"><img loading=\"lazy\" decoding=\"async\" class=\"aligncenter wp-image-21643 size-full\" src=\"http:\/\/www.inces.gob.ve\/wp-content\/uploads\/2018\/10\/3Reparaci\u00f3n-de-Mesas-Sillas-.jpg\" alt=\"\" width=\"800\" height=\"781\" srcset=\"https:\/\/inces.gob.ve\/wp-content\/uploads\/2018\/10\/3Reparaci\u00f3n-de-Mesas-Sillas-.jpg 800w, https:\/\/inces.gob.ve\/wp-content\/uploads\/2018\/10\/3Reparaci\u00f3n-de-Mesas-Sillas--300x293.jpg 300w, https:\/\/inces.gob.ve\/wp-content\/uploads\/2018\/10\/3Reparaci\u00f3n-de-Mesas-Sillas--768x750.jpg 768w\" sizes=\"auto, (max-width: 800px) 100vw, 800px\" \/><\/p>\n<p class=\"western\" style=\"text-align: justify;\" align=\"justify\"><span style=\"font-family: Arial,sans-serif;\">Alianza estrat\u00e9gica<\/span><\/p>\n<p class=\"western\" style=\"text-align: justify;\" align=\"justify\"><span style=\"font-family: Arial,sans-serif;\">Para el director de la Unidad Educativa \u201cC\u00e9sar Augusto Agreda\u201d, Gustavo Curiel, es una alianza estrat\u00e9gica que fortalece las debilidades de las escuelas y a su vez posiciona a los estudiantes de estos proyectos estructurales que impulsa el ministro de Educaci\u00f3n, Arist\u00f3bulo Isturiz, ya que la recuperaci\u00f3n de las mesas-sillas los involucra, porque forma parte de las actividades extra c\u00e1tedra que propicia la participaci\u00f3n de los estudiantes en la recuperaci\u00f3n de la infraestructura.<\/span><\/p>\n<p align=\"justify\">\n<p class=\"western\" style=\"text-align: justify;\" align=\"justify\">\u201c<span style=\"font-family: Arial,sans-serif;\">Estamos resolviendo lo interno en la unidad educativa y para ello vamos a integrar a todos los colectivos que hacen vida en la instituci\u00f3n, como los consejos comunales, los Consejos Locales de Abastecimiento y Producci\u00f3n (Clap), unidades de batalla y dem\u00e1s formas de organizaci\u00f3n para coadyuvar acciones y reforzar los proyectos que van a fortalecer los procesos educativos de miles de estudiantes de la educaci\u00f3n primaria y media general. En el caso particular de Falc\u00f3n favorecer\u00e1 a 1.265 alumnos\u201d.<\/span><\/p>\n<p class=\"western\" style=\"text-align: justify;\" align=\"justify\"><img loading=\"lazy\" decoding=\"async\" class=\"aligncenter wp-image-21644 size-full\" src=\"http:\/\/www.inces.gob.ve\/wp-content\/uploads\/2018\/10\/2Reparaci\u00f3n-de-Mesas-Sillas-.jpg\" alt=\"\" width=\"800\" height=\"736\" srcset=\"https:\/\/inces.gob.ve\/wp-content\/uploads\/2018\/10\/2Reparaci\u00f3n-de-Mesas-Sillas-.jpg 800w, https:\/\/inces.gob.ve\/wp-content\/uploads\/2018\/10\/2Reparaci\u00f3n-de-Mesas-Sillas--300x276.jpg 300w, https:\/\/inces.gob.ve\/wp-content\/uploads\/2018\/10\/2Reparaci\u00f3n-de-Mesas-Sillas--768x707.jpg 768w\" sizes=\"auto, (max-width: 800px) 100vw, 800px\" \/><\/p>\n<p class=\"western\" style=\"text-align: justify;\" align=\"justify\"><span style=\"font-family: Arial,sans-serif;\">Inici\u00f3 fase de recuperaci\u00f3n<\/span><\/p>\n<p class=\"western\" style=\"text-align: justify;\" align=\"justify\"><span style=\"font-family: Arial,sans-serif;\">Por su parte, la directora de la Unidad Educativa Nacional \u201cVirginia Gil de Hermoso\u201d, Mildred Cabrales, mencion\u00f3 que se han conformado las brigadas en las cuales se involucran representantes que pertenecen al comit\u00e9 de infraestructura del consejo educativo, voluntariado de las comunidades del punto y c\u00edrculo y el Inces. Manifest\u00f3 en esta primera fase, se realiz\u00f3 el proceso de desarme, recuperaci\u00f3n de las maderas, selecci\u00f3n del material recuperable y soldadura para posteriormente dar inicio a la recuperaci\u00f3n de las mesas-sillas que favorecer\u00e1n la matr\u00edcula de 576 alumnos.<\/span><\/p>\n<p class=\"western\" style=\"text-align: justify;\" align=\"justify\">LT.<\/p>\n","protected":false},"excerpt":{"rendered":"<p>** El Inces es el ente propulsor de esta estrategia que impulsa el Ministerio del Poder Popular para la Educaci\u00f3n<\/p>\n","protected":false},"author":15,"featured_media":21645,"comment_status":"closed","ping_status":"closed","sticky":false,"template":"","format":"standard","meta":{"footnotes":""},"categories":[2],"tags":[],"class_list":["post-21639","post","type-post","status-publish","format-standard","has-post-thumbnail","hentry","category-blog"],"_links":{"self":[{"href":"https:\/\/inces.gob.ve\/index.php\/wp-json\/wp\/v2\/posts\/21639","targetHints":{"allow":["GET"]}}],"collection":[{"href":"https:\/\/inces.gob.ve\/index.php\/wp-json\/wp\/v2\/posts"}],"about":[{"href":"https:\/\/inces.gob.ve\/index.php\/wp-json\/wp\/v2\/types\/post"}],"author":[{"embeddable":true,"href":"https:\/\/inces.gob.ve\/index.php\/wp-json\/wp\/v2\/users\/15"}],"replies":[{"embeddable":true,"href":"https:\/\/inces.gob.ve\/index.php\/wp-json\/wp\/v2\/comments?post=21639"}],"version-history":[{"count":2,"href":"https:\/\/inces.gob.ve\/index.php\/wp-json\/wp\/v2\/posts\/21639\/revisions"}],"predecessor-version":[{"id":21647,"href":"https:\/\/inces.gob.ve\/index.php\/wp-json\/wp\/v2\/posts\/21639\/revisions\/21647"}],"wp:featuredmedia":[{"embeddable":true,"href":"https:\/\/inces.gob.ve\/index.php\/wp-json\/wp\/v2\/media\/21645"}],"wp:attachment":[{"href":"https:\/\/inces.gob.ve\/index.php\/wp-json\/wp\/v2\/media?parent=21639"}],"wp:term":[{"taxonomy":"category","embeddable":true,"href":"https:\/\/inces.gob.ve\/index.php\/wp-json\/wp\/v2\/categories?post=21639"},{"taxonomy":"post_tag","embeddable":true,"href":"https:\/\/inces.gob.ve\/index.php\/wp-json\/wp\/v2\/tags?post=21639"}],"curies":[{"name":"wp","href":"https:\/\/api.w.org\/{rel}","templated":true}]}}