{"id":21665,"date":"2018-10-30T13:14:25","date_gmt":"2018-10-30T19:14:25","guid":{"rendered":"http:\/\/www.inces.gob.ve\/?p=21665"},"modified":"2020-05-28T20:30:34","modified_gmt":"2020-05-29T00:30:34","slug":"inces-merida-participo-en-homenaje-a-ali-primera","status":"publish","type":"post","link":"https:\/\/inces.gob.ve\/index.php\/2018\/10\/30\/inces-merida-participo-en-homenaje-a-ali-primera\/","title":{"rendered":"Inces-M\u00e9rida particip\u00f3 en homenaje a \u201dAl\u00ed Primera\u201d"},"content":{"rendered":"<p class=\"western\" align=\"justify\"><span style=\"font-family: Arial,sans-serif;\"><i><b>** Tambi\u00e9n se reconoci\u00f3 el trabajo del maestro C\u00e9sar Albornoz, tecn\u00f3logo y cultor popular meride\u00f1o, por su compromiso y perseverancia, quien a\u00f1os tras a\u00f1o, convoca a diversos artistas y colectivos para homenajear al Padre Cantor<\/b><\/i><\/span><\/p>\n<p class=\"western\" align=\"justify\"><!--more--><\/p>\n<p class=\"western\" align=\"justify\"><span style=\"font-family: Arial,sans-serif;\"><b>NADIA LOBO| M\u00e9rida<\/b><\/span><\/p>\n<p class=\"western\" align=\"justify\"><span style=\"font-family: Arial,sans-serif;\">Bajo el lema \u201cUna piel de pueblo para un canto eterno\u201d, se rindi\u00f3 homenaje a Al\u00ed Primera, tras cumplirse el pr\u00f3ximo 31 de octubre, 77 a\u00f1os de su natalicio, acto donde el Inces tuvo su participaci\u00f3n, no solo en la organizaci\u00f3n del evento, sino que adem\u00e1s ofreci\u00f3 un hermoso concierto por parte de la Coral de la instituci\u00f3n.<\/span><\/p>\n<p class=\"western\" align=\"justify\"><span style=\"font-family: Arial,sans-serif;\">As\u00ed lo inform\u00f3 la gerente regional del Inces-M\u00e9rida, Yvonne Pirela, quien destac\u00f3 la importancia de este tipo de actividades culturales que se desarrollan de manera consecutiva desde el a\u00f1o 2012 en el parque \u201cRinc\u00f3n de los Muchachos\u201d ubicado en la comunidad de Santa Juana, municipio Libertador de la ciudad de M\u00e9rida.<\/span><\/p>\n<p class=\"western\" align=\"justify\"><img loading=\"lazy\" decoding=\"async\" class=\"aligncenter wp-image-21667 size-full\" src=\"http:\/\/www.inces.gob.ve\/wp-content\/uploads\/2018\/10\/4-homenaje-a-Al\u00ed-Primera.jpg\" alt=\"\" width=\"800\" height=\"600\" srcset=\"https:\/\/inces.gob.ve\/wp-content\/uploads\/2018\/10\/4-homenaje-a-Al\u00ed-Primera.jpg 800w, https:\/\/inces.gob.ve\/wp-content\/uploads\/2018\/10\/4-homenaje-a-Al\u00ed-Primera-300x225.jpg 300w, https:\/\/inces.gob.ve\/wp-content\/uploads\/2018\/10\/4-homenaje-a-Al\u00ed-Primera-768x576.jpg 768w, https:\/\/inces.gob.ve\/wp-content\/uploads\/2018\/10\/4-homenaje-a-Al\u00ed-Primera-136x102.jpg 136w\" sizes=\"auto, (max-width: 800px) 100vw, 800px\" \/><\/p>\n<p class=\"western\" align=\"justify\"><span style=\"font-family: Arial,sans-serif;\">Destac\u00f3 que el encuentro arrib\u00f3 a su sexta edici\u00f3n y permiti\u00f3 reunir a colectivos culturales, artistas, cultores populares y comunidad meride\u00f1a, adem\u00e1s del apoyo y colaboraci\u00f3n por parte de instituciones, organismos y alcald\u00edas revolucionarias, quienes rindieron un merecido homenaje al Padre Cantor, Al\u00ed Primera.<\/span><\/p>\n<p class=\"western\" align=\"justify\"><span style=\"font-family: Arial,sans-serif;\">Por su parte, los estudiantes de la Unidad Educativa del Inces- M\u00e9rida han venido realizando un trabajo voluntario desde el mes de julio para el embellecimiento y decoraci\u00f3n de la tapara ac\u00fastica y limpieza del parque, como parte del componente de participaci\u00f3n y acci\u00f3n comunitaria que complementa el pensum de estudios de la modalidad adulto. <\/span><\/p>\n<p class=\"western\" align=\"justify\"><img loading=\"lazy\" decoding=\"async\" class=\"aligncenter wp-image-21669 size-full\" src=\"http:\/\/www.inces.gob.ve\/wp-content\/uploads\/2018\/10\/2-homenaje-a-Al\u00ed-Primera.jpg\" alt=\"\" width=\"800\" height=\"463\" srcset=\"https:\/\/inces.gob.ve\/wp-content\/uploads\/2018\/10\/2-homenaje-a-Al\u00ed-Primera.jpg 800w, https:\/\/inces.gob.ve\/wp-content\/uploads\/2018\/10\/2-homenaje-a-Al\u00ed-Primera-300x174.jpg 300w, https:\/\/inces.gob.ve\/wp-content\/uploads\/2018\/10\/2-homenaje-a-Al\u00ed-Primera-768x444.jpg 768w\" sizes=\"auto, (max-width: 800px) 100vw, 800px\" \/><\/p>\n<p class=\"western\" align=\"justify\"><span style=\"font-family: Arial,sans-serif;\">Coral Inces<\/span><\/p>\n<p class=\"western\" align=\"justify\"><span style=\"font-family: Arial,sans-serif;\">La Coral del Inces-M\u00e9rida dio apertura oficial al evento cultural, ofreciendo un repertorio con temas del folclore venezolano y latinoamericano, contando adem\u00e1s con la participaci\u00f3n de artistas locales y nacionales como: Sandino Primera, Grupo IVEN, Surconciente, Puya Locha y Medio, Subversivo Ch\u00e1vez, Ana Cecilia Loyo, Marisol Ya\u00f1ez, Leo Delgado, Astrid Sosa, Katania Felisola, Agua Sal\u00e1, Marcel y Rodolfo, entre otros. <\/span><\/p>\n<p class=\"western\" align=\"justify\"><img loading=\"lazy\" decoding=\"async\" class=\"aligncenter wp-image-21670 size-full\" src=\"http:\/\/www.inces.gob.ve\/wp-content\/uploads\/2018\/10\/1-homenaje-a-Al\u00ed-Primera.jpg\" alt=\"\" width=\"800\" height=\"600\" srcset=\"https:\/\/inces.gob.ve\/wp-content\/uploads\/2018\/10\/1-homenaje-a-Al\u00ed-Primera.jpg 800w, https:\/\/inces.gob.ve\/wp-content\/uploads\/2018\/10\/1-homenaje-a-Al\u00ed-Primera-300x225.jpg 300w, https:\/\/inces.gob.ve\/wp-content\/uploads\/2018\/10\/1-homenaje-a-Al\u00ed-Primera-768x576.jpg 768w, https:\/\/inces.gob.ve\/wp-content\/uploads\/2018\/10\/1-homenaje-a-Al\u00ed-Primera-136x102.jpg 136w\" sizes=\"auto, (max-width: 800px) 100vw, 800px\" \/><\/p>\n<p class=\"western\" align=\"justify\"><span style=\"font-family: Arial,sans-serif;\">Es importante destacar que el homenaje al cantor del pueblo \u201cAl\u00ed Primera\u201d tambi\u00e9n se reconoci\u00f3 los esfuerzos del Gobierno Bolivariano por lograr que Venezuela sea un pa\u00eds libre de analfabetismo, gracias a la misi\u00f3n \u201cRobinson, Yo, S\u00ed Puedo\u201d donde el Inces jug\u00f3 un papel importante llevando a distintos lugares de la entidad meride\u00f1a las cartillas y los alfabetizadores. <\/span><\/p>\n<p class=\"western\" align=\"justify\">LT.<\/p>\n","protected":false},"excerpt":{"rendered":"<p>** Tambi\u00e9n se reconoci\u00f3 el trabajo del maestro C\u00e9sar Albornoz, tecn\u00f3logo y cultor popular meride\u00f1o, por su compromiso y perseverancia, quien a\u00f1os tras a\u00f1o, convoca a diversos artistas y colectivos para homenajear al Padre Cantor<\/p>\n","protected":false},"author":15,"featured_media":21668,"comment_status":"closed","ping_status":"closed","sticky":false,"template":"","format":"standard","meta":{"footnotes":""},"categories":[2],"tags":[],"class_list":["post-21665","post","type-post","status-publish","format-standard","has-post-thumbnail","hentry","category-blog"],"_links":{"self":[{"href":"https:\/\/inces.gob.ve\/index.php\/wp-json\/wp\/v2\/posts\/21665","targetHints":{"allow":["GET"]}}],"collection":[{"href":"https:\/\/inces.gob.ve\/index.php\/wp-json\/wp\/v2\/posts"}],"about":[{"href":"https:\/\/inces.gob.ve\/index.php\/wp-json\/wp\/v2\/types\/post"}],"author":[{"embeddable":true,"href":"https:\/\/inces.gob.ve\/index.php\/wp-json\/wp\/v2\/users\/15"}],"replies":[{"embeddable":true,"href":"https:\/\/inces.gob.ve\/index.php\/wp-json\/wp\/v2\/comments?post=21665"}],"version-history":[{"count":2,"href":"https:\/\/inces.gob.ve\/index.php\/wp-json\/wp\/v2\/posts\/21665\/revisions"}],"predecessor-version":[{"id":21672,"href":"https:\/\/inces.gob.ve\/index.php\/wp-json\/wp\/v2\/posts\/21665\/revisions\/21672"}],"wp:featuredmedia":[{"embeddable":true,"href":"https:\/\/inces.gob.ve\/index.php\/wp-json\/wp\/v2\/media\/21668"}],"wp:attachment":[{"href":"https:\/\/inces.gob.ve\/index.php\/wp-json\/wp\/v2\/media?parent=21665"}],"wp:term":[{"taxonomy":"category","embeddable":true,"href":"https:\/\/inces.gob.ve\/index.php\/wp-json\/wp\/v2\/categories?post=21665"},{"taxonomy":"post_tag","embeddable":true,"href":"https:\/\/inces.gob.ve\/index.php\/wp-json\/wp\/v2\/tags?post=21665"}],"curies":[{"name":"wp","href":"https:\/\/api.w.org\/{rel}","templated":true}]}}