{"id":21673,"date":"2018-10-30T13:24:59","date_gmt":"2018-10-30T19:24:59","guid":{"rendered":"http:\/\/www.inces.gob.ve\/?p=21673"},"modified":"2020-05-28T20:30:34","modified_gmt":"2020-05-29T00:30:34","slug":"inces-y-escuelas-tecnicas-de-caracas-refuerzan-alianzas-en-materia-productiva","status":"publish","type":"post","link":"https:\/\/inces.gob.ve\/index.php\/2018\/10\/30\/inces-y-escuelas-tecnicas-de-caracas-refuerzan-alianzas-en-materia-productiva\/","title":{"rendered":"Inces y Escuelas T\u00e9cnicas de Caracas refuerzan alianzas en materia productiva\u00a0"},"content":{"rendered":"<p style=\"text-align: justify;\" align=\"justify\"><span style=\"font-family: Arial,sans-serif;\"><i><b>**La articulaci\u00f3n entre el Inces Caracas y las escuelas t\u00e9cnicas pretende promover el desarrollo de proyectos productivos autosustentables para la transformaci\u00f3n de la cuidad<\/b><\/i><\/span><\/p>\n<p style=\"text-align: justify;\" align=\"justify\"><!--more--><\/p>\n<p style=\"text-align: justify;\" align=\"justify\"><span style=\"font-family: Arial,sans-serif;\"><b>JOHAN P\u00c9REZ | Caracas<\/b><\/span><\/p>\n<p style=\"text-align: justify;\" align=\"justify\"><span style=\"font-family: Arial,sans-serif;\">Fotograf\u00eda: Jos\u00e9 Eugenio Mendoza<\/span><\/p>\n<p style=\"text-align: justify;\" align=\"justify\"><span style=\"font-family: Arial,sans-serif;\">En la escuela de Artes y Oficios Crist\u00f3bal Rojas, ubicada en Parque Carabobo, se llev\u00f3 a cabo un encuentro entre el Inces Distrito Capital y representantes de las distintas escuelas t\u00e9cnicas de la Zona Educativa de Caracas, a objeto de afianzar alianzas en materia socioproductiva.<\/span><\/p>\n<p style=\"text-align: justify;\" align=\"justify\"><span style=\"font-family: Arial,sans-serif;\">La actividad se desarroll\u00f3 en funci\u00f3n de dos mesas de trabajo. La primera, referida al programa manos a la siembra, y la segunda sobre soporte t\u00e9cnico de computadoras. En cada una de ellas se valor\u00f3 la factibilidad t\u00e9cnica y operativa de la ejecuci\u00f3n de proyectos en estas \u00e1reas, considerando las potencialidades de las escuelas y de los recursos de que dispone.<\/span><\/p>\n<p style=\"text-align: justify;\" align=\"justify\"><img loading=\"lazy\" decoding=\"async\" class=\"aligncenter wp-image-21676 size-full\" src=\"http:\/\/www.inces.gob.ve\/wp-content\/uploads\/2018\/10\/1alianzas-en-materia-productiva-.jpg\" alt=\"\" width=\"800\" height=\"473\" srcset=\"https:\/\/inces.gob.ve\/wp-content\/uploads\/2018\/10\/1alianzas-en-materia-productiva-.jpg 800w, https:\/\/inces.gob.ve\/wp-content\/uploads\/2018\/10\/1alianzas-en-materia-productiva--300x177.jpg 300w, https:\/\/inces.gob.ve\/wp-content\/uploads\/2018\/10\/1alianzas-en-materia-productiva--768x454.jpg 768w\" sizes=\"auto, (max-width: 800px) 100vw, 800px\" \/><br \/>\n<span style=\"font-family: Arial,sans-serif;\">El gerente regional del Inces Caracas, Francisco Quevedo, durante su intervenci\u00f3n celebr\u00f3 el encuentro, poniendo a disposici\u00f3n toda la experiencia formativa y productiva que posee el Inces. Al mismo tiempo, puntualiz\u00f3 la importancia de darle continuidad, control y seguimiento a cada uno de los procesos educativos y de producci\u00f3n que nazcan de la alianza entre el Inces y las escuelas t\u00e9cnicas.<\/span><\/p>\n<p style=\"text-align: justify;\" align=\"justify\"><span style=\"font-family: Arial,sans-serif;\">Por su parte, Ram\u00f3n Araujo, coordinador de las Escuelas T\u00e9cnicas y encargado actualmente de 32 escuelas dentro del Distrito Capital, inform\u00f3 que \u00abestas mesas de trabajo tienen como finalidad vincular a las escuelas t\u00e9cnicas en un solo prop\u00f3sito: trabajar de forma unificada para el desarrollo de proyectos productivos autosustentables que permitan superar el bloqueo econ\u00f3mico; todo esto enmarcado en los 15 motores propuestos por el presidente Nicol\u00e1s Maduro\u00bb.<\/span><\/p>\n<p style=\"text-align: justify;\" align=\"justify\"><img loading=\"lazy\" decoding=\"async\" class=\"aligncenter wp-image-21675 size-full\" src=\"http:\/\/www.inces.gob.ve\/wp-content\/uploads\/2018\/10\/2alianzas-en-materia-productiva-.jpg\" alt=\"\" width=\"800\" height=\"468\" srcset=\"https:\/\/inces.gob.ve\/wp-content\/uploads\/2018\/10\/2alianzas-en-materia-productiva-.jpg 800w, https:\/\/inces.gob.ve\/wp-content\/uploads\/2018\/10\/2alianzas-en-materia-productiva--300x176.jpg 300w, https:\/\/inces.gob.ve\/wp-content\/uploads\/2018\/10\/2alianzas-en-materia-productiva--768x449.jpg 768w\" sizes=\"auto, (max-width: 800px) 100vw, 800px\" \/><\/p>\n<p style=\"text-align: justify;\" align=\"justify\"><span style=\"font-family: Arial,sans-serif;\">Finalmente, Araujo destac\u00f3 la importancia de que cada una de las instituciones y centros educativos participantes en el plan se asuman de manera articulada, para avanzar en la pronta materializaci\u00f3n de las l\u00edneas estrat\u00e9gicas que se establezcan en estos encuentros.<\/span><\/p>\n<p style=\"text-align: justify;\" align=\"justify\">LT:<\/p>\n","protected":false},"excerpt":{"rendered":"<p>**La articulaci\u00f3n entre el Inces Caracas y las escuelas t\u00e9cnicas pretende promover el desarrollo de proyectos productivos autosustentables para la transformaci\u00f3n de la cuidad<\/p>\n","protected":false},"author":15,"featured_media":21674,"comment_status":"closed","ping_status":"closed","sticky":false,"template":"","format":"standard","meta":{"footnotes":""},"categories":[2],"tags":[],"class_list":["post-21673","post","type-post","status-publish","format-standard","has-post-thumbnail","hentry","category-blog"],"_links":{"self":[{"href":"https:\/\/inces.gob.ve\/index.php\/wp-json\/wp\/v2\/posts\/21673","targetHints":{"allow":["GET"]}}],"collection":[{"href":"https:\/\/inces.gob.ve\/index.php\/wp-json\/wp\/v2\/posts"}],"about":[{"href":"https:\/\/inces.gob.ve\/index.php\/wp-json\/wp\/v2\/types\/post"}],"author":[{"embeddable":true,"href":"https:\/\/inces.gob.ve\/index.php\/wp-json\/wp\/v2\/users\/15"}],"replies":[{"embeddable":true,"href":"https:\/\/inces.gob.ve\/index.php\/wp-json\/wp\/v2\/comments?post=21673"}],"version-history":[{"count":2,"href":"https:\/\/inces.gob.ve\/index.php\/wp-json\/wp\/v2\/posts\/21673\/revisions"}],"predecessor-version":[{"id":21678,"href":"https:\/\/inces.gob.ve\/index.php\/wp-json\/wp\/v2\/posts\/21673\/revisions\/21678"}],"wp:featuredmedia":[{"embeddable":true,"href":"https:\/\/inces.gob.ve\/index.php\/wp-json\/wp\/v2\/media\/21674"}],"wp:attachment":[{"href":"https:\/\/inces.gob.ve\/index.php\/wp-json\/wp\/v2\/media?parent=21673"}],"wp:term":[{"taxonomy":"category","embeddable":true,"href":"https:\/\/inces.gob.ve\/index.php\/wp-json\/wp\/v2\/categories?post=21673"},{"taxonomy":"post_tag","embeddable":true,"href":"https:\/\/inces.gob.ve\/index.php\/wp-json\/wp\/v2\/tags?post=21673"}],"curies":[{"name":"wp","href":"https:\/\/api.w.org\/{rel}","templated":true}]}}