{"id":21690,"date":"2018-10-31T08:24:04","date_gmt":"2018-10-31T14:24:04","guid":{"rendered":"http:\/\/www.inces.gob.ve\/?p=21690"},"modified":"2020-05-28T20:30:34","modified_gmt":"2020-05-29T00:30:34","slug":"lanzan-primer-producto-con-sello-inces-para-la-siembra-y-la-produccion-alimentaria","status":"publish","type":"post","link":"https:\/\/inces.gob.ve\/index.php\/2018\/10\/31\/lanzan-primer-producto-con-sello-inces-para-la-siembra-y-la-produccion-alimentaria\/","title":{"rendered":"Lanzan primer producto con sello Inces para la siembra y la producci\u00f3n alimentaria"},"content":{"rendered":"<p style=\"text-align: justify;\" align=\"justify\"><span style=\"font-family: Arial,sans-serif;\"><i><b>** Humus org\u00e1nico que eleva la capacidad productiva, fusionando bondades y talento humano<\/b><\/i><\/span><\/p>\n<p style=\"text-align: justify;\" align=\"justify\"><!--more--><\/p>\n<p style=\"text-align: justify;\" align=\"justify\"><strong>Inces \/Lara<\/strong><\/p>\n<p style=\"text-align: justify;\" align=\"justify\"><span style=\"font-family: Arial,sans-serif;\">Iniciativas de producci\u00f3n Inces y lo hecho con amor para apoyar el conuco escolar y todo lo que tenga que ver con la siembra de la mano con el centro de formaci\u00f3n socialista (CFS) Las Mar\u00edas, municipio Crespo, se dieron a conocer como muestra de lo posible cuando el compromiso, el conocimiento y las ganas son una sola bandera.<\/span><\/p>\n<p style=\"text-align: justify;\" align=\"justify\"><span style=\"font-family: Arial,sans-serif;\">Pasos adelante para producir comiendo y sano seguro <\/span><\/p>\n<p style=\"text-align: justify;\" align=\"justify\"><span style=\"font-family: Arial,sans-serif;\">Para la maestra t\u00e9cnico productiva del CFS Las Mar\u00edas, Mar\u00eda Hern\u00e1ndez \u201ces un proyecto b\u00e1sico de innovaci\u00f3n, que consiste en humus l\u00edquido y s\u00f3lido de lombriz, elaborado con desechos org\u00e1nicos procesados. Un proyecto estrat\u00e9gico, con elementos esenciales para los cultivos en momentos cruciales e hist\u00f3ricos como los que vivimos, incorporando a muchos j\u00f3venes para que se integren al trabajo productivo\u201d.<\/span><\/p>\n<p style=\"text-align: justify;\" align=\"justify\"><img loading=\"lazy\" decoding=\"async\" class=\"aligncenter wp-image-21691 size-full\" src=\"http:\/\/www.inces.gob.ve\/wp-content\/uploads\/2018\/10\/4sello-Inces-para-la-siembra.jpg\" alt=\"\" width=\"800\" height=\"600\" srcset=\"https:\/\/inces.gob.ve\/wp-content\/uploads\/2018\/10\/4sello-Inces-para-la-siembra.jpg 800w, https:\/\/inces.gob.ve\/wp-content\/uploads\/2018\/10\/4sello-Inces-para-la-siembra-300x225.jpg 300w, https:\/\/inces.gob.ve\/wp-content\/uploads\/2018\/10\/4sello-Inces-para-la-siembra-768x576.jpg 768w, https:\/\/inces.gob.ve\/wp-content\/uploads\/2018\/10\/4sello-Inces-para-la-siembra-136x102.jpg 136w\" sizes=\"auto, (max-width: 800px) 100vw, 800px\" \/><\/p>\n<p style=\"text-align: justify;\" align=\"justify\"><span style=\"font-family: Arial,sans-serif;\">Hern\u00e1ndez destac\u00f3 que con la uni\u00f3n de todos se puede, \u201cson genuinas alternativas, humus l\u00edquido y humus s\u00f3lido de calidad, incorporando c\u00e1scara de huevos para enriquecerlo en calcio y v\u00e1stago de cambur para el potasio; un producto rico en nutrientes para la tierra. Es producir de manera sana, ecol\u00f3gica y sustentable. Ante la falta de producci\u00f3n no hay que estancarse\u201d, puntualiz\u00f3.<\/span><\/p>\n<p style=\"text-align: justify;\" align=\"justify\"><span style=\"font-family: Arial,sans-serif;\">Luchadores sociales vinculados y en movimiento<\/span><\/p>\n<p style=\"text-align: justify;\" align=\"justify\"><span style=\"font-family: Arial,sans-serif;\">La coordinadora del CFS Las Mar\u00edas, Zaida Pereira, destac\u00f3 que esta iniciativa aporta en gran medida a la soberan\u00eda alimentaria, beneficiando el \u00e1rea de cultivos ante el d\u00e9ficit de los biofertilizantes, \u201cestamos dando una respuesta alternativa, tenemos muchas expectativas. Productores, movimientos sociales, instituciones educativas proyectos y unidades de producci\u00f3n tienen las puertas abiertas en Inces Lara para la formaci\u00f3n y obtenci\u00f3n de este producto org\u00e1nico a precio realmente accesible\u201d.<\/span><\/p>\n<p style=\"text-align: justify;\" align=\"justify\"><img loading=\"lazy\" decoding=\"async\" class=\"aligncenter wp-image-21693 size-full\" src=\"http:\/\/www.inces.gob.ve\/wp-content\/uploads\/2018\/10\/2sello-Inces-para-la-siembra.jpg\" alt=\"\" width=\"800\" height=\"450\" srcset=\"https:\/\/inces.gob.ve\/wp-content\/uploads\/2018\/10\/2sello-Inces-para-la-siembra.jpg 800w, https:\/\/inces.gob.ve\/wp-content\/uploads\/2018\/10\/2sello-Inces-para-la-siembra-300x169.jpg 300w, https:\/\/inces.gob.ve\/wp-content\/uploads\/2018\/10\/2sello-Inces-para-la-siembra-768x432.jpg 768w\" sizes=\"auto, (max-width: 800px) 100vw, 800px\" \/><\/p>\n<p style=\"text-align: justify;\" align=\"justify\"><span style=\"font-family: Arial,sans-serif;\">El Programa Agr\u00edcola junto a la maestra t\u00e9cnico productiva Suly Rojas socializ\u00f3 tambi\u00e9n informaci\u00f3n sobre la espinaca asi\u00e1tica, rica en vitaminas A y C. es una muy buena opci\u00f3n \u201cestamos promovi\u00e9ndola para las madres de la patria, para que en las escuelas la conozcan, la produzcan y la consuman; es rica en hierro y antioxidantes, (tallo, hoja y fruto) tiene prote\u00edna y no se consigue en el mercado\u201d. Es la espinaca asi\u00e1tica una legumbre ideal para el consumo.<\/span><\/p>\n<p style=\"text-align: justify;\" align=\"justify\"><img loading=\"lazy\" decoding=\"async\" class=\"aligncenter wp-image-21694 size-full\" src=\"http:\/\/www.inces.gob.ve\/wp-content\/uploads\/2018\/10\/1sello-Inces-para-la-siembra.jpg\" alt=\"\" width=\"800\" height=\"383\" srcset=\"https:\/\/inces.gob.ve\/wp-content\/uploads\/2018\/10\/1sello-Inces-para-la-siembra.jpg 800w, https:\/\/inces.gob.ve\/wp-content\/uploads\/2018\/10\/1sello-Inces-para-la-siembra-300x144.jpg 300w, https:\/\/inces.gob.ve\/wp-content\/uploads\/2018\/10\/1sello-Inces-para-la-siembra-768x368.jpg 768w\" sizes=\"auto, (max-width: 800px) 100vw, 800px\" \/><\/p>\n","protected":false},"excerpt":{"rendered":"<p>** Humus org\u00e1nico que eleva la capacidad productiva, fusionando bondades y talento humano<\/p>\n","protected":false},"author":15,"featured_media":21692,"comment_status":"closed","ping_status":"closed","sticky":false,"template":"","format":"standard","meta":{"footnotes":""},"categories":[2],"tags":[],"class_list":["post-21690","post","type-post","status-publish","format-standard","has-post-thumbnail","hentry","category-blog"],"_links":{"self":[{"href":"https:\/\/inces.gob.ve\/index.php\/wp-json\/wp\/v2\/posts\/21690","targetHints":{"allow":["GET"]}}],"collection":[{"href":"https:\/\/inces.gob.ve\/index.php\/wp-json\/wp\/v2\/posts"}],"about":[{"href":"https:\/\/inces.gob.ve\/index.php\/wp-json\/wp\/v2\/types\/post"}],"author":[{"embeddable":true,"href":"https:\/\/inces.gob.ve\/index.php\/wp-json\/wp\/v2\/users\/15"}],"replies":[{"embeddable":true,"href":"https:\/\/inces.gob.ve\/index.php\/wp-json\/wp\/v2\/comments?post=21690"}],"version-history":[{"count":2,"href":"https:\/\/inces.gob.ve\/index.php\/wp-json\/wp\/v2\/posts\/21690\/revisions"}],"predecessor-version":[{"id":21696,"href":"https:\/\/inces.gob.ve\/index.php\/wp-json\/wp\/v2\/posts\/21690\/revisions\/21696"}],"wp:featuredmedia":[{"embeddable":true,"href":"https:\/\/inces.gob.ve\/index.php\/wp-json\/wp\/v2\/media\/21692"}],"wp:attachment":[{"href":"https:\/\/inces.gob.ve\/index.php\/wp-json\/wp\/v2\/media?parent=21690"}],"wp:term":[{"taxonomy":"category","embeddable":true,"href":"https:\/\/inces.gob.ve\/index.php\/wp-json\/wp\/v2\/categories?post=21690"},{"taxonomy":"post_tag","embeddable":true,"href":"https:\/\/inces.gob.ve\/index.php\/wp-json\/wp\/v2\/tags?post=21690"}],"curies":[{"name":"wp","href":"https:\/\/api.w.org\/{rel}","templated":true}]}}