{"id":21752,"date":"2018-10-31T12:58:04","date_gmt":"2018-10-31T18:58:04","guid":{"rendered":"http:\/\/www.inces.gob.ve\/?p=21752"},"modified":"2020-05-28T20:30:34","modified_gmt":"2020-05-29T00:30:34","slug":"inces-merida-continua-proceso-de-acreditacion-a-futuros-bachilleres","status":"publish","type":"post","link":"https:\/\/inces.gob.ve\/index.php\/2018\/10\/31\/inces-merida-continua-proceso-de-acreditacion-a-futuros-bachilleres\/","title":{"rendered":"Inces M\u00e9rida contin\u00faa proceso de acreditaci\u00f3n a futuros bachilleres"},"content":{"rendered":"<p style=\"text-align: justify;\" align=\"justify\"><span style=\"font-family: Arial,sans-serif;\"><b>**<i> La socializaci\u00f3n de portafolios es un requisito obligatorio para obtener la acreditaci\u00f3n de saberes y haceres por experiencia<\/i><\/b><\/span><!--more--><\/p>\n<p style=\"text-align: justify;\" align=\"justify\"><span style=\"font-family: Arial,sans-serif;\"><b>NADIA LOBO| M\u00e9rida<\/b><\/span><\/p>\n<p align=\"justify\">\n<p style=\"text-align: justify;\" align=\"justify\"><span style=\"font-family: Arial,sans-serif;\">Una jornada mas de socializaci\u00f3n y defensa de portafolios de saberes y experiencias productivas desarroll\u00f3 el Inces M\u00e9rida, a trav\u00e9s de su Unidad Educativa, como requisito para optar por el t\u00edtulo de bachiller con perfil productivo. <\/span><\/p>\n<p style=\"text-align: justify;\" align=\"justify\"><span style=\"font-family: Arial,sans-serif;\">En esta oportunidad correspondi\u00f3 a dos estudiantes integrantes de la comunidad de aprendizaje de estilistas, un dise\u00f1ador de parques bio-saludables y un adulto con experiencias en la construcci\u00f3n que, a trav\u00e9s de la consolidaci\u00f3n de historias de vida, cuentan sus experiencias y aprendizajes para culminar la escolaridad en la modalidad educaci\u00f3n para j\u00f3venes, adultos y adultas.<\/span><\/p>\n<p style=\"text-align: justify;\" align=\"justify\"><span style=\"font-family: Arial,sans-serif;\"><img loading=\"lazy\" decoding=\"async\" class=\"aligncenter wp-image-21755 size-full\" src=\"http:\/\/www.inces.gob.ve\/wp-content\/uploads\/2018\/10\/1proceso-de-acreditaci\u00f3n.jpg\" alt=\"\" width=\"750\" height=\"563\" srcset=\"https:\/\/inces.gob.ve\/wp-content\/uploads\/2018\/10\/1proceso-de-acreditaci\u00f3n.jpg 750w, https:\/\/inces.gob.ve\/wp-content\/uploads\/2018\/10\/1proceso-de-acreditaci\u00f3n-300x225.jpg 300w, https:\/\/inces.gob.ve\/wp-content\/uploads\/2018\/10\/1proceso-de-acreditaci\u00f3n-136x102.jpg 136w\" sizes=\"auto, (max-width: 750px) 100vw, 750px\" \/><\/span><\/p>\n<p style=\"text-align: justify;\" align=\"justify\"><span style=\"font-family: Arial,sans-serif;\">En este sentido, Nizza Salas, como responsable de la Unidad Educativa del Inces M\u00e9rida, se\u00f1al\u00f3 que las ponencias de los estudiantes que egresar\u00e1n como bachilleres, se han venido desarrollando como una metodolog\u00eda progresista de la educaci\u00f3n liberadora, que a trav\u00e9s de una autobiograf\u00eda desde una visi\u00f3n mas integral, comparten sus experiencias y aprendizajes, adem\u00e1s de sentimientos, an\u00e9cdotas y particularidades a lo largo de su vida.<\/span><\/p>\n<p style=\"text-align: justify;\" align=\"justify\"><span style=\"font-family: Arial,sans-serif;\">Se\u00f1al\u00f3 Salas que \u201ccontin\u00faa el convenio entre la Universidad Polit\u00e9cnica Territorial de M\u00e9rida \u201cKleber Ram\u00edrez\u201d (UPTM-KR) y el Inces, que permite que el estudiante pueda obtener de manera simult\u00e1nea la acreditaci\u00f3n y certificaci\u00f3n como bachilleres con perfil productivo y la prosecuci\u00f3n universitaria (TSU, licenciatura, postgrado, maestr\u00eda y doctorado), ya que se trabaja con una metodolog\u00eda orientada a la construcci\u00f3n del portafolio de experiencias y un proyecto acad\u00e9mico que tenga relaci\u00f3n con el \u00e1rea en que el estudiante se desenvuelve\u201d.<\/span><\/p>\n<p style=\"text-align: justify;\" align=\"justify\"><span style=\"font-family: Arial,sans-serif;\">Alfredo Jauregui, miembro de la comunidad de aprendizaje y aspirante a obtener el t\u00edtulo de bachiller productivo, manifest\u00f3 con gran emoci\u00f3n la satisfacci\u00f3n de haber cumplido con un cap\u00edtulo m\u00e1s de su vida, \u201cesto me llena, haber contado mi autobiograf\u00eda y mi sabidur\u00eda al p\u00fablico. Esto me ha permitido sanar ese ni\u00f1os que fue maltratado, pero que ahora, muchos a\u00f1os despu\u00e9s est\u00e1 feliz. Hoy agradezco al Inces la oportunidad que me brinda para culminar mi bachillerato, ya que actualmente estoy cursando estudios en la UPTM-KR)\u201d, y este t\u00edtulo de bachiller es indispensable para culminar satisfactoriamente la licenciatura de estilismo integral\u201d.<\/span><\/p>\n<p style=\"text-align: justify;\" align=\"justify\"><span style=\"font-family: Arial,sans-serif;\"><img loading=\"lazy\" decoding=\"async\" class=\"aligncenter wp-image-21754 size-full\" src=\"http:\/\/www.inces.gob.ve\/wp-content\/uploads\/2018\/10\/2proceso-de-acreditaci\u00f3n.jpg\" alt=\"\" width=\"750\" height=\"563\" srcset=\"https:\/\/inces.gob.ve\/wp-content\/uploads\/2018\/10\/2proceso-de-acreditaci\u00f3n.jpg 750w, https:\/\/inces.gob.ve\/wp-content\/uploads\/2018\/10\/2proceso-de-acreditaci\u00f3n-300x225.jpg 300w, https:\/\/inces.gob.ve\/wp-content\/uploads\/2018\/10\/2proceso-de-acreditaci\u00f3n-136x102.jpg 136w\" sizes=\"auto, (max-width: 750px) 100vw, 750px\" \/><\/span><\/p>\n<p style=\"text-align: justify;\" align=\"justify\"><span style=\"font-family: Arial,sans-serif;\">Indic\u00f3 igualmente que a trav\u00e9s del portafolio mostr\u00f3 y comparti\u00f3 con un nutrido p\u00fablico la experiencia de 36 a\u00f1os en el mundo del estilismo, peluquer\u00eda, desfiles de moda y maquillaje; trabajo que lo ha caracterizado como un profesional de referencia tanto nacional como internacional.<\/span><\/p>\n","protected":false},"excerpt":{"rendered":"<p>** La socializaci\u00f3n de portafolios es un requisito obligatorio para obtener la acreditaci\u00f3n de saberes y haceres por experiencia<\/p>\n","protected":false},"author":15,"featured_media":21753,"comment_status":"closed","ping_status":"closed","sticky":false,"template":"","format":"standard","meta":{"footnotes":""},"categories":[2],"tags":[],"class_list":["post-21752","post","type-post","status-publish","format-standard","has-post-thumbnail","hentry","category-blog"],"_links":{"self":[{"href":"https:\/\/inces.gob.ve\/index.php\/wp-json\/wp\/v2\/posts\/21752","targetHints":{"allow":["GET"]}}],"collection":[{"href":"https:\/\/inces.gob.ve\/index.php\/wp-json\/wp\/v2\/posts"}],"about":[{"href":"https:\/\/inces.gob.ve\/index.php\/wp-json\/wp\/v2\/types\/post"}],"author":[{"embeddable":true,"href":"https:\/\/inces.gob.ve\/index.php\/wp-json\/wp\/v2\/users\/15"}],"replies":[{"embeddable":true,"href":"https:\/\/inces.gob.ve\/index.php\/wp-json\/wp\/v2\/comments?post=21752"}],"version-history":[{"count":2,"href":"https:\/\/inces.gob.ve\/index.php\/wp-json\/wp\/v2\/posts\/21752\/revisions"}],"predecessor-version":[{"id":21757,"href":"https:\/\/inces.gob.ve\/index.php\/wp-json\/wp\/v2\/posts\/21752\/revisions\/21757"}],"wp:featuredmedia":[{"embeddable":true,"href":"https:\/\/inces.gob.ve\/index.php\/wp-json\/wp\/v2\/media\/21753"}],"wp:attachment":[{"href":"https:\/\/inces.gob.ve\/index.php\/wp-json\/wp\/v2\/media?parent=21752"}],"wp:term":[{"taxonomy":"category","embeddable":true,"href":"https:\/\/inces.gob.ve\/index.php\/wp-json\/wp\/v2\/categories?post=21752"},{"taxonomy":"post_tag","embeddable":true,"href":"https:\/\/inces.gob.ve\/index.php\/wp-json\/wp\/v2\/tags?post=21752"}],"curies":[{"name":"wp","href":"https:\/\/api.w.org\/{rel}","templated":true}]}}