{"id":21827,"date":"2018-11-05T08:29:03","date_gmt":"2018-11-05T14:29:03","guid":{"rendered":"http:\/\/www.inces.gob.ve\/?p=21827"},"modified":"2020-05-28T20:30:33","modified_gmt":"2020-05-29T00:30:33","slug":"juan-andres-gomez-sevilla-un-aprendiz-con-multiples-aptitudes-y-lleno-de-nobleza","status":"publish","type":"post","link":"https:\/\/inces.gob.ve\/index.php\/2018\/11\/05\/juan-andres-gomez-sevilla-un-aprendiz-con-multiples-aptitudes-y-lleno-de-nobleza\/","title":{"rendered":"Juan Andr\u00e9s G\u00f3mez Sevilla: Un aprendiz con m\u00faltiples aptitudes y lleno de nobleza"},"content":{"rendered":"<p style=\"text-align: justify;\" align=\"justify\"><span style=\"font-family: Arial,sans-serif;\"><i><b>** La semblanza de un aprendiz<\/b><\/i><\/span><\/p>\n<p style=\"text-align: justify;\" align=\"justify\"><!--more--><\/p>\n<p style=\"text-align: justify;\" align=\"justify\"><span style=\"font-family: Arial,sans-serif;\"><b>PRENSA COJEDES| Nataly Reyes\/Sandra Loaiza <\/b><\/span><\/p>\n<p style=\"text-align: justify;\" align=\"justify\"><span style=\"font-family: Arial,sans-serif;\">Juan Andr\u00e9s G\u00f3mez Sevilla es un joven de 18 a\u00f1os de edad, nacido en la ciudad de San Carlos. Se ha destacado por participar y asumir distintas tareas. Su d\u00eda a d\u00eda, transcurre en el Asentamiento Campesino Campo Alegre, del municipio Ricaurte, en el estado Cojedes; all\u00ed, en un espacio de 40 horas semanales, realiza labores de selecci\u00f3n de semillas, preparaci\u00f3n de tierras, siembra y cosecha de los rubros ma\u00edz, quinchoncho, yuca y frijol. <\/span><\/p>\n<p style=\"text-align: justify;\" align=\"justify\"><span style=\"font-family: Arial,sans-serif;\">Ha tenido una importante misi\u00f3n con los ni\u00f1os, con quienes ha compartido la experiencia de participar en el grupo misionero \u201cMar\u00eda Estrella de la Ma\u00f1ana\u201d; tambi\u00e9n ha sido profesor en la vicaria de la Di\u00f3cesis de San Carlos.<\/span><\/p>\n<p style=\"text-align: justify;\" align=\"justify\"><img loading=\"lazy\" decoding=\"async\" class=\"alignnone wp-image-21828 size-full\" src=\"http:\/\/www.inces.gob.ve\/wp-content\/uploads\/2018\/11\/3-aprendiz-.jpg\" alt=\"\" width=\"800\" height=\"600\" srcset=\"https:\/\/inces.gob.ve\/wp-content\/uploads\/2018\/11\/3-aprendiz-.jpg 800w, https:\/\/inces.gob.ve\/wp-content\/uploads\/2018\/11\/3-aprendiz--300x225.jpg 300w, https:\/\/inces.gob.ve\/wp-content\/uploads\/2018\/11\/3-aprendiz--768x576.jpg 768w, https:\/\/inces.gob.ve\/wp-content\/uploads\/2018\/11\/3-aprendiz--136x102.jpg 136w\" sizes=\"auto, (max-width: 800px) 100vw, 800px\" \/><\/p>\n<p style=\"text-align: justify;\" align=\"justify\"><span style=\"font-family: Arial,sans-serif;\">Juan Andr\u00e9s, a los 14 a\u00f1os, ingres\u00f3 al seminario Mayor del Socorro, en el estado Carabobo. Le apasiona el ambiente natural, el cuido de la fauna y la flora. Dedica parte de su tiempo libre a tocar guitarra, cantar, dibujar y ense\u00f1ar a los ni\u00f1os. <\/span><\/p>\n<p style=\"text-align: justify;\" align=\"justify\"><span style=\"font-family: Arial,sans-serif;\">Durante sus estudios de bachillerato, fue electo vocero contralor de la Organizaci\u00f3n Bolivariana Estudiantil (OBE); recientemente particip\u00f3 en la realizaci\u00f3n de un mural en el Centro de Formaci\u00f3n Socialista \u201cArgmiro Gabald\u00f3n\u201d. <\/span><\/p>\n<p style=\"text-align: justify;\" align=\"justify\"><span style=\"font-family: Arial,sans-serif;\">Hoy, a Juan Andr\u00e9s le ha tocado asumir nuevos retos con la Gran Misi\u00f3n Plan Chamba Juvenil, en el cual participa como aprendiz Inces, en el curso Asistente Empresarial en Inform\u00e1tica; espera mantener la tarea familiar de productor agr\u00edcola, ya que ha sido el sustento familiar de un hermano mayor, sus padres y de su abuelo. <\/span><\/p>\n<p style=\"text-align: justify;\" align=\"justify\"><img loading=\"lazy\" decoding=\"async\" class=\"aligncenter wp-image-21829 size-full\" src=\"http:\/\/www.inces.gob.ve\/wp-content\/uploads\/2018\/11\/2-aprendiz-.jpg\" alt=\"\" width=\"800\" height=\"600\" srcset=\"https:\/\/inces.gob.ve\/wp-content\/uploads\/2018\/11\/2-aprendiz-.jpg 800w, https:\/\/inces.gob.ve\/wp-content\/uploads\/2018\/11\/2-aprendiz--300x225.jpg 300w, https:\/\/inces.gob.ve\/wp-content\/uploads\/2018\/11\/2-aprendiz--768x576.jpg 768w, https:\/\/inces.gob.ve\/wp-content\/uploads\/2018\/11\/2-aprendiz--136x102.jpg 136w\" sizes=\"auto, (max-width: 800px) 100vw, 800px\" \/><br \/>\n<span style=\"font-family: Arial,sans-serif;\">En estos momentos, el joven Juan Andr\u00e9s se encuentra realizando las pr\u00e1cticas profesionales en la empresa Hidrocentro, luego de haber culminado satisfactoriamente su fase de preparaci\u00f3n te\u00f3rica en el Centro de Formaci\u00f3n Socialista \u201cAgimiro Gabald\u00f3n\u201d. <\/span><\/p>\n","protected":false},"excerpt":{"rendered":"<p>** La semblanza de un aprendiz<\/p>\n","protected":false},"author":15,"featured_media":21830,"comment_status":"closed","ping_status":"closed","sticky":false,"template":"","format":"standard","meta":{"footnotes":""},"categories":[2],"tags":[],"class_list":["post-21827","post","type-post","status-publish","format-standard","has-post-thumbnail","hentry","category-blog"],"_links":{"self":[{"href":"https:\/\/inces.gob.ve\/index.php\/wp-json\/wp\/v2\/posts\/21827","targetHints":{"allow":["GET"]}}],"collection":[{"href":"https:\/\/inces.gob.ve\/index.php\/wp-json\/wp\/v2\/posts"}],"about":[{"href":"https:\/\/inces.gob.ve\/index.php\/wp-json\/wp\/v2\/types\/post"}],"author":[{"embeddable":true,"href":"https:\/\/inces.gob.ve\/index.php\/wp-json\/wp\/v2\/users\/15"}],"replies":[{"embeddable":true,"href":"https:\/\/inces.gob.ve\/index.php\/wp-json\/wp\/v2\/comments?post=21827"}],"version-history":[{"count":2,"href":"https:\/\/inces.gob.ve\/index.php\/wp-json\/wp\/v2\/posts\/21827\/revisions"}],"predecessor-version":[{"id":21832,"href":"https:\/\/inces.gob.ve\/index.php\/wp-json\/wp\/v2\/posts\/21827\/revisions\/21832"}],"wp:featuredmedia":[{"embeddable":true,"href":"https:\/\/inces.gob.ve\/index.php\/wp-json\/wp\/v2\/media\/21830"}],"wp:attachment":[{"href":"https:\/\/inces.gob.ve\/index.php\/wp-json\/wp\/v2\/media?parent=21827"}],"wp:term":[{"taxonomy":"category","embeddable":true,"href":"https:\/\/inces.gob.ve\/index.php\/wp-json\/wp\/v2\/categories?post=21827"},{"taxonomy":"post_tag","embeddable":true,"href":"https:\/\/inces.gob.ve\/index.php\/wp-json\/wp\/v2\/tags?post=21827"}],"curies":[{"name":"wp","href":"https:\/\/api.w.org\/{rel}","templated":true}]}}