{"id":21872,"date":"2018-11-05T10:38:26","date_gmt":"2018-11-05T16:38:26","guid":{"rendered":"http:\/\/www.inces.gob.ve\/?p=21872"},"modified":"2020-05-28T20:30:33","modified_gmt":"2020-05-29T00:30:33","slug":"curso-de-peluqueria-aplica-el-visagismo-como-tecnica-de-arte-y-aprendizaje","status":"publish","type":"post","link":"https:\/\/inces.gob.ve\/index.php\/2018\/11\/05\/curso-de-peluqueria-aplica-el-visagismo-como-tecnica-de-arte-y-aprendizaje\/","title":{"rendered":"Curso de peluquer\u00eda aplica el visagismo como t\u00e9cnica de arte y aprendizaje"},"content":{"rendered":"<p align=\"justify\"><span style=\"font-family: Arial,sans-serif;\"><i><b>** Los <\/b><\/i><\/span><strong><span style=\"font-family: Arial,sans-serif;\"><i><b>peluqueros<\/b><\/i><\/span><\/strong><span style=\"font-family: Arial,sans-serif;\"><i><b> y las peluquera tienen la destreza y habilidad para embellecer, resaltar y potenciar los rasgos est\u00e9ticos de las personas, pero esto solo se consigue a trav\u00e9s de un profundo an\u00e1lisis de todos los factores que influyen para alcanzar la armon\u00eda y el equilibrio <\/b><\/i><\/span><\/p>\n<p align=\"justify\"><!--more--><\/p>\n<p align=\"justify\"><span style=\"font-family: Arial,sans-serif;\"><b>NADIA LOBO| M\u00e9rida<\/b><\/span><\/p>\n<p align=\"justify\">\u201c<span style=\"font-family: Arial,sans-serif;\">Con la ayuda de la <\/span><em><span style=\"font-family: Arial,sans-serif;\">t\u00e9cnica del visagismo y del claro-oscuro<\/span><\/em><span style=\"font-family: Arial,sans-serif;\"> podemos maximizar la belleza de la cliente, logrando armon\u00eda y simetr\u00eda en su rostro. El visagismo tambi\u00e9n nos puede ayudar a crear diferentes tipos de cortes y a la hora de tinturar el cabello\u201d, as\u00ed lo dijo, la maestro t\u00e9cnico productiva (MPT) Iris Maldonado, quien actualmente tiene la responsabilidad del curso de peluquer\u00eda que se desarrolla en el centro de formaci\u00f3n socialista (CFS) Bicentenario de la ciudad de M\u00e9rida.<\/span><\/p>\n<p align=\"justify\"><span style=\"font-family: Arial,sans-serif;\">Destac\u00f3 la MTP que actualmente cuenta con 18 participantes de diferentes comunidades de la entidad meride\u00f1a, a quienes ha transmitido un poco m\u00e1s all\u00e1 de ense\u00f1ar los cortes b\u00e1sicos de cabello; pues su formaci\u00f3n y capacitaci\u00f3n est\u00e1 inspirada en el visagismo, como la t\u00e9cnica que permite distinguir entre un tipo de rostro u otro, ya que se realiza un <\/span><strong><span style=\"font-family: Arial,sans-serif;\">estudio detallado de las formas, vol\u00famenes y l\u00edneas faciales del rostro.<\/span><\/strong><\/p>\n<p><img loading=\"lazy\" decoding=\"async\" class=\"wp-image-21873 size-full\" src=\"http:\/\/www.inces.gob.ve\/wp-content\/uploads\/2018\/11\/4Curso-de-peluquer\u00eda.jpg\" alt=\"\" width=\"750\" height=\"563\" srcset=\"https:\/\/inces.gob.ve\/wp-content\/uploads\/2018\/11\/4Curso-de-peluquer\u00eda.jpg 750w, https:\/\/inces.gob.ve\/wp-content\/uploads\/2018\/11\/4Curso-de-peluquer\u00eda-300x225.jpg 300w, https:\/\/inces.gob.ve\/wp-content\/uploads\/2018\/11\/4Curso-de-peluquer\u00eda-136x102.jpg 136w\" sizes=\"auto, (max-width: 750px) 100vw, 750px\" \/><\/p>\n<p align=\"justify\"><span style=\"font-family: Arial,sans-serif;\">El curso contempla 266 horas de formaci\u00f3n tanto te\u00f3ricas como practicas, donde las alumnas deben cumplir con los m\u00f3dulos de formaci\u00f3n cortes, colorimetr\u00eda, visagismo, cortes con peine, con tijera y m\u00e1quina; as\u00ed mismo, debe estar presente el arte, la innovaci\u00f3n y la creatividad en cada uno de los trabajos que se realizan dentro de su capacitaci\u00f3n.<\/span><\/p>\n<p align=\"justify\"><span style=\"font-family: Arial,sans-serif;\">Tambi\u00e9n explic\u00f3 Maldonado que para la culminaci\u00f3n de curso, cada participante debe presentar un modelo de corte y peinado, aplicando las t\u00e9cnicas y estilos muy particulares, actividad que esperar contar con la presencia de trabajadores del Inces, familiares, amigos y la comunidad.<\/span><\/p>\n<p><img loading=\"lazy\" decoding=\"async\" class=\"wp-image-21874 size-full\" src=\"http:\/\/www.inces.gob.ve\/wp-content\/uploads\/2018\/11\/2Curso-de-peluquer\u00eda.jpg\" alt=\"\" width=\"750\" height=\"563\" srcset=\"https:\/\/inces.gob.ve\/wp-content\/uploads\/2018\/11\/2Curso-de-peluquer\u00eda.jpg 750w, https:\/\/inces.gob.ve\/wp-content\/uploads\/2018\/11\/2Curso-de-peluquer\u00eda-300x225.jpg 300w, https:\/\/inces.gob.ve\/wp-content\/uploads\/2018\/11\/2Curso-de-peluquer\u00eda-136x102.jpg 136w\" sizes=\"auto, (max-width: 750px) 100vw, 750px\" \/><\/p>\n<p align=\"justify\"><span style=\"font-family: Arial,sans-serif;\">Visagismo como t\u00e9cnica de ense\u00f1anza<\/span><\/p>\n<p align=\"justify\"><span style=\"font-family: Arial,sans-serif;\">Por otra parte, la MTP explic\u00f3 que el visagismo es una t\u00e9cnica de estudio est\u00e9tico basada en los par\u00e1metros de las bellas artes, donde se tiene en cuenta la morfolog\u00eda del cr\u00e1neo, las proporciones del rostro y otros detalles y elementos a considerar como volumen y altura del cuerpo o el tono de la piel, y que a su vez, \u201clos profesionales del sector de peluquer\u00eda y belleza, utilizamos para crear una propuesta acertada en cuanto al look que vamos a sugerir a un cliente\u201d.<\/span><\/p>\n<p align=\"justify\">\u201c<span style=\"font-family: Arial,sans-serif;\">Una vez que las alumnas realizan el diagn\u00f3stico y creada la propuesta, pondremos en marcha la creaci\u00f3n del look a trav\u00e9s del corte, el color y el peinado. Debemos realizar un estilo de corte acorde a los vol\u00famenes que favorecen al cliente en cada caso y utilizar los colores para potenciar la propuesta, teniendo en cuenta que los tonos oscuros o de reflejo fr\u00edo reducen visualmente el volumen creando sombreados y que las tonalidades claras o con reflejos c\u00e1lidos aumentan e iluminan los vol\u00famenes all\u00e1 donde los necesitemos\u201d, asegur\u00f3 Maldonado.<\/span><\/p>\n","protected":false},"excerpt":{"rendered":"<p>** Los peluqueros y las peluquera tienen la destreza y habilidad para embellecer, resaltar y potenciar los rasgos est\u00e9ticos de las personas, pero esto solo se consigue a trav\u00e9s de un profundo an\u00e1lisis de todos los factores que influyen para alcanzar la armon\u00eda y el equilibrio<\/p>\n","protected":false},"author":15,"featured_media":21876,"comment_status":"closed","ping_status":"closed","sticky":false,"template":"","format":"standard","meta":{"footnotes":""},"categories":[2],"tags":[],"class_list":["post-21872","post","type-post","status-publish","format-standard","has-post-thumbnail","hentry","category-blog"],"_links":{"self":[{"href":"https:\/\/inces.gob.ve\/index.php\/wp-json\/wp\/v2\/posts\/21872","targetHints":{"allow":["GET"]}}],"collection":[{"href":"https:\/\/inces.gob.ve\/index.php\/wp-json\/wp\/v2\/posts"}],"about":[{"href":"https:\/\/inces.gob.ve\/index.php\/wp-json\/wp\/v2\/types\/post"}],"author":[{"embeddable":true,"href":"https:\/\/inces.gob.ve\/index.php\/wp-json\/wp\/v2\/users\/15"}],"replies":[{"embeddable":true,"href":"https:\/\/inces.gob.ve\/index.php\/wp-json\/wp\/v2\/comments?post=21872"}],"version-history":[{"count":3,"href":"https:\/\/inces.gob.ve\/index.php\/wp-json\/wp\/v2\/posts\/21872\/revisions"}],"predecessor-version":[{"id":21879,"href":"https:\/\/inces.gob.ve\/index.php\/wp-json\/wp\/v2\/posts\/21872\/revisions\/21879"}],"wp:featuredmedia":[{"embeddable":true,"href":"https:\/\/inces.gob.ve\/index.php\/wp-json\/wp\/v2\/media\/21876"}],"wp:attachment":[{"href":"https:\/\/inces.gob.ve\/index.php\/wp-json\/wp\/v2\/media?parent=21872"}],"wp:term":[{"taxonomy":"category","embeddable":true,"href":"https:\/\/inces.gob.ve\/index.php\/wp-json\/wp\/v2\/categories?post=21872"},{"taxonomy":"post_tag","embeddable":true,"href":"https:\/\/inces.gob.ve\/index.php\/wp-json\/wp\/v2\/tags?post=21872"}],"curies":[{"name":"wp","href":"https:\/\/api.w.org\/{rel}","templated":true}]}}