{"id":21907,"date":"2018-11-05T13:32:13","date_gmt":"2018-11-05T19:32:13","guid":{"rendered":"http:\/\/www.inces.gob.ve\/?p=21907"},"modified":"2020-05-28T20:30:33","modified_gmt":"2020-05-29T00:30:33","slug":"cine-foro-sobre-la-vida-y-obra-de-simon-rodriguez","status":"publish","type":"post","link":"https:\/\/inces.gob.ve\/index.php\/2018\/11\/05\/cine-foro-sobre-la-vida-y-obra-de-simon-rodriguez\/","title":{"rendered":"Cine foro sobre la vida y obra de Sim\u00f3n Rodr\u00edguez"},"content":{"rendered":"<p style=\"text-align: justify;\" align=\"justify\"><span style=\"font-family: Arial,sans-serif;\"><i><b>** La jornada formativa se realiz\u00f3 en el Inces Lara a prop\u00f3sito de la conmemoraci\u00f3n, el 28 de octubre, de los 247 a\u00f1os del natalicio del pr\u00f3cer venezolano<\/b><\/i><\/span><\/p>\n<p style=\"text-align: justify;\" align=\"justify\"><!--more--><\/p>\n<p style=\"text-align: justify;\" align=\"justify\"><span style=\"font-family: Arial,sans-serif;\"><b>GAUDY L\u00d3PEZ | Lara <\/b><\/span><\/p>\n<p style=\"text-align: justify;\" align=\"justify\"><span style=\"font-family: Arial,sans-serif;\">Un cine foro sobre la vida y obra de Sim\u00f3n Rodr\u00edguez, propulsor de la educaci\u00f3n p\u00fablica y del aprender haciendo en Venezuela, fue proyectado por el Equipo de Sistematizaci\u00f3n del Centro de Experimentaci\u00f3n para el Aprendizaje Permanente (Cepap), perteneciente al ensayo socioproductivo del Inces, en convenio con la Universidad Nacional Experimental Sim\u00f3n Rodr\u00edguez (Uners), en las instalaciones del Inces Lara, en el marco del 247 aniversario del natalicio del pr\u00f3cer venezolano. <\/span><\/p>\n<p style=\"text-align: justify;\" align=\"justify\"><span style=\"font-family: Arial,sans-serif;\">Pensamiento, palabra y legado vigente<\/span><\/p>\n<p style=\"text-align: justify;\" align=\"justify\"><span style=\"font-family: Arial,sans-serif;\">La jornada formativa, que persigue crear las potencialidades colectivas para la producci\u00f3n y construcci\u00f3n del conocimiento, estuvo dirigida a maestros y promotores t\u00e9cnicos productivos y a trabajadores del Inces, quienes conocieron, a trav\u00e9s de la pel\u00edcula, la biograf\u00eda, filosof\u00eda de vida y las propuestas de uno de los intelectuales americanos m\u00e1s importantes de su tiempo, destacado por su profundo conocimiento de la sociedad hispanoamericana.<\/span><\/p>\n<p style=\"text-align: justify;\" align=\"justify\"><img loading=\"lazy\" decoding=\"async\" class=\"aligncenter wp-image-21908 size-full\" src=\"http:\/\/www.inces.gob.ve\/wp-content\/uploads\/2018\/11\/3vida-y-obra-de-Sim\u00f3n-Rodr\u00edguez-.jpg\" alt=\"\" width=\"800\" height=\"451\" srcset=\"https:\/\/inces.gob.ve\/wp-content\/uploads\/2018\/11\/3vida-y-obra-de-Sim\u00f3n-Rodr\u00edguez-.jpg 800w, https:\/\/inces.gob.ve\/wp-content\/uploads\/2018\/11\/3vida-y-obra-de-Sim\u00f3n-Rodr\u00edguez--300x169.jpg 300w, https:\/\/inces.gob.ve\/wp-content\/uploads\/2018\/11\/3vida-y-obra-de-Sim\u00f3n-Rodr\u00edguez--768x433.jpg 768w\" sizes=\"auto, (max-width: 800px) 100vw, 800px\" \/><br \/>\n<span style=\"font-family: Arial,sans-serif;\">Yngri RioBueno, facilitadora del Equipo de Sistematizaci\u00f3n del Cepap, en el estado Lara, grupo adscrito al vicerrectorado de la Uners, inici\u00f3 recordando que el insigne maestro del Libertador dio a la escuela su justo valor y sugiri\u00f3 que estas no pod\u00edan ser solo para ni\u00f1os, sino tambi\u00e9n para las ni\u00f1as, que ambos deb\u00edan convivir juntos para aprender el uno del otro.<\/span><\/p>\n<p style=\"text-align: justify;\" align=\"justify\"><span style=\"font-family: Arial,sans-serif;\">Un reencuentro con la historia y sus pr\u00f3ceres <\/span><\/p>\n<p style=\"text-align: justify;\" align=\"justify\"><span style=\"font-family: Arial,sans-serif;\">Para enaltecer los valores nacionalista, los asistentes al cine foro entonaron el himno de la Rep\u00fablica Bolivariana de Venezuela y apreciaron, a trav\u00e9s de un video, el himno oficial de la Uners, con quienes se impulsa, desde 2016, un convenio con el Inces para la formaci\u00f3n conducente a la licenciatura en educaci\u00f3n con el m\u00e9todo Cepap. <\/span><\/p>\n<p style=\"text-align: justify;\" align=\"justify\"><span style=\"font-family: Arial,sans-serif;\">Con expectativas de reforzar los conocimientos sobre la historia, an\u00e9cdotas y pensamiento de uno de los m\u00e1s importantes pedagogos de Venezuela y Am\u00e9rica, asistieron a la actividad cerca de 40 maestros y trabajadores, atendiendo la invitaci\u00f3n del Equipo de Sistematizaci\u00f3n del Centro de Experimentaci\u00f3n para el Aprendizaje Permanente Cepap Inces Lara, integrado por 12 facilitadores, entre ellos, \u00c1lvaro Montero, Belkis Garc\u00eda, Rosario Gordillo y Joel Bracho.<\/span><\/p>\n<p style=\"text-align: justify;\" align=\"justify\"><span style=\"font-family: Arial,sans-serif;\">Con estas actividades se reivindica el pensamiento del \u201cSocrates de Am\u00e9rica, maestro y mentor del Libertador Sim\u00f3n Rodr\u00edguez, quien dej\u00f3 claro que la luz de la ense\u00f1anza debe seguir transcendiendo en los los tiempos hist\u00f3ricos. <\/span><\/p>\n","protected":false},"excerpt":{"rendered":"<p>** La jornada formativa se realiz\u00f3 en el Inces Lara a prop\u00f3sito de la conmemoraci\u00f3n, el 28 de octubre, de los 247 a\u00f1os del natalicio del pr\u00f3cer venezolano<\/p>\n","protected":false},"author":15,"featured_media":21909,"comment_status":"closed","ping_status":"closed","sticky":false,"template":"","format":"standard","meta":{"footnotes":""},"categories":[2],"tags":[],"class_list":["post-21907","post","type-post","status-publish","format-standard","has-post-thumbnail","hentry","category-blog"],"_links":{"self":[{"href":"https:\/\/inces.gob.ve\/index.php\/wp-json\/wp\/v2\/posts\/21907","targetHints":{"allow":["GET"]}}],"collection":[{"href":"https:\/\/inces.gob.ve\/index.php\/wp-json\/wp\/v2\/posts"}],"about":[{"href":"https:\/\/inces.gob.ve\/index.php\/wp-json\/wp\/v2\/types\/post"}],"author":[{"embeddable":true,"href":"https:\/\/inces.gob.ve\/index.php\/wp-json\/wp\/v2\/users\/15"}],"replies":[{"embeddable":true,"href":"https:\/\/inces.gob.ve\/index.php\/wp-json\/wp\/v2\/comments?post=21907"}],"version-history":[{"count":2,"href":"https:\/\/inces.gob.ve\/index.php\/wp-json\/wp\/v2\/posts\/21907\/revisions"}],"predecessor-version":[{"id":21911,"href":"https:\/\/inces.gob.ve\/index.php\/wp-json\/wp\/v2\/posts\/21907\/revisions\/21911"}],"wp:featuredmedia":[{"embeddable":true,"href":"https:\/\/inces.gob.ve\/index.php\/wp-json\/wp\/v2\/media\/21909"}],"wp:attachment":[{"href":"https:\/\/inces.gob.ve\/index.php\/wp-json\/wp\/v2\/media?parent=21907"}],"wp:term":[{"taxonomy":"category","embeddable":true,"href":"https:\/\/inces.gob.ve\/index.php\/wp-json\/wp\/v2\/categories?post=21907"},{"taxonomy":"post_tag","embeddable":true,"href":"https:\/\/inces.gob.ve\/index.php\/wp-json\/wp\/v2\/tags?post=21907"}],"curies":[{"name":"wp","href":"https:\/\/api.w.org\/{rel}","templated":true}]}}