{"id":21931,"date":"2018-11-05T14:18:05","date_gmt":"2018-11-05T20:18:05","guid":{"rendered":"http:\/\/www.inces.gob.ve\/?p=21931"},"modified":"2020-05-28T20:30:33","modified_gmt":"2020-05-29T00:30:33","slug":"inces-y-minmujer-certifican-los-saberes-empiricos-de-mujeres-productivas","status":"publish","type":"post","link":"https:\/\/inces.gob.ve\/index.php\/2018\/11\/05\/inces-y-minmujer-certifican-los-saberes-empiricos-de-mujeres-productivas\/","title":{"rendered":"Inces y Minmujer certifican los saberes emp\u00edricos de mujeres productivas"},"content":{"rendered":"<p align=\"justify\"><span style=\"font-family: Arial,sans-serif;\"><i><b>** Se busca certificar los saberes de las mujeres productivas en \u00e1reas como: textil, reposter\u00eda, panader\u00eda, productos de aseo personal, entre otras<\/b><\/i><\/span><\/p>\n<p align=\"justify\"><!--more-->\n<\/p>\n<p align=\"justify\"><span style=\"font-family: Arial,sans-serif;\"><b>SANDRA AGUILAR | Carabobo<\/b><\/span><\/p>\n<p align=\"justify\">\n<p align=\"justify\"><span style=\"font-family: Arial,sans-serif;\">El Inces Carabobo, en conjunto con el Ministerio del Poder Popular para la Mujer e Igualdad de G\u00e9nero (MinMujer), estableci\u00f3 un cronograma para la certificaci\u00f3n de saberes emp\u00edricos y la formaci\u00f3n de formadores correspondiente al a\u00f1o 2018.<\/span><\/p>\n<p align=\"justify\">\n<p align=\"justify\"><span style=\"font-family: Arial,sans-serif;\">En una asamblea con la coordinadora de Minmujer, Thais Henriquez; el enlace estadal del Inces, Edith Correa, y la jefa del Centro Nacional de Soldadura, Mar\u00eda Auxiliadora Pinto, se dio a conocer que certificar\u00e1n mensualmente a 130 mujeres en saberes emp\u00edricos por eficiencia y conocimiento en las parroquias Miguel Pe\u00f1a, Rafael Urdaneta, Santa Rosa, San Blas y La Candelaria.<\/span><\/p>\n<p align=\"justify\">\n<p align=\"justify\"><span style=\"font-family: Arial,sans-serif;\">Edith Correa manifest\u00f3: \u201ccontinuaremos con la Formaci\u00f3n de Formadores, la cual busca capacitar, acreditar y otorgar cr\u00e9ditos financieros a mujeres que vienen desempe\u00f1ando un oficio y son socioproductivas en las \u00e1reas de reposter\u00eda, panader\u00eda, textil, productos de aseo personal y dulcer\u00eda criolla. El objetivo de esta labor es llevar la alegr\u00eda a esas mujeres emprendedoras que suman a la producci\u00f3n de este pa\u00eds, innovando con la creatividad y destrezas de producci\u00f3n\u201d.<\/span><\/p>\n<p align=\"justify\">\n<p align=\"justify\"><span style=\"font-family: Arial,sans-serif;\">Correa indic\u00f3 que producir es una de las mejores formas para atacar la guerra econ\u00f3mica que estamos pasando en estos momentos. \u201cLas mujeres que se integran a esta proceso de formaci\u00f3n y acreditaci\u00f3n de saberes apuestan por impulsar la producci\u00f3n nacional, trabajando en los motores productivos establecidos en la Agenda Bolivariana Econ\u00f3mica.<\/span><\/p>\n<p align=\"justify\">\n<img loading=\"lazy\" decoding=\"async\" class=\"aligncenter wp-image-21932 size-full\" src=\"http:\/\/www.inces.gob.ve\/wp-content\/uploads\/2018\/11\/2-Minmujer-certifican-l.png\" alt=\"\" width=\"800\" height=\"480\" srcset=\"https:\/\/inces.gob.ve\/wp-content\/uploads\/2018\/11\/2-Minmujer-certifican-l.png 800w, https:\/\/inces.gob.ve\/wp-content\/uploads\/2018\/11\/2-Minmujer-certifican-l-300x180.png 300w, https:\/\/inces.gob.ve\/wp-content\/uploads\/2018\/11\/2-Minmujer-certifican-l-768x461.png 768w\" sizes=\"auto, (max-width: 800px) 100vw, 800px\" \/><\/p>\n<p align=\"justify\"><span style=\"font-family: Arial,sans-serif;\">Por su parte, Henriquez declar\u00f3 que uno de los objetivos de este proyecto es apoyar a promover la reivindicaci\u00f3n de esas mujeres luchadoras de la regi\u00f3n y as\u00ed poner en marcha el eslogan del Inces, \u201cFormar Produciendo, Producir Formando\u201d. Con este convenio entre Minmujer y el Inces se busca la integraci\u00f3n y cooperaci\u00f3n para el desarrollo de programas de formaci\u00f3n, capacitaci\u00f3n y certificaci\u00f3n de saberes.<\/span><\/p>\n<p align=\"justify\"><span style=\"font-family: Arial,sans-serif;\">LT.<\/span><\/p>\n<p align=\"justify\">\n","protected":false},"excerpt":{"rendered":"<p>** Se busca certificar los saberes de las mujeres productivas en \u00e1reas como: textil, reposter\u00eda, panader\u00eda, productos de aseo personal, entre otras<\/p>\n","protected":false},"author":15,"featured_media":21933,"comment_status":"closed","ping_status":"closed","sticky":false,"template":"","format":"standard","meta":{"footnotes":""},"categories":[2],"tags":[],"class_list":["post-21931","post","type-post","status-publish","format-standard","has-post-thumbnail","hentry","category-blog"],"_links":{"self":[{"href":"https:\/\/inces.gob.ve\/index.php\/wp-json\/wp\/v2\/posts\/21931","targetHints":{"allow":["GET"]}}],"collection":[{"href":"https:\/\/inces.gob.ve\/index.php\/wp-json\/wp\/v2\/posts"}],"about":[{"href":"https:\/\/inces.gob.ve\/index.php\/wp-json\/wp\/v2\/types\/post"}],"author":[{"embeddable":true,"href":"https:\/\/inces.gob.ve\/index.php\/wp-json\/wp\/v2\/users\/15"}],"replies":[{"embeddable":true,"href":"https:\/\/inces.gob.ve\/index.php\/wp-json\/wp\/v2\/comments?post=21931"}],"version-history":[{"count":1,"href":"https:\/\/inces.gob.ve\/index.php\/wp-json\/wp\/v2\/posts\/21931\/revisions"}],"predecessor-version":[{"id":21934,"href":"https:\/\/inces.gob.ve\/index.php\/wp-json\/wp\/v2\/posts\/21931\/revisions\/21934"}],"wp:featuredmedia":[{"embeddable":true,"href":"https:\/\/inces.gob.ve\/index.php\/wp-json\/wp\/v2\/media\/21933"}],"wp:attachment":[{"href":"https:\/\/inces.gob.ve\/index.php\/wp-json\/wp\/v2\/media?parent=21931"}],"wp:term":[{"taxonomy":"category","embeddable":true,"href":"https:\/\/inces.gob.ve\/index.php\/wp-json\/wp\/v2\/categories?post=21931"},{"taxonomy":"post_tag","embeddable":true,"href":"https:\/\/inces.gob.ve\/index.php\/wp-json\/wp\/v2\/tags?post=21931"}],"curies":[{"name":"wp","href":"https:\/\/api.w.org\/{rel}","templated":true}]}}