{"id":21940,"date":"2018-11-06T10:19:59","date_gmt":"2018-11-06T16:19:59","guid":{"rendered":"http:\/\/www.inces.gob.ve\/?p=21940"},"modified":"2020-05-28T20:33:25","modified_gmt":"2020-05-29T00:33:25","slug":"somos-inces-tv-formo-parte-de-la-programacion-de-los-varguenses","status":"publish","type":"post","link":"https:\/\/inces.gob.ve\/index.php\/2018\/11\/06\/somos-inces-tv-formo-parte-de-la-programacion-de-los-varguenses\/","title":{"rendered":"\u201cSomos Inces Tv\u201d form\u00f3 parte de la programaci\u00f3n de los varguenses"},"content":{"rendered":"<p style=\"text-align: justify;\" align=\"justify\"><span style=\"font-family: Arial,sans-serif;\"><b>** <i>Tras una intensa promoci\u00f3n realizada a trav\u00e9s de las redes sociales, se despert\u00f3 el inter\u00e9s por conocer las historias que ofrece Somos Inces Tv <\/i><\/b><\/span><\/p>\n<p style=\"text-align: justify;\" align=\"justify\"><!--more--><\/p>\n<p style=\"text-align: justify;\" align=\"justify\"><span style=\"font-family: Arial,sans-serif;\"><b>ZUVALQUI DUARTE | Vargas<\/b><\/span><\/p>\n<p style=\"text-align: justify;\" align=\"justify\"><span style=\"font-family: Arial,sans-serif;\">Este s\u00e1bado 3 de noviembre se transmiti\u00f3 el primer programa \u201cSomos Inces Tv\u201d por PdvsaTv (Directv 129; Cantv 303; TDA 25.04), conducido por el presidente del Inces Wuikelman Angel Paredes.<\/span><\/p>\n<p style=\"text-align: justify;\" align=\"justify\"><span style=\"font-family: Arial,sans-serif;\">La finalidad de este programa, que suma nuevos retos al \u00e1rea comunicacional, es difundir la <span lang=\"es-ES\"> labor del instituto y divulgar el trabajo que desde las regiones se realiza de la mano con las comunidades y que contribuye con el sistema productivo.<\/span><\/span><\/p>\n<p style=\"text-align: justify;\" align=\"justify\"><span style=\"font-family: Arial,sans-serif;\"><span lang=\"es-ES\"><img loading=\"lazy\" decoding=\"async\" class=\"aligncenter wp-image-21942 size-full\" src=\"http:\/\/www.inces.gob.ve\/wp-content\/uploads\/2018\/11\/2Somos-Inces-Tv.jpg\" alt=\"\" width=\"800\" height=\"499\" srcset=\"https:\/\/inces.gob.ve\/wp-content\/uploads\/2018\/11\/2Somos-Inces-Tv.jpg 800w, https:\/\/inces.gob.ve\/wp-content\/uploads\/2018\/11\/2Somos-Inces-Tv-300x187.jpg 300w, https:\/\/inces.gob.ve\/wp-content\/uploads\/2018\/11\/2Somos-Inces-Tv-768x479.jpg 768w\" sizes=\"auto, (max-width: 800px) 100vw, 800px\" \/><\/span><\/span><\/p>\n<p style=\"text-align: justify;\" align=\"justify\"><span style=\"font-family: Arial,sans-serif;\"><span lang=\"es-ES\">Hern\u00e1n Garboza, gerente regional del Inces guaire\u00f1o, particip\u00f3 en el preestreno del programa y coment\u00f3 lo importante de la captaci\u00f3n del joven y del adulto a trav\u00e9s de la pantalla, con un <\/span><\/span><span style=\"font-family: Arial,sans-serif;\">formato fresco y dispuesto a transmitir lo positivo del venezolano y su inter\u00e9s por la formaci\u00f3n productiva, consider\u00e1ndolo un espacio de m\u00faltiples saberes.<\/span><\/p>\n<p style=\"text-align: justify;\" align=\"justify\"><img loading=\"lazy\" decoding=\"async\" class=\"aligncenter wp-image-21943 size-full\" src=\"http:\/\/www.inces.gob.ve\/wp-content\/uploads\/2018\/11\/1Somos-Inces-Tv.jpg\" alt=\"\" width=\"800\" height=\"601\" srcset=\"https:\/\/inces.gob.ve\/wp-content\/uploads\/2018\/11\/1Somos-Inces-Tv.jpg 800w, https:\/\/inces.gob.ve\/wp-content\/uploads\/2018\/11\/1Somos-Inces-Tv-300x225.jpg 300w, https:\/\/inces.gob.ve\/wp-content\/uploads\/2018\/11\/1Somos-Inces-Tv-768x577.jpg 768w, https:\/\/inces.gob.ve\/wp-content\/uploads\/2018\/11\/1Somos-Inces-Tv-136x102.jpg 136w\" sizes=\"auto, (max-width: 800px) 100vw, 800px\" \/><\/p>\n<p style=\"text-align: justify;\" align=\"justify\"><span style=\"font-family: Arial,sans-serif;\">Es importante destacar que este seriado sabatino seguir\u00e1 llegando a los hogares venezolanos por los canales mencionados de 9:00 a 10:00 a.m. y ser\u00e1 retransmitido los d\u00edas mi\u00e9rcoles, a <\/span><span style=\"font-family: Arial,sans-serif;\">las 3:00 p.m. por Colombeia Tv.<\/span><\/p>\n","protected":false},"excerpt":{"rendered":"<p>** Tras una intensa promoci\u00f3n realizada a trav\u00e9s de las redes sociales, se despert\u00f3 el inter\u00e9s por conocer las historias que ofrece Somos Inces Tv<\/p>\n","protected":false},"author":15,"featured_media":21941,"comment_status":"closed","ping_status":"closed","sticky":false,"template":"","format":"standard","meta":{"footnotes":""},"categories":[2],"tags":[],"class_list":["post-21940","post","type-post","status-publish","format-standard","has-post-thumbnail","hentry","category-blog"],"_links":{"self":[{"href":"https:\/\/inces.gob.ve\/index.php\/wp-json\/wp\/v2\/posts\/21940","targetHints":{"allow":["GET"]}}],"collection":[{"href":"https:\/\/inces.gob.ve\/index.php\/wp-json\/wp\/v2\/posts"}],"about":[{"href":"https:\/\/inces.gob.ve\/index.php\/wp-json\/wp\/v2\/types\/post"}],"author":[{"embeddable":true,"href":"https:\/\/inces.gob.ve\/index.php\/wp-json\/wp\/v2\/users\/15"}],"replies":[{"embeddable":true,"href":"https:\/\/inces.gob.ve\/index.php\/wp-json\/wp\/v2\/comments?post=21940"}],"version-history":[{"count":3,"href":"https:\/\/inces.gob.ve\/index.php\/wp-json\/wp\/v2\/posts\/21940\/revisions"}],"predecessor-version":[{"id":21946,"href":"https:\/\/inces.gob.ve\/index.php\/wp-json\/wp\/v2\/posts\/21940\/revisions\/21946"}],"wp:featuredmedia":[{"embeddable":true,"href":"https:\/\/inces.gob.ve\/index.php\/wp-json\/wp\/v2\/media\/21941"}],"wp:attachment":[{"href":"https:\/\/inces.gob.ve\/index.php\/wp-json\/wp\/v2\/media?parent=21940"}],"wp:term":[{"taxonomy":"category","embeddable":true,"href":"https:\/\/inces.gob.ve\/index.php\/wp-json\/wp\/v2\/categories?post=21940"},{"taxonomy":"post_tag","embeddable":true,"href":"https:\/\/inces.gob.ve\/index.php\/wp-json\/wp\/v2\/tags?post=21940"}],"curies":[{"name":"wp","href":"https:\/\/api.w.org\/{rel}","templated":true}]}}