{"id":21963,"date":"2018-11-06T12:40:59","date_gmt":"2018-11-06T18:40:59","guid":{"rendered":"http:\/\/www.inces.gob.ve\/?p=21963"},"modified":"2020-05-28T20:30:33","modified_gmt":"2020-05-29T00:30:33","slug":"estudiantes-de-la-escuela-tecnica-robinsoniana-carlos-fiol-elaboran-sus-arquerias-de-futbol","status":"publish","type":"post","link":"https:\/\/inces.gob.ve\/index.php\/2018\/11\/06\/estudiantes-de-la-escuela-tecnica-robinsoniana-carlos-fiol-elaboran-sus-arquerias-de-futbol\/","title":{"rendered":"Estudiantes de la Escuela T\u00e9cnica Robinsoniana Carlos Fiol elaboran sus arquer\u00edas de f\u00fatbol"},"content":{"rendered":"<p style=\"text-align: justify;\" align=\"justify\"><span style=\"font-family: arial,serif;\"><i><b>** Organizados como \u201cBrigada de Mantenimiento Integral\u201c de la instituci\u00f3n reciben formaci\u00f3n en seguridad industrial, soldadura, herrer\u00eda y carpinter\u00eda<\/b><\/i><\/span><\/p>\n<p style=\"text-align: justify;\" align=\"justify\">\n<!--more--><\/p>\n<p style=\"text-align: justify;\" align=\"justify\"><span style=\"font-family: arial,serif;\"><b>ZUVALQUI DUARTE | Vargas<\/b><\/span><\/p>\n<p style=\"text-align: justify;\" align=\"justify\">\n<p style=\"text-align: justify;\" align=\"justify\"><span style=\"font-family: arial,serif;\">Un total de 20 participantes forman parte de diversos talleres desarrollados por maestros t\u00e9cnicos productivos en la ETIR Carlos Fiol y que en el marco de la conformaci\u00f3n de las Brigadas de Mantenimiento Integral han iniciado la reparaci\u00f3n de mesas-sillas, bancos y elaboraci\u00f3n de las arquer\u00edas para las pr\u00e1cticas de futbol que se realizan en la instituci\u00f3n.<\/span><\/p>\n<p style=\"text-align: justify;\" align=\"justify\">\n<p style=\"text-align: justify;\" align=\"justify\"><span style=\"font-family: arial,serif;\">Exist\u00edan carencias en la parte deportiva, pese a que dichos estudiantes clasificaron como sub-campeones nacionales en femenino y masculino; sin embargo no dispon\u00edan para su preparaci\u00f3nde arquer\u00edas adecuadas y esto imped\u00eda las pr\u00e1cticas para los pr\u00f3ximos juegos, por lo que de manera inmediata abordaron junto con los maestros t\u00e9cnicos V\u00edctor Herrera y Orlando Borges la elaboraci\u00f3n de dos arquer\u00edas para sustituir las que se encontraban en precarias condiciones.<\/span><\/p>\n<p style=\"text-align: justify;\" align=\"justify\"><img loading=\"lazy\" decoding=\"async\" class=\"aligncenter wp-image-21968 size-full\" src=\"http:\/\/www.inces.gob.ve\/wp-content\/uploads\/2018\/11\/1elaboran-sus-arquer\u00edas-.jpg\" alt=\"\" width=\"800\" height=\"600\" srcset=\"https:\/\/inces.gob.ve\/wp-content\/uploads\/2018\/11\/1elaboran-sus-arquer\u00edas-.jpg 800w, https:\/\/inces.gob.ve\/wp-content\/uploads\/2018\/11\/1elaboran-sus-arquer\u00edas--300x225.jpg 300w, https:\/\/inces.gob.ve\/wp-content\/uploads\/2018\/11\/1elaboran-sus-arquer\u00edas--768x576.jpg 768w, https:\/\/inces.gob.ve\/wp-content\/uploads\/2018\/11\/1elaboran-sus-arquer\u00edas--136x102.jpg 136w\" sizes=\"auto, (max-width: 800px) 100vw, 800px\" \/><br \/>\n<span style=\"font-family: arial,serif;\">Jos\u00e9 Rivas, director de la instituci\u00f3n educativa, asumi\u00f3 este proyecto presentado por los muchachos, organizando en una primera parte la recolecci\u00f3n de material de desecho en buen estado; en segundo lugar, conform\u00f3 la brigada en su totalidad integrada por estudiantes y dispuso del espacio necesario para recibir la formaci\u00f3n. Igualmente resalt\u00f3 la capacidad de uni\u00f3n para la resoluci\u00f3n de problemas en la misma comunidad escolar, contando con la exclusiva dedicaci\u00f3n del maestro pueblo productivo V\u00edctor Herrera.<\/span><\/p>\n<p style=\"text-align: justify;\" align=\"justify\"><img loading=\"lazy\" decoding=\"async\" class=\"aligncenter wp-image-21967 size-full\" src=\"http:\/\/www.inces.gob.ve\/wp-content\/uploads\/2018\/11\/2elaboran-sus-arquer\u00edas-.jpg\" alt=\"\" width=\"800\" height=\"497\" srcset=\"https:\/\/inces.gob.ve\/wp-content\/uploads\/2018\/11\/2elaboran-sus-arquer\u00edas-.jpg 800w, https:\/\/inces.gob.ve\/wp-content\/uploads\/2018\/11\/2elaboran-sus-arquer\u00edas--300x186.jpg 300w, https:\/\/inces.gob.ve\/wp-content\/uploads\/2018\/11\/2elaboran-sus-arquer\u00edas--768x477.jpg 768w\" sizes=\"auto, (max-width: 800px) 100vw, 800px\" \/><\/p>\n<p style=\"text-align: justify;\" align=\"justify\"><span style=\"font-family: arial,serif;\">Hern\u00e1n Garboza, gerente regional del Inces Vargas, acudi\u00f3 al llamado que realiz\u00f3 el ministro Arist\u00f3bulo Ist\u00fariz y del presidente del Inces Wuikelman Angel para participar en la formaci\u00f3n en oficios tales como: herrer\u00eda, carpinter\u00eda, soldadura, electricidad y refrigeraci\u00f3n. <\/span><\/p>\n<p style=\"text-align: justify;\" align=\"justify\"><img loading=\"lazy\" decoding=\"async\" class=\"aligncenter wp-image-21966 size-full\" src=\"http:\/\/www.inces.gob.ve\/wp-content\/uploads\/2018\/11\/3elaboran-sus-arquer\u00edas-.jpg\" alt=\"\" width=\"800\" height=\"561\" srcset=\"https:\/\/inces.gob.ve\/wp-content\/uploads\/2018\/11\/3elaboran-sus-arquer\u00edas-.jpg 800w, https:\/\/inces.gob.ve\/wp-content\/uploads\/2018\/11\/3elaboran-sus-arquer\u00edas--300x210.jpg 300w, https:\/\/inces.gob.ve\/wp-content\/uploads\/2018\/11\/3elaboran-sus-arquer\u00edas--768x539.jpg 768w\" sizes=\"auto, (max-width: 800px) 100vw, 800px\" \/><br \/>\n<span style=\"font-family: arial,serif;\">En la actualidad se han visitado las escuelas y liceos para participar en la organizaci\u00f3n y formaci\u00f3n de las brigadas que responder\u00e1n a temas puntuales. Adem\u00e1s, Garboza explic\u00f3 que no solo esta instituci\u00f3n se avoc\u00f3 a resolver el conflicto que ten\u00edan, sino que adem\u00e1s han reparado mesas \u2013sillas y bancos del \u00e1rea del comedor de las otras tres instituciones conformadas por un Maternal, Centro de Educaci\u00f3n Inicial y la Unidad Educativa que se encuentran dentro de esta comunidad escolar.<\/span><\/p>\n<p style=\"text-align: justify;\" align=\"justify\"><span style=\"font-family: arial,serif;\"><img loading=\"lazy\" decoding=\"async\" class=\"aligncenter wp-image-21965 size-full\" src=\"http:\/\/www.inces.gob.ve\/wp-content\/uploads\/2018\/11\/4elaboran-sus-arquer\u00edas-.jpg\" alt=\"\" width=\"800\" height=\"600\" srcset=\"https:\/\/inces.gob.ve\/wp-content\/uploads\/2018\/11\/4elaboran-sus-arquer\u00edas-.jpg 800w, https:\/\/inces.gob.ve\/wp-content\/uploads\/2018\/11\/4elaboran-sus-arquer\u00edas--300x225.jpg 300w, https:\/\/inces.gob.ve\/wp-content\/uploads\/2018\/11\/4elaboran-sus-arquer\u00edas--768x576.jpg 768w, https:\/\/inces.gob.ve\/wp-content\/uploads\/2018\/11\/4elaboran-sus-arquer\u00edas--136x102.jpg 136w\" sizes=\"auto, (max-width: 800px) 100vw, 800px\" \/><\/span><\/p>\n<p style=\"text-align: justify;\" align=\"justify\"><span style=\"font-family: arial,serif;\">En alianza con esta instituci\u00f3n se han dado respuestas a otras escuelas del sector logrando reparar la bomba de agua que surte a la UENB Sergio Recagno que se encontraba paralizada ocasionando serios conflictos para su funcionamiento.<\/span><\/p>\n<p style=\"text-align: justify;\" align=\"justify\"><span style=\"font-family: Arial,sans-serif;\">LT<\/span><\/p>\n","protected":false},"excerpt":{"rendered":"<p>** Organizados como \u201cBrigada de Mantenimiento Integral\u201c de la instituci\u00f3n reciben formaci\u00f3n en seguridad industrial, soldadura, herrer\u00eda y carpinter\u00eda<\/p>\n","protected":false},"author":15,"featured_media":21964,"comment_status":"closed","ping_status":"closed","sticky":false,"template":"","format":"standard","meta":{"footnotes":""},"categories":[2],"tags":[],"class_list":["post-21963","post","type-post","status-publish","format-standard","has-post-thumbnail","hentry","category-blog"],"_links":{"self":[{"href":"https:\/\/inces.gob.ve\/index.php\/wp-json\/wp\/v2\/posts\/21963","targetHints":{"allow":["GET"]}}],"collection":[{"href":"https:\/\/inces.gob.ve\/index.php\/wp-json\/wp\/v2\/posts"}],"about":[{"href":"https:\/\/inces.gob.ve\/index.php\/wp-json\/wp\/v2\/types\/post"}],"author":[{"embeddable":true,"href":"https:\/\/inces.gob.ve\/index.php\/wp-json\/wp\/v2\/users\/15"}],"replies":[{"embeddable":true,"href":"https:\/\/inces.gob.ve\/index.php\/wp-json\/wp\/v2\/comments?post=21963"}],"version-history":[{"count":1,"href":"https:\/\/inces.gob.ve\/index.php\/wp-json\/wp\/v2\/posts\/21963\/revisions"}],"predecessor-version":[{"id":21969,"href":"https:\/\/inces.gob.ve\/index.php\/wp-json\/wp\/v2\/posts\/21963\/revisions\/21969"}],"wp:featuredmedia":[{"embeddable":true,"href":"https:\/\/inces.gob.ve\/index.php\/wp-json\/wp\/v2\/media\/21964"}],"wp:attachment":[{"href":"https:\/\/inces.gob.ve\/index.php\/wp-json\/wp\/v2\/media?parent=21963"}],"wp:term":[{"taxonomy":"category","embeddable":true,"href":"https:\/\/inces.gob.ve\/index.php\/wp-json\/wp\/v2\/categories?post=21963"},{"taxonomy":"post_tag","embeddable":true,"href":"https:\/\/inces.gob.ve\/index.php\/wp-json\/wp\/v2\/tags?post=21963"}],"curies":[{"name":"wp","href":"https:\/\/api.w.org\/{rel}","templated":true}]}}