{"id":21996,"date":"2018-11-07T10:15:40","date_gmt":"2018-11-07T16:15:40","guid":{"rendered":"http:\/\/www.inces.gob.ve\/?p=21996"},"modified":"2020-05-28T20:30:32","modified_gmt":"2020-05-29T00:30:32","slug":"la-inclusion-laboral-de-personas-con-discapacidad-como-generadora-de-experiencias-exitosas","status":"publish","type":"post","link":"https:\/\/inces.gob.ve\/index.php\/2018\/11\/07\/la-inclusion-laboral-de-personas-con-discapacidad-como-generadora-de-experiencias-exitosas\/","title":{"rendered":"La inclusi\u00f3n laboral de personas con discapacidad como generadora de experiencias exitosas"},"content":{"rendered":"<p style=\"text-align: justify;\" align=\"justify\"><span style=\"font-family: Arial,sans-serif;\"><b>** <i>Yohnny Perera, compa\u00f1ero adscrito a la Gerencia General de Comunicaciones y Relaciones Institucionales, hizo una digna intervenci\u00f3n donde relat\u00f3 su experiencia en el Inces, destacando lo saludable y beneficioso que resulta para \u00e9l prestar sus servicios y esfuerzos de manera diaria en la instituci\u00f3n<\/i><\/b><\/span><\/p>\n<p style=\"text-align: justify;\" align=\"justify\"><!--more--><\/p>\n<p style=\"text-align: justify;\" align=\"justify\"><a name=\"more-11869\"><\/a><span style=\"font-family: Arial,sans-serif;\"><b>IVALDO RODR\u00cdGUEZ\/Inces Sede<\/b><\/span><\/p>\n<p style=\"text-align: justify;\" align=\"justify\"><span style=\"font-family: Arial,sans-serif;\"><b>Fotos: Liliana Tovar (Formaci\u00f3n Profesional)<\/b><\/span><\/p>\n<p style=\"text-align: justify;\" align=\"justify\"><span style=\"font-family: Arial,sans-serif;\">En el prop\u00f3sito de divulgar experiencias laborales de Personas con Discapacidad y su Inclusi\u00f3n en las entidades p\u00fablicas como una acci\u00f3n solidaria, humana y transformadora, se llev\u00f3 a cabo en el sal\u00f3n Ezequiel Zamora del Palacio de Miraflores un singular evento denominado \u201cVisi\u00f3n transformadora desde las experiencias exitosas hacia la inclusi\u00f3n laboral de personas con discapacidad\u201d. <\/span><\/p>\n<p style=\"text-align: justify;\" align=\"justify\"><span style=\"font-family: Arial,sans-serif;\">El escenario permiti\u00f3 conocer experiencias exitosas de personas con discapacidad incluidas en los sectores p\u00fablico y privado lo cual logr\u00f3 concienciar, e igualmente propiciar, abordajes integrales para la promoci\u00f3n e inclusi\u00f3n de individuos en particulares condiciones, en las entidades de trabajo.<\/span><\/p>\n<p style=\"text-align: justify;\" align=\"justify\"><span style=\"font-family: Arial,sans-serif;\"><img loading=\"lazy\" decoding=\"async\" class=\"aligncenter wp-image-22002 size-full\" src=\"http:\/\/www.inces.gob.ve\/wp-content\/uploads\/2018\/11\/1inclusi\u00f3n-laboral-de-personas-.jpg\" alt=\"\" width=\"800\" height=\"533\" srcset=\"https:\/\/inces.gob.ve\/wp-content\/uploads\/2018\/11\/1inclusi\u00f3n-laboral-de-personas-.jpg 800w, https:\/\/inces.gob.ve\/wp-content\/uploads\/2018\/11\/1inclusi\u00f3n-laboral-de-personas--300x200.jpg 300w, https:\/\/inces.gob.ve\/wp-content\/uploads\/2018\/11\/1inclusi\u00f3n-laboral-de-personas--768x512.jpg 768w\" sizes=\"auto, (max-width: 800px) 100vw, 800px\" \/><\/span><\/p>\n<p style=\"text-align: justify;\" align=\"justify\"><span style=\"font-family: Arial,sans-serif;\">Especial protagonismo obtuvieron Yohnny Perera, trabajador del Inces y otras personas con alguna discapacidad, quienes expresaron con mucha asertividad su particular vivencia en sus ambientes laborales, despertando admiraci\u00f3n y estima en la concurrencia, integrada en su mayor\u00eda por amigos, familiares, medios de comunicaci\u00f3n y representantes de las m\u00faltiples instancias nacionales que abordan el sensible tema.<\/span><\/p>\n<p style=\"text-align: justify;\" align=\"justify\"><span style=\"font-family: Arial,sans-serif;\">Perera se manifest\u00f3 de manera espont\u00e1nea y elocuente ante los presentes y sin miedo esc\u00e9nico les confes\u00f3 la satisfacci\u00f3n que le produce laborar en la instituci\u00f3n y entregar su esfuerzo diariamente en la consecuci\u00f3n de actos exitosos y productivos. Recordemos que el amigo Yohnny se desempe\u00f1a en la Divisi\u00f3n de Relaciones P\u00fablicas y Protocolo y por lo tanto su labor de asistencia general est\u00e1 detr\u00e1s de todos los actos que esa dependencia organiza regularmente. Su se\u00f1ora madre, Olga Guill\u00e9n quien estuvo presente en el acto, nos confes\u00f3 que a Yohnny su trabajo lo hace muy feliz y ya los fines de semana anda a la espera de que llegue el lunes para iniciar su faena.<\/span><\/p>\n<p style=\"text-align: justify;\" align=\"justify\"><span style=\"font-family: Arial,sans-serif;\"><img loading=\"lazy\" decoding=\"async\" class=\"aligncenter wp-image-21998 size-full\" src=\"http:\/\/www.inces.gob.ve\/wp-content\/uploads\/2018\/11\/6inclusi\u00f3n-laboral-de-personas-.jpg\" alt=\"\" width=\"810\" height=\"540\" srcset=\"https:\/\/inces.gob.ve\/wp-content\/uploads\/2018\/11\/6inclusi\u00f3n-laboral-de-personas-.jpg 810w, https:\/\/inces.gob.ve\/wp-content\/uploads\/2018\/11\/6inclusi\u00f3n-laboral-de-personas--300x200.jpg 300w, https:\/\/inces.gob.ve\/wp-content\/uploads\/2018\/11\/6inclusi\u00f3n-laboral-de-personas--768x512.jpg 768w\" sizes=\"auto, (max-width: 810px) 100vw, 810px\" \/><\/span><\/p>\n<p style=\"text-align: justify;\" align=\"justify\"><span style=\"font-family: Arial,sans-serif;\">El encuentro se constituy\u00f3 en un escenario vitrina donde se presentaron un grupo de ponencias de supremo inter\u00e9s que permitieron analizar la realidad nacional con respecto al trato hacia estas personas, evidenciando los avances que en la materia ha adelantado la Revoluci\u00f3n Bolivariana con su carga de sensibilidad y respeto.<\/span><\/p>\n<p style=\"text-align: justify;\" align=\"justify\"><span style=\"font-family: Arial,sans-serif;\">Nos detenemos en la participaci\u00f3n del gerente general de Formaci\u00f3n Profesional, Richard Delgado, quien expuso acertadamente una ponencia donde plante\u00f3 la responsabilidad institucional en garantizar la participaci\u00f3n de las personas con discapacidad, independientemente de su condici\u00f3n, en los procesos de formaci\u00f3n, autoformaci\u00f3n colectiva, integral, continua y permanente.\u00a0 Asimismo habl\u00f3 de la coordinaci\u00f3n de acciones que lleva adelante para organizar conjuntamente, con los coordinadores regionales Inces de educaci\u00f3n especial, la acreditaci\u00f3n de conocimientos por experiencias en ejercicio. <\/span><\/p>\n<p style=\"text-align: justify;\" align=\"justify\"><span style=\"font-family: Arial,sans-serif;\">Asegur\u00f3 adelantar esfuerzos para impulsar la formaci\u00f3n en lengua de se\u00f1as venezolanas, y el uso del m\u00e9todo Braille para las personas con discapacidad visual.<\/span><\/p>\n<p style=\"text-align: justify;\" align=\"justify\"><span style=\"font-family: Arial,sans-serif;\"><img loading=\"lazy\" decoding=\"async\" class=\"aligncenter wp-image-22001 size-full\" src=\"http:\/\/www.inces.gob.ve\/wp-content\/uploads\/2018\/11\/2inclusi\u00f3n-laboral-de-personas-.jpg\" alt=\"\" width=\"800\" height=\"533\" srcset=\"https:\/\/inces.gob.ve\/wp-content\/uploads\/2018\/11\/2inclusi\u00f3n-laboral-de-personas-.jpg 800w, https:\/\/inces.gob.ve\/wp-content\/uploads\/2018\/11\/2inclusi\u00f3n-laboral-de-personas--300x200.jpg 300w, https:\/\/inces.gob.ve\/wp-content\/uploads\/2018\/11\/2inclusi\u00f3n-laboral-de-personas--768x512.jpg 768w\" sizes=\"auto, (max-width: 800px) 100vw, 800px\" \/><\/span><\/p>\n<p style=\"text-align: justify;\" align=\"justify\"><span style=\"font-family: Arial,sans-serif;\">Finalmente afirm\u00f3 concertar acciones para alcanzar encadenamiento productivo en materia de formaci\u00f3n y autoformaci\u00f3n para que las personas con discapacidad formen unidades de producci\u00f3n o alternativas para incorporarse, integrarse y lograr el equiparamiento de posibilidades que contribuyan al desarrollo econ\u00f3mico de la patria. <\/span><\/p>\n<p style=\"text-align: justify;\" align=\"justify\"><span style=\"font-family: Arial,sans-serif;\">Se escucharon intervenciones del presidente de la Comisi\u00f3n Permanente para las Personas con Discapacidad de la Asamblea Nacional Constituyente, Emilio Colina junto a la experiencia de Mar\u00eda Gabriela Vega. Particip\u00f3 la presidenta de Conapdis y Fundaci\u00f3n Misi\u00f3n Jos\u00e9 Gregorio Hern\u00e1ndez, Soraida Ram\u00edrez; el viceministro de Previsi\u00f3n Social Previsi\u00f3n y Seguridad Social e Inclusi\u00f3n Laboral de Personas con Discapacidad, Rafael R\u00edos con la ponencia Previsi\u00f3n y Seguridad Social e Inclusi\u00f3n Laboral de Personas con Discapacidad y tambi\u00e9n intervino, Diva Guzm\u00e1n viceministra para Educaci\u00f3n y Trabajo para la Liberaci\u00f3n.<\/span><\/p>\n<p style=\"text-align: justify;\" align=\"justify\"><span style=\"font-family: Arial,sans-serif;\">Recordemos que fue en revoluci\u00f3n cuando se promovi\u00f3 la Ley para las Personas con Discapacidad donde se estipula que los \u00f3rganos y entes de la administraci\u00f3n p\u00fablica nacional, estatal y municipal, as\u00ed como las empresas p\u00fablicas, privadas o mixtas, deben incorporar a sus planteles de trabajo no menos de un (5%) de personas con discapacidad permanente de su n\u00f3mina total, sean ellos ejecutivos, empleados u obreros. <\/span><\/p>\n<p style=\"text-align: justify;\" align=\"justify\"><span style=\"font-family: Arial,sans-serif;\"><img loading=\"lazy\" decoding=\"async\" class=\"aligncenter wp-image-21999 size-full\" src=\"http:\/\/www.inces.gob.ve\/wp-content\/uploads\/2018\/11\/4inclusi\u00f3n-laboral-de-personas-.jpg\" alt=\"\" width=\"800\" height=\"1092\" srcset=\"https:\/\/inces.gob.ve\/wp-content\/uploads\/2018\/11\/4inclusi\u00f3n-laboral-de-personas-.jpg 800w, https:\/\/inces.gob.ve\/wp-content\/uploads\/2018\/11\/4inclusi\u00f3n-laboral-de-personas--220x300.jpg 220w, https:\/\/inces.gob.ve\/wp-content\/uploads\/2018\/11\/4inclusi\u00f3n-laboral-de-personas--768x1048.jpg 768w, https:\/\/inces.gob.ve\/wp-content\/uploads\/2018\/11\/4inclusi\u00f3n-laboral-de-personas--750x1024.jpg 750w, https:\/\/inces.gob.ve\/wp-content\/uploads\/2018\/11\/4inclusi\u00f3n-laboral-de-personas--563x768.jpg 563w\" sizes=\"auto, (max-width: 800px) 100vw, 800px\" \/><\/span><\/p>\n<p style=\"text-align: justify;\" align=\"justify\"><span style=\"font-family: Arial,sans-serif;\">El cierre de la actividad correspondi\u00f3 al Teatro de Sordos (Movimiento Poder Sordo Revolucionario) con un montaje did\u00e1ctico y esclarecedor que mostr\u00f3 experiencias y situaciones laborales con una alta carga de emotividad y calidad humana.<\/span><\/p>\n<p style=\"text-align: justify;\" align=\"justify\"><span style=\"font-family: Arial,sans-serif;\"><img loading=\"lazy\" decoding=\"async\" class=\"alignnone wp-image-22000 size-full\" src=\"http:\/\/www.inces.gob.ve\/wp-content\/uploads\/2018\/11\/3inclusi\u00f3n-laboral-de-personas-.jpg\" alt=\"\" width=\"800\" height=\"533\" srcset=\"https:\/\/inces.gob.ve\/wp-content\/uploads\/2018\/11\/3inclusi\u00f3n-laboral-de-personas-.jpg 800w, https:\/\/inces.gob.ve\/wp-content\/uploads\/2018\/11\/3inclusi\u00f3n-laboral-de-personas--300x200.jpg 300w, https:\/\/inces.gob.ve\/wp-content\/uploads\/2018\/11\/3inclusi\u00f3n-laboral-de-personas--768x512.jpg 768w\" sizes=\"auto, (max-width: 800px) 100vw, 800px\" \/><\/span><\/p>\n<p style=\"text-align: justify;\" align=\"justify\"><span style=\"font-family: Arial,sans-serif;\">En este, como en otros actos, se fundieron en uno solo distintas instituciones tales como el Consejo Nacional para Personas con Discapacidad (CONAPDIS); Misi\u00f3n Jos\u00e9 Gregorio Hern\u00e1ndez; Direcci\u00f3n General de Salud Integral para Personas con Discapacidad del Ministerio del Poder Popular para la Salud; Direcci\u00f3n Nacional de Educaci\u00f3n Especial del Ministerio del Poder Popular para la Educaci\u00f3n; Divisi\u00f3n de Prevenci\u00f3n Social del Ministerio del Poder Popular para el Proceso Social del Trabajo; Asociaciones y Fundaciones de Personas con Discapacidad; Comisi\u00f3n de la ANC y el INCES, entre otros.<\/span><\/p>\n","protected":false},"excerpt":{"rendered":"<p>** Yohnny Perera, compa\u00f1ero adscrito a la Gerencia General de Comunicaciones y Relaciones Institucionales, hizo una digna intervenci\u00f3n donde relat\u00f3 su experiencia en el Inces, destacando lo saludable y beneficioso que resulta para \u00e9l prestar sus servicios y esfuerzos de manera diaria en la instituci\u00f3n<\/p>\n","protected":false},"author":15,"featured_media":21997,"comment_status":"closed","ping_status":"closed","sticky":false,"template":"","format":"standard","meta":{"footnotes":""},"categories":[2],"tags":[],"class_list":["post-21996","post","type-post","status-publish","format-standard","has-post-thumbnail","hentry","category-blog"],"_links":{"self":[{"href":"https:\/\/inces.gob.ve\/index.php\/wp-json\/wp\/v2\/posts\/21996","targetHints":{"allow":["GET"]}}],"collection":[{"href":"https:\/\/inces.gob.ve\/index.php\/wp-json\/wp\/v2\/posts"}],"about":[{"href":"https:\/\/inces.gob.ve\/index.php\/wp-json\/wp\/v2\/types\/post"}],"author":[{"embeddable":true,"href":"https:\/\/inces.gob.ve\/index.php\/wp-json\/wp\/v2\/users\/15"}],"replies":[{"embeddable":true,"href":"https:\/\/inces.gob.ve\/index.php\/wp-json\/wp\/v2\/comments?post=21996"}],"version-history":[{"count":3,"href":"https:\/\/inces.gob.ve\/index.php\/wp-json\/wp\/v2\/posts\/21996\/revisions"}],"predecessor-version":[{"id":22005,"href":"https:\/\/inces.gob.ve\/index.php\/wp-json\/wp\/v2\/posts\/21996\/revisions\/22005"}],"wp:featuredmedia":[{"embeddable":true,"href":"https:\/\/inces.gob.ve\/index.php\/wp-json\/wp\/v2\/media\/21997"}],"wp:attachment":[{"href":"https:\/\/inces.gob.ve\/index.php\/wp-json\/wp\/v2\/media?parent=21996"}],"wp:term":[{"taxonomy":"category","embeddable":true,"href":"https:\/\/inces.gob.ve\/index.php\/wp-json\/wp\/v2\/categories?post=21996"},{"taxonomy":"post_tag","embeddable":true,"href":"https:\/\/inces.gob.ve\/index.php\/wp-json\/wp\/v2\/tags?post=21996"}],"curies":[{"name":"wp","href":"https:\/\/api.w.org\/{rel}","templated":true}]}}