{"id":22015,"date":"2018-11-07T14:40:14","date_gmt":"2018-11-07T20:40:14","guid":{"rendered":"http:\/\/www.inces.gob.ve\/?p=22015"},"modified":"2020-05-28T20:30:32","modified_gmt":"2020-05-29T00:30:32","slug":"infraestructura-y-servicios-rehabilita-y-acondiciona-cfs-en-portuguesa-y-bolivar","status":"publish","type":"post","link":"https:\/\/inces.gob.ve\/index.php\/2018\/11\/07\/infraestructura-y-servicios-rehabilita-y-acondiciona-cfs-en-portuguesa-y-bolivar\/","title":{"rendered":"Infraestructura y Servicios rehabilita y acondiciona CFS en Portuguesa y Bol\u00edvar"},"content":{"rendered":"<p class=\"western\" style=\"text-align: justify;\" align=\"justify\"><span style=\"font-family: Arial,sans-serif;\"><span style=\"font-size: medium;\"><i><b>**Erradican problem\u00e1tica de filtraciones en techos y paredes; del mismo modo realizan reparaci\u00f3n y reacondicionamiento de aires acondicionados y sustituci\u00f3n de cilindros de puertas de madera<img loading=\"lazy\" decoding=\"async\" src=\"data:image\/png;base64,iVBORw0KGgoAAAANSUhEUgAAAAEAAAABCAMAAAAoyzS7AAAADFBMVEX\/\/\/\/8A\/sAAAD\/\/\/9gBn0RAAAAAnRSTlP\/AOW3MEoAAAAKSURBVHicY2AEAAADAAJL9d3qAAAAAElFTkSuQmCC\" width=\"2\" height=\"2\" name=\"Imagen1\" align=\"bottom\" border=\"0\" \/><\/b><\/i><\/span><\/span><\/p>\n<p style=\"text-align: justify;\" align=\"justify\"><!--more--><\/p>\n<p class=\"western\" style=\"text-align: justify;\" align=\"justify\"><span style=\"font-family: Arial,sans-serif;\"><span style=\"font-size: medium;\"><b>STEFANY GONZ\u00c1LEZ | Sede<\/b><\/span><\/span><\/p>\n<p align=\"justify\"><span style=\"font-family: Arial,sans-serif;\">La Gerencia General de Infraestructura y Servicios, enfocada en dar respuesta a las necesidades en materia estructural que presentan los Inces de todo el pa\u00eds, atendi\u00f3 en esta oportunidad las debilidades que se presentan en el Inces Regional Bol\u00edvar, espec\u00edficamente en lo que respecta al edificio administrativo y a las aulas de clase pertenecientes al centro de formaci\u00f3n socialista (CFS) \u201cJos\u00e9 Leonardo Chirinos\u201d y el CFS \u201cAtapaima\u201d, ubicado en el municipio Agua Blanca, estado Portuguesa.<\/span><\/p>\n<p align=\"justify\"><span style=\"font-family: Arial,sans-serif;\">CFS Atapaima \u2013 Portuguesa<\/span><\/p>\n<p align=\"justify\"><span style=\"font-family: Arial,sans-serif;\">El Inces, a trav\u00e9s de la formaci\u00f3n que se imparte mediante el Plan Chamba Juvenil, ha incorporado a los sectores campesino y productor mediante la siembra en los terrenos del CFS. \u201cAtapaima\u201d, ubicado en el municipio Agua Blanca.<\/span><\/p>\n<p align=\"justify\"><span style=\"font-family: Arial,sans-serif;\">Es por ello que la Gerencia de Infraestructura y Servicios, en su inter\u00e9s por fortalecer los espacios formativos regionales, procedi\u00f3 a rehabilitar dicho centro para erradicar la problem\u00e1tica que se presentaba en cuanto a las filtraciones que afectaban techos y paredes, debido al mal estado en que se encontraban el manto asf\u00e1ltico, espec\u00edficamente en el \u00e1rea del pasillo.<\/span><\/p>\n<p class=\"western\" style=\"text-align: justify;\" align=\"justify\"><span style=\"font-family: Arial,sans-serif;\"><span style=\"font-size: medium;\"><img loading=\"lazy\" decoding=\"async\" class=\"aligncenter wp-image-22020 size-full\" src=\"http:\/\/www.inces.gob.ve\/wp-content\/uploads\/2018\/11\/2infra-estru.png\" alt=\"\" width=\"800\" height=\"600\" srcset=\"https:\/\/inces.gob.ve\/wp-content\/uploads\/2018\/11\/2infra-estru.png 800w, https:\/\/inces.gob.ve\/wp-content\/uploads\/2018\/11\/2infra-estru-300x225.png 300w, https:\/\/inces.gob.ve\/wp-content\/uploads\/2018\/11\/2infra-estru-768x576.png 768w, https:\/\/inces.gob.ve\/wp-content\/uploads\/2018\/11\/2infra-estru-136x102.png 136w\" sizes=\"auto, (max-width: 800px) 100vw, 800px\" \/><\/span><\/span><\/p>\n<p align=\"justify\"><span style=\"font-family: Arial,sans-serif;\">Entre los trabajos realizados, se procedi\u00f3 a la remoci\u00f3n y sustituci\u00f3n de la capa impermeabilizante en un \u00e1rea aproximada de 290 m2. De igual modo, se sustituyeron los tubos fluorescentes 40w, con sus respectivos balastros, para mejorar la iluminaci\u00f3n. Adicionalmente se aprovech\u00f3 la oportunidad para realizar el reemplazo de grifer\u00eda en los lavamanos y en los sanitarios que estaban en mal estado. <\/span><\/p>\n<p align=\"justify\"><span style=\"font-family: Arial,sans-serif;\">Estos trabajos forman parte del listado de obras por ejecutar dentro de la Gesti\u00f3n 2018, incluida en el Plan Excepcional (SENIAT).<\/span><\/p>\n<p>&nbsp;<\/p>\n<p class=\"western\" style=\"text-align: justify;\" align=\"justify\"><span style=\"font-family: Arial,sans-serif;\"><span style=\"font-size: medium;\"><img loading=\"lazy\" decoding=\"async\" class=\"aligncenter wp-image-22021 size-full\" src=\"http:\/\/www.inces.gob.ve\/wp-content\/uploads\/2018\/11\/01infra-estru.png\" alt=\"\" width=\"780\" height=\"585\" srcset=\"https:\/\/inces.gob.ve\/wp-content\/uploads\/2018\/11\/01infra-estru.png 780w, https:\/\/inces.gob.ve\/wp-content\/uploads\/2018\/11\/01infra-estru-300x225.png 300w, https:\/\/inces.gob.ve\/wp-content\/uploads\/2018\/11\/01infra-estru-768x576.png 768w, https:\/\/inces.gob.ve\/wp-content\/uploads\/2018\/11\/01infra-estru-136x102.png 136w\" sizes=\"auto, (max-width: 780px) 100vw, 780px\" \/><\/span><\/span><\/p>\n<p align=\"justify\"><span style=\"font-family: Arial,sans-serif;\">CFS Jos\u00e9 Leonardo Chirinos &#8211; Bol\u00edvar<\/span><\/p>\n<p align=\"justify\"><span style=\"font-family: Arial,sans-serif;\">Por otra parte, el CFS \u201cJos\u00e9 Leonardo Chirino\u201d, situado en San F\u00e9lix, estado Bol\u00edvar , requer\u00eda del mantenimiento y reparaci\u00f3n del sistema de aire acondicionado, as\u00ed como la restauraci\u00f3n de la pintura en las superficies de paredes. <\/span><\/p>\n<p align=\"justify\"><span style=\"font-family: Arial,sans-serif;\">De igual modo, fue necesaria la sustituci\u00f3n de cilindros en puertas de madera que se encontraban en condiciones defectuosas, lo que contribu\u00eda a la situaci\u00f3n de inseguridad (hurtos), que se presentaban en las aulas de clase. <\/span><\/p>\n<p class=\"western\" style=\"text-align: justify;\" align=\"justify\"><span style=\"font-family: Arial,sans-serif;\"><span style=\"font-size: medium;\"><img loading=\"lazy\" decoding=\"async\" class=\"aligncenter wp-image-22019 size-full\" src=\"http:\/\/www.inces.gob.ve\/wp-content\/uploads\/2018\/11\/5infraestruc.png\" alt=\"\" width=\"800\" height=\"600\" srcset=\"https:\/\/inces.gob.ve\/wp-content\/uploads\/2018\/11\/5infraestruc.png 800w, https:\/\/inces.gob.ve\/wp-content\/uploads\/2018\/11\/5infraestruc-300x225.png 300w, https:\/\/inces.gob.ve\/wp-content\/uploads\/2018\/11\/5infraestruc-768x576.png 768w, https:\/\/inces.gob.ve\/wp-content\/uploads\/2018\/11\/5infraestruc-136x102.png 136w\" sizes=\"auto, (max-width: 800px) 100vw, 800px\" \/><\/span><\/span><\/p>\n<p align=\"justify\"><span style=\"font-family: Arial,sans-serif;\">Se procedi\u00f3 a realizar el mantenimiento a los cuatros (4) equipos de aire acondicionado, tanto unidades evaporadoras como unidades condensadoras, a las cuales se les detect\u00f3 y corrigi\u00f3 las fugas de gas, se instalaron los filtros y se le aplic\u00f3 el barrido y presurizaci\u00f3n del conjunto de tuber\u00edas con el uso de nitr\u00f3geno. <\/span><\/p>\n<p class=\"western\" style=\"text-align: justify;\" align=\"justify\"><span style=\"font-family: Arial,sans-serif;\"><span style=\"font-size: medium;\"><img loading=\"lazy\" decoding=\"async\" class=\"aligncenter wp-image-22017 size-full\" src=\"http:\/\/www.inces.gob.ve\/wp-content\/uploads\/2018\/11\/8infraestruc.png\" alt=\"\" width=\"650\" height=\"593\" srcset=\"https:\/\/inces.gob.ve\/wp-content\/uploads\/2018\/11\/8infraestruc.png 650w, https:\/\/inces.gob.ve\/wp-content\/uploads\/2018\/11\/8infraestruc-300x274.png 300w\" sizes=\"auto, (max-width: 650px) 100vw, 650px\" \/><\/span><\/span><\/p>\n<p align=\"justify\"><span style=\"font-family: Arial,sans-serif;\">Con este acondicionamiento, a parte de garantizar el confort de los espacios de formaci\u00f3n, se puede llegar a alargar la vida \u00fatil del sistema de aire acondicionado y evitar posibles aver\u00edas a corto y mediano plazo. Se mejor\u00f3 el ambiente de las aulas de clase con la aplicaci\u00f3n de pintura de caucho color blanco para los interiores y en las superficies de las paredes. Igualmente, se repararon las puertas de madera entamboradas en aulas y se le sustituyeron las cerraduras de pomo. <\/span><\/p>\n<p align=\"justify\"><span style=\"font-family: Arial,sans-serif;\">Finalmente, con esta rehabilitaci\u00f3n se impulsa la formaci\u00f3n de la poblaci\u00f3n joven, a trav\u00e9s de la incorporaci\u00f3n de todos los sectores campesinos, productores y micro-productores, logrando beneficiar a las poblaciones m\u00e1s vulnerables del municipio. Aunado a esto, se brinda la protecci\u00f3n en materia de seguridad a las aulas de clase, con la sustituci\u00f3n de cerraduras en puertas. <\/span><\/p>\n<p align=\"justify\"><span style=\"font-family: Arial,sans-serif;\">Estos trabajos forman parte del listado de obras por ejecutar dentro de la Gesti\u00f3n 2018, incluida en el Plan Operativo Anual (P.O.A).<\/span><\/p>\n<p class=\"western\" style=\"text-align: justify;\" align=\"justify\"><span style=\"font-family: Arial,sans-serif;\"><span style=\"font-size: medium;\"><img loading=\"lazy\" decoding=\"async\" class=\"aligncenter wp-image-22016 size-full\" src=\"http:\/\/www.inces.gob.ve\/wp-content\/uploads\/2018\/11\/9Infraestruc.png\" alt=\"\" width=\"650\" height=\"478\" srcset=\"https:\/\/inces.gob.ve\/wp-content\/uploads\/2018\/11\/9Infraestruc.png 650w, https:\/\/inces.gob.ve\/wp-content\/uploads\/2018\/11\/9Infraestruc-300x221.png 300w\" sizes=\"auto, (max-width: 650px) 100vw, 650px\" \/><\/span><\/span><\/p>\n","protected":false},"excerpt":{"rendered":"<p>**Erradican problem\u00e1tica de filtraciones en techos y paredes; del mismo modo realizan reparaci\u00f3n y reacondicionamiento de aires acondicionados y sustituci\u00f3n de cilindros de puertas de madera<\/p>\n","protected":false},"author":15,"featured_media":22018,"comment_status":"closed","ping_status":"closed","sticky":false,"template":"","format":"standard","meta":{"footnotes":""},"categories":[2],"tags":[],"class_list":["post-22015","post","type-post","status-publish","format-standard","has-post-thumbnail","hentry","category-blog"],"_links":{"self":[{"href":"https:\/\/inces.gob.ve\/index.php\/wp-json\/wp\/v2\/posts\/22015","targetHints":{"allow":["GET"]}}],"collection":[{"href":"https:\/\/inces.gob.ve\/index.php\/wp-json\/wp\/v2\/posts"}],"about":[{"href":"https:\/\/inces.gob.ve\/index.php\/wp-json\/wp\/v2\/types\/post"}],"author":[{"embeddable":true,"href":"https:\/\/inces.gob.ve\/index.php\/wp-json\/wp\/v2\/users\/15"}],"replies":[{"embeddable":true,"href":"https:\/\/inces.gob.ve\/index.php\/wp-json\/wp\/v2\/comments?post=22015"}],"version-history":[{"count":7,"href":"https:\/\/inces.gob.ve\/index.php\/wp-json\/wp\/v2\/posts\/22015\/revisions"}],"predecessor-version":[{"id":22028,"href":"https:\/\/inces.gob.ve\/index.php\/wp-json\/wp\/v2\/posts\/22015\/revisions\/22028"}],"wp:featuredmedia":[{"embeddable":true,"href":"https:\/\/inces.gob.ve\/index.php\/wp-json\/wp\/v2\/media\/22018"}],"wp:attachment":[{"href":"https:\/\/inces.gob.ve\/index.php\/wp-json\/wp\/v2\/media?parent=22015"}],"wp:term":[{"taxonomy":"category","embeddable":true,"href":"https:\/\/inces.gob.ve\/index.php\/wp-json\/wp\/v2\/categories?post=22015"},{"taxonomy":"post_tag","embeddable":true,"href":"https:\/\/inces.gob.ve\/index.php\/wp-json\/wp\/v2\/tags?post=22015"}],"curies":[{"name":"wp","href":"https:\/\/api.w.org\/{rel}","templated":true}]}}