{"id":22036,"date":"2018-11-08T07:33:40","date_gmt":"2018-11-08T13:33:40","guid":{"rendered":"http:\/\/www.inces.gob.ve\/?p=22036"},"modified":"2020-05-28T20:30:32","modified_gmt":"2020-05-29T00:30:32","slug":"gmstv-instalo-consejo-de-saberes-en-maracaibo","status":"publish","type":"post","link":"https:\/\/inces.gob.ve\/index.php\/2018\/11\/08\/gmstv-instalo-consejo-de-saberes-en-maracaibo\/","title":{"rendered":"GMSTV  instal\u00f3 Consejo de saberes en Maracaibo"},"content":{"rendered":"<p align=\"justify\"><span style=\"font-family: Arial,sans-serif;\"><b>**<i> Estuvieron presentes productores de diversas \u00e1reas: panader\u00eda, av\u00edcola, pasta y productos de limpieza<\/i><\/b><\/span><\/p>\n<p align=\"justify\"><!--more--><\/p>\n<p align=\"justify\"><span style=\"font-family: Arial,sans-serif;\"><b>YUDITH CASTRO|Zulia<\/b><\/span><\/p>\n<p align=\"justify\">\n<p align=\"justify\"><span style=\"font-family: Arial,sans-serif;\">La Gran Misi\u00f3n Saber y Trabajo Venezuela (GMSTV) instal\u00f3 el Consejo de saberes en el centro de formaci\u00f3n socialista (CFS) Maracaibo, del Instituto Nacional de Capacitaci\u00f3n y Educaci\u00f3n Socialista (Inces), ubicado en el Zulia. <\/span><\/p>\n<p align=\"justify\"><span style=\"font-family: Arial,sans-serif;\">Estuvieron presentes voceros del Inces, de la GMSTV y el docente de la Universidad del Zulia, Rafael Rosales. Asistieron a este consejo m\u00e1s de 100 productores de las \u00e1reas: panader\u00eda, av\u00edcola, pasta y productos de limpieza, entre otros, quienes est\u00e1n desarrollando esta actividad econ\u00f3mica desde sus comunidades, con la finalidad de fortalecer la econom\u00eda local.<\/span><\/p>\n<p align=\"justify\">\u201c<span style=\"font-family: Arial,sans-serif;\">El objetivo de este encuentro es agrupar a todos aquellos que tienen saberes, organizarlos y generar un plan de trabajo estadal para que las acciones no sean aisladas. En este consejo contaremos con asesor\u00eda de especialistas en las \u00e1reas jur\u00eddica, econ\u00f3mica y administrativa, entre otros. A trav\u00e9s de estas instancias fortaleceremos los conocimientos de los productores y crearemos planes de trabajo para fortalecer aquellas comunidades priorizadas y las redes de productores,\u201d acot\u00f3 el coordinador regional de la GMSTV, Rafael Uzcategui. <img loading=\"lazy\" decoding=\"async\" class=\"aligncenter wp-image-22039 size-full\" src=\"http:\/\/www.inces.gob.ve\/wp-content\/uploads\/2018\/11\/3Consejo-de-saberes.jpg\" alt=\"\" width=\"800\" height=\"450\" srcset=\"https:\/\/inces.gob.ve\/wp-content\/uploads\/2018\/11\/3Consejo-de-saberes.jpg 800w, https:\/\/inces.gob.ve\/wp-content\/uploads\/2018\/11\/3Consejo-de-saberes-300x169.jpg 300w, https:\/\/inces.gob.ve\/wp-content\/uploads\/2018\/11\/3Consejo-de-saberes-768x432.jpg 768w\" sizes=\"auto, (max-width: 800px) 100vw, 800px\" \/><\/span><\/p>\n<p align=\"justify\"><span style=\"font-family: Arial,sans-serif;\">Indic\u00f3 Uzcategui que tambi\u00e9n ser\u00e1n incluidos, dentro del consejo, los miembros del movimiento Juventud Productiva y los chambistas, porque el prop\u00f3sito es seguir generando iniciativas econ\u00f3micas de car\u00e1cter familiar. Esta nueva instancia funcionar\u00e1 en las oficinas de la GMSTV y en los espacios del Inces. <\/span><\/p>\n<p align=\"justify\"><span style=\"font-family: Arial,sans-serif;\"><img loading=\"lazy\" decoding=\"async\" class=\"aligncenter wp-image-22038 size-full\" src=\"http:\/\/www.inces.gob.ve\/wp-content\/uploads\/2018\/11\/4Consejo-de-saberes.jpg\" alt=\"\" width=\"800\" height=\"450\" srcset=\"https:\/\/inces.gob.ve\/wp-content\/uploads\/2018\/11\/4Consejo-de-saberes.jpg 800w, https:\/\/inces.gob.ve\/wp-content\/uploads\/2018\/11\/4Consejo-de-saberes-300x169.jpg 300w, https:\/\/inces.gob.ve\/wp-content\/uploads\/2018\/11\/4Consejo-de-saberes-768x432.jpg 768w\" sizes=\"auto, (max-width: 800px) 100vw, 800px\" \/><\/span><\/p>\n<p align=\"justify\"><span style=\"font-family: Arial,sans-serif;\">Por su parte, expres\u00f3 el jefe de la Divisi\u00f3n de Formaci\u00f3n Profesional del Inces, Mart\u00edn Mele\u00e1n que \u201cel Inces seguir\u00e1 apoyando a los productores con la acreditaci\u00f3n de saberes, acci\u00f3n que facilita los tr\u00e1mites para la obtenci\u00f3n de los cr\u00e9ditos y a su vez, estos productores contribuir\u00e1n en el plan de recuperaci\u00f3n econ\u00f3mica\u201d.<\/span><\/p>\n<p align=\"justify\"><span style=\"font-family: Arial,sans-serif;\"><img loading=\"lazy\" decoding=\"async\" class=\"aligncenter wp-image-22037 size-full\" src=\"http:\/\/www.inces.gob.ve\/wp-content\/uploads\/2018\/11\/5Consejo-de-saberes.jpg\" alt=\"\" width=\"800\" height=\"450\" srcset=\"https:\/\/inces.gob.ve\/wp-content\/uploads\/2018\/11\/5Consejo-de-saberes.jpg 800w, https:\/\/inces.gob.ve\/wp-content\/uploads\/2018\/11\/5Consejo-de-saberes-300x169.jpg 300w, https:\/\/inces.gob.ve\/wp-content\/uploads\/2018\/11\/5Consejo-de-saberes-768x432.jpg 768w\" sizes=\"auto, (max-width: 800px) 100vw, 800px\" \/><\/span><\/p>\n<p align=\"justify\"><span style=\"font-family: Arial,sans-serif;\">Para finalizar, Diana Crespo, productora de pasta y coordinadora municipal de lo socioproductivo de Unamujer de Maracaibo, indic\u00f3 que se form\u00f3 en la escuela de formaci\u00f3n Sim\u00f3n Rodr\u00edguez para hacer pasta, \u201cahora hago pasta larga y corta. Ya yo hac\u00eda pasta, pero en la escuela aprend\u00ed que se puede hacer el 60% de trigo y el 40% de caraota negra, lenteja, frijol, de yuca, remolacha, espinaca y zanahoria. Este conocimiento lo he multiplicado a trav\u00e9s de los talleres.\u201d<\/span><\/p>\n<p align=\"justify\"><span style=\"font-family: Arial,sans-serif;\"><img loading=\"lazy\" decoding=\"async\" class=\"aligncenter wp-image-22040 size-full\" src=\"http:\/\/www.inces.gob.ve\/wp-content\/uploads\/2018\/11\/2Consejo-de-saberes.jpg\" alt=\"\" width=\"800\" height=\"450\" srcset=\"https:\/\/inces.gob.ve\/wp-content\/uploads\/2018\/11\/2Consejo-de-saberes.jpg 800w, https:\/\/inces.gob.ve\/wp-content\/uploads\/2018\/11\/2Consejo-de-saberes-300x169.jpg 300w, https:\/\/inces.gob.ve\/wp-content\/uploads\/2018\/11\/2Consejo-de-saberes-768x432.jpg 768w\" sizes=\"auto, (max-width: 800px) 100vw, 800px\" \/><\/span><\/p>\n<p align=\"justify\">LT<\/p>\n","protected":false},"excerpt":{"rendered":"<p>** Estuvieron presentes productores de diversas \u00e1reas: panader\u00eda, av\u00edcola, pasta y productos de limpieza<\/p>\n","protected":false},"author":15,"featured_media":22041,"comment_status":"closed","ping_status":"closed","sticky":false,"template":"","format":"standard","meta":{"footnotes":""},"categories":[2],"tags":[],"class_list":["post-22036","post","type-post","status-publish","format-standard","has-post-thumbnail","hentry","category-blog"],"_links":{"self":[{"href":"https:\/\/inces.gob.ve\/index.php\/wp-json\/wp\/v2\/posts\/22036","targetHints":{"allow":["GET"]}}],"collection":[{"href":"https:\/\/inces.gob.ve\/index.php\/wp-json\/wp\/v2\/posts"}],"about":[{"href":"https:\/\/inces.gob.ve\/index.php\/wp-json\/wp\/v2\/types\/post"}],"author":[{"embeddable":true,"href":"https:\/\/inces.gob.ve\/index.php\/wp-json\/wp\/v2\/users\/15"}],"replies":[{"embeddable":true,"href":"https:\/\/inces.gob.ve\/index.php\/wp-json\/wp\/v2\/comments?post=22036"}],"version-history":[{"count":2,"href":"https:\/\/inces.gob.ve\/index.php\/wp-json\/wp\/v2\/posts\/22036\/revisions"}],"predecessor-version":[{"id":22044,"href":"https:\/\/inces.gob.ve\/index.php\/wp-json\/wp\/v2\/posts\/22036\/revisions\/22044"}],"wp:featuredmedia":[{"embeddable":true,"href":"https:\/\/inces.gob.ve\/index.php\/wp-json\/wp\/v2\/media\/22041"}],"wp:attachment":[{"href":"https:\/\/inces.gob.ve\/index.php\/wp-json\/wp\/v2\/media?parent=22036"}],"wp:term":[{"taxonomy":"category","embeddable":true,"href":"https:\/\/inces.gob.ve\/index.php\/wp-json\/wp\/v2\/categories?post=22036"},{"taxonomy":"post_tag","embeddable":true,"href":"https:\/\/inces.gob.ve\/index.php\/wp-json\/wp\/v2\/tags?post=22036"}],"curies":[{"name":"wp","href":"https:\/\/api.w.org\/{rel}","templated":true}]}}