{"id":22062,"date":"2018-11-08T12:10:11","date_gmt":"2018-11-08T18:10:11","guid":{"rendered":"http:\/\/www.inces.gob.ve\/?p=22062"},"modified":"2020-05-28T20:30:32","modified_gmt":"2020-05-29T00:30:32","slug":"congreso-de-consejos-estudiantiles-como-impulsor-de-la-formacion-productiva","status":"publish","type":"post","link":"https:\/\/inces.gob.ve\/index.php\/2018\/11\/08\/congreso-de-consejos-estudiantiles-como-impulsor-de-la-formacion-productiva\/","title":{"rendered":"Congreso de Consejos Estudiantiles como impulsor de la formaci\u00f3n productiva"},"content":{"rendered":"<p style=\"text-align: justify;\" align=\"justify\"><span style=\"font-family: Arial,sans-serif;\"><b>**<i> Queda mucho por analizar de lo debatidoel pasado fin de semana<\/i><\/b><\/span><\/p>\n<p style=\"text-align: justify;\" align=\"justify\"><!--more--><\/p>\n<p style=\"text-align: justify;\" align=\"justify\">\n<p style=\"text-align: justify;\" align=\"justify\"><a name=\"more-11921\"><\/a><span style=\"font-family: Arial,sans-serif;\"><b>Ivaldo Rodr\u00edguez| Inces sed<\/b>e<\/span><\/p>\n<p style=\"text-align: justify;\" align=\"justify\"><span style=\"font-family: Arial,sans-serif;\">Fotos: Leonardo Mart\u00ednez<\/span><\/p>\n<p style=\"text-align: justify;\" align=\"justify\">\n<p style=\"text-align: justify;\" align=\"justify\"><span style=\"font-family: Arial,sans-serif;\">El primer Congreso de Consejos Estudiantiles en Educaci\u00f3n de Adultos en la historia del pa\u00eds fue el tema sobre el cual gir\u00f3 el programa semanal radial Somos Inces N\u00b081, a prop\u00f3sito de la intensa jornada nacional llevada a cabo en el Centro de Formaci\u00f3n Socialista (CFS) Metropolitano de Caricuao, con la asistencia de 96 voceros procedentes de todas las entidades federales, a raz\u00f3n de cuatro por estado y donde result\u00f3 electa la plantilla de voceros nacionales.<\/span><\/p>\n<p style=\"text-align: justify;\" align=\"justify\"><span style=\"font-family: Arial,sans-serif;\">El invitado central del espacio fue precisamente el vocero (Productivo) electo nacionalmente, Jos\u00e9 Luis Silgado de 37 a\u00f1os de edad, quien particip\u00f3 en representaci\u00f3n del Distrito Capital. Con mucha parsimonia e intenci\u00f3n manifest\u00f3 que estudi\u00f3 en la Unidad Educativa Inces Los Naranjos, de la parroquia La Vega, y se hizo en la pr\u00e1ctica de la vida Barbero de ocupaci\u00f3n, lo cual lo tiene muy ajetreado, pero gan\u00e1ndose la vida dignamente \u201cgracias a Dios\u201d.<\/span><\/p>\n<p style=\"text-align: justify;\" align=\"justify\"><span style=\"font-family: Arial,sans-serif;\">En cuanto al congreso, el mismo fue catalogado como hist\u00f3rico por lo in\u00e9dito, con car\u00e1cter de pionero y muy productivo, toda vez que se alcanz\u00f3 un ramillete de propuestas que gozaron del respaldo de la masa estudiantil.<\/span><\/p>\n<p style=\"text-align: justify;\" align=\"justify\"><span style=\"font-family: Arial,sans-serif;\"><img loading=\"lazy\" decoding=\"async\" class=\"aligncenter wp-image-22063 size-full\" src=\"http:\/\/www.inces.gob.ve\/wp-content\/uploads\/2018\/11\/3Consejos-Estudiantiles.jpg\" alt=\"\" width=\"800\" height=\"600\" srcset=\"https:\/\/inces.gob.ve\/wp-content\/uploads\/2018\/11\/3Consejos-Estudiantiles.jpg 800w, https:\/\/inces.gob.ve\/wp-content\/uploads\/2018\/11\/3Consejos-Estudiantiles-300x225.jpg 300w, https:\/\/inces.gob.ve\/wp-content\/uploads\/2018\/11\/3Consejos-Estudiantiles-768x576.jpg 768w, https:\/\/inces.gob.ve\/wp-content\/uploads\/2018\/11\/3Consejos-Estudiantiles-136x102.jpg 136w\" sizes=\"auto, (max-width: 800px) 100vw, 800px\" \/><\/span><\/p>\n<p style=\"text-align: justify;\" align=\"justify\"><span style=\"font-family: Arial,sans-serif;\">Asegur\u00f3 Silgado que aprendi\u00f3 mucho de sus compa\u00f1eros en la experiencia de Caricuao. Dado que \u201cyo conoc\u00eda las realidades de Caracas, es decir, las incidencias que rodean a mi Unidad Educativa, pero all\u00ed tuve la oportunidad de adentrarme en otras situaciones propias de otras latitudes, a trav\u00e9s de mis compa\u00f1eros y colegas de las regiones de provincia. El congreso nos ayud\u00f3, continu\u00f3 el vocero, a centrarme en mi humildad, a reconocer que no somos grandes, sin la presencia de otros\u201d.<\/span><\/p>\n<p style=\"text-align: justify;\" align=\"justify\"><span style=\"font-family: Arial,sans-serif;\">Aprovech\u00f3 la ocasi\u00f3n para felicitar a sus colegas, tambi\u00e9n electos en la misma instancia. Ellos fueron: como vocero nacional Activista, Francisco Graterol del estado Lara; como vocero Contralor despunt\u00f3 Sim\u00f3n Ram\u00edrez, del estado Trujillo y en la vocer\u00eda Integrador, se seleccion\u00f3 a Jes\u00fas Nadal, procedente del estado Cojedes. <\/span><\/p>\n<p style=\"text-align: justify;\" align=\"justify\"><span style=\"font-family: Arial,sans-serif;\">El vocero hizo un llamado a todos aquellos venezolanos que por diferentes circunstancias han abandonado el sistema formal de educaci\u00f3n, a estudiar y prepararse y evitar as\u00ed que vengan personas de afuera, de otros pa\u00edses, a realizar lo que debemos hacer nosotros por compromiso y responsabilidad.<\/span><\/p>\n<p style=\"text-align: justify;\" align=\"justify\"><span style=\"font-family: Arial,sans-serif;\">Silgado confiesa haberse enterado de algunos proyectos avanzados en los estados Trujillo y Miranda, pero sobre todo uno del que es testigo en Caracas, el proyecto de algod\u00f3n, en su populosa parroquia La Vega.<\/span><\/p>\n<p style=\"text-align: justify;\" align=\"justify\"><span style=\"font-family: Arial,sans-serif;\">Seguidamente, el moderador Luis Angel Mart\u00ednez le tom\u00f3 la palabra para plantear la necesidad de hacer, de ahora en adelante, muchos enlaces que culminen posteriormente en encadenamientos productivos. Porque, de eso se trata, de emprendimiento, de enfilar hacia la producci\u00f3n. Es bueno saber las potencialidades de cada quien en sus comunidades y establecer cadenas efectivas de producci\u00f3n\u201d. <\/span><\/p>\n<p style=\"text-align: justify;\" align=\"justify\">\u201c<span style=\"font-family: Arial,sans-serif;\">Gracias a Dios yo aprend\u00ed a entender. Lo primordial para todo es formarse. Un ser sin estudio es un ser incompleto\u201d, sentenci\u00f3 el invitado.<\/span><\/p>\n<p style=\"text-align: justify;\" align=\"justify\"><span style=\"font-family: Arial,sans-serif;\">Luego ofreci\u00f3 una de las propuestas ventiladas en el Congreso de Consejos Estudiantiles como fue la de incluir a las escuelas b\u00e1sicas en todo este aparataje de divulgaci\u00f3n de informaci\u00f3n. \u201cEs importante a nuestro parecer que los muchachos de educaci\u00f3n b\u00e1sica sopesen la posibilidad de adentrarse en el programa de Bachillerato con Perfil Productivo para que vayan familiariz\u00e1ndose, en caso de tener que abandonar la educaci\u00f3n formal si las necesidades lo obligan. Claro, todo con un buen nivel de asesor\u00eda\u201d. Pero en definitiva, asegura, debemos volcarnos hacia las comunidades en general.<\/span><\/p>\n<p style=\"text-align: justify;\" align=\"justify\"><span style=\"font-family: Arial,sans-serif;\">Luego de una pausa se escuch\u00f3 un audio del ciudadano ministro de Educaci\u00f3n, Arist\u00f3bulo Ist\u00fariz durante el desarrollo del congreso, donde expres\u00f3 planteamientos de mucho Inter\u00e9s: \u201cning\u00fan egresado de all\u00ed debe trabajar para un capitalista, sino que debe emprender y abordar los espacios p\u00fablicos con soluciones a la mano, sabiendo reparar instrumentos de su comunidad y sentir satisfacci\u00f3n por ello. Por eso insisto tanto en que debe ser una educaci\u00f3n liberadora y emancipadora\u201d.<\/span><\/p>\n<p style=\"text-align: justify;\" align=\"justify\">\u201c<span style=\"font-family: Arial,sans-serif;\">El Instituto Nacional de Capacitaci\u00f3n y Educaci\u00f3n Socialista (Inces) est\u00e1 llamado a convertirse en una pieza clave del programa de Recuperaci\u00f3n, Crecimiento y Prosperidad Econ\u00f3mica que formul\u00f3 nuestro presidente Nicol\u00e1s Maduro Moros para no permitir que Venezuela caiga en lo que son las aspiraciones de los grupos olig\u00e1rquicos dominantes en el pa\u00eds. Estamos padeciendo un deterioro en la relaci\u00f3n de intercambio con la materia prima, se la llevan muy barata y nos la devuelven como productos acabados muy superiores en precios. De ello deben estar conscientes los maestros pueblo, piezas fundamentales en en la transformaci\u00f3n educativa\u201d.<\/span><\/p>\n<p style=\"text-align: justify;\" align=\"justify\"><span style=\"font-family: Arial,sans-serif;\">Intervino telef\u00f3nicamente el gerente general de Formaci\u00f3n Profesional de Inces, Richard Delgado, quien expuso dos puntos relevantes referidos al congreso. En primer t\u00e9rmino, su car\u00e1cter de in\u00e9dito y en segundo lugar, la necesidad de velar por una educaci\u00f3n hacia la producci\u00f3n, dando respuestas pr\u00e1cticas y pertinentes al momento hist\u00f3rico. \u201cDebemos reflexionar hacia lo que necesitamos en la Venezuela de hoy. Transformar el modelo econ\u00f3mico y para ello el sistema educativo\u201d.<\/span><\/p>\n<p style=\"text-align: justify;\" align=\"justify\"><span style=\"font-family: Arial,sans-serif;\">Se hizo \u00e9nfasis en la expresi\u00f3n lanzada por el ministro Ist\u00fariz en el sentido de anteponer la \u00e9tica y el valor de la solidaridad sobre la competencia; lo productivo sobre lo rentista y para ello el Inces debe figurar como una organizaci\u00f3n de educaci\u00f3n, robinsoniana y emancipadora. Se debe impulsar la proliferaci\u00f3n de unidades productivas.<\/span><\/p>\n<p style=\"text-align: justify;\" align=\"justify\"><span style=\"font-family: Arial,sans-serif;\"><img loading=\"lazy\" decoding=\"async\" class=\"aligncenter wp-image-22065 size-full\" src=\"http:\/\/www.inces.gob.ve\/wp-content\/uploads\/2018\/11\/1Consejos-Estudiantiles.jpg\" alt=\"\" width=\"800\" height=\"600\" srcset=\"https:\/\/inces.gob.ve\/wp-content\/uploads\/2018\/11\/1Consejos-Estudiantiles.jpg 800w, https:\/\/inces.gob.ve\/wp-content\/uploads\/2018\/11\/1Consejos-Estudiantiles-300x225.jpg 300w, https:\/\/inces.gob.ve\/wp-content\/uploads\/2018\/11\/1Consejos-Estudiantiles-768x576.jpg 768w, https:\/\/inces.gob.ve\/wp-content\/uploads\/2018\/11\/1Consejos-Estudiantiles-136x102.jpg 136w\" sizes=\"auto, (max-width: 800px) 100vw, 800px\" \/><\/span><\/p>\n<p style=\"text-align: justify;\" align=\"justify\"><span style=\"font-family: Arial,sans-serif;\">Al parecer de Delgado el Inces define tres \u00e9pocas en su historia: form\u00f3 para hacer empleados; luego lo hizo para fortalecer las misiones (Robinson .Ribas, Sucre, Vuelvan Caras, etcetera). Y hoy, \u201cel ministro nos pone el acento en el hacer para la producci\u00f3n. Venezuela debe ser capaz de realizar lo que necesita, formando ciudadanos productivos\u201d.<\/span><\/p>\n<p style=\"text-align: justify;\" align=\"justify\"><span style=\"font-family: Arial,sans-serif;\">Para cerrar, la participante y tambi\u00e9n moderadora Keiberlin Aranguren anunci\u00f3 que hasta el d\u00eda de ma\u00f1ana viernes 9 de noviembre estar\u00e1n abiertas las inscripciones para Chamba Juvenil en todos los centros Inces, teniendo como requisitos solo la c\u00e9dula de identidad y el n\u00famero telef\u00f3nico.<\/span><\/p>\n<p style=\"text-align: justify;\" align=\"justify\"><span style=\"font-family: Arial,sans-serif;\">Se leyeron interacciones con las redes sociales procedentes de todo el pa\u00eds y finalmente, Luis Angel Mart\u00ednez replicando al ministro Ernesto Villegas, invit\u00f3 para la 14 edici\u00f3n de la Feria Internacional del Libro (Filven) que abre hoy y lo har\u00e1 hasta el venidero 18 del mes en curso, en espacios del casco central de la ciudad capital. Ser\u00e1 en homenaje a la destacada Ana Henriqueta Ter\u00e1n, poeta y diplom\u00e1tica venezolana.<\/span><\/p>\n<p style=\"text-align: justify;\" align=\"justify\"><span style=\"font-family: Arial,sans-serif;\">LT.<\/span><\/p>\n","protected":false},"excerpt":{"rendered":"<p>** Queda mucho por analizar de lo debatidoel pasado fin de semana<\/p>\n","protected":false},"author":15,"featured_media":22064,"comment_status":"closed","ping_status":"closed","sticky":false,"template":"","format":"standard","meta":{"footnotes":""},"categories":[2],"tags":[],"class_list":["post-22062","post","type-post","status-publish","format-standard","has-post-thumbnail","hentry","category-blog"],"_links":{"self":[{"href":"https:\/\/inces.gob.ve\/index.php\/wp-json\/wp\/v2\/posts\/22062","targetHints":{"allow":["GET"]}}],"collection":[{"href":"https:\/\/inces.gob.ve\/index.php\/wp-json\/wp\/v2\/posts"}],"about":[{"href":"https:\/\/inces.gob.ve\/index.php\/wp-json\/wp\/v2\/types\/post"}],"author":[{"embeddable":true,"href":"https:\/\/inces.gob.ve\/index.php\/wp-json\/wp\/v2\/users\/15"}],"replies":[{"embeddable":true,"href":"https:\/\/inces.gob.ve\/index.php\/wp-json\/wp\/v2\/comments?post=22062"}],"version-history":[{"count":1,"href":"https:\/\/inces.gob.ve\/index.php\/wp-json\/wp\/v2\/posts\/22062\/revisions"}],"predecessor-version":[{"id":22066,"href":"https:\/\/inces.gob.ve\/index.php\/wp-json\/wp\/v2\/posts\/22062\/revisions\/22066"}],"wp:featuredmedia":[{"embeddable":true,"href":"https:\/\/inces.gob.ve\/index.php\/wp-json\/wp\/v2\/media\/22064"}],"wp:attachment":[{"href":"https:\/\/inces.gob.ve\/index.php\/wp-json\/wp\/v2\/media?parent=22062"}],"wp:term":[{"taxonomy":"category","embeddable":true,"href":"https:\/\/inces.gob.ve\/index.php\/wp-json\/wp\/v2\/categories?post=22062"},{"taxonomy":"post_tag","embeddable":true,"href":"https:\/\/inces.gob.ve\/index.php\/wp-json\/wp\/v2\/tags?post=22062"}],"curies":[{"name":"wp","href":"https:\/\/api.w.org\/{rel}","templated":true}]}}