{"id":22072,"date":"2018-11-08T12:31:04","date_gmt":"2018-11-08T18:31:04","guid":{"rendered":"http:\/\/www.inces.gob.ve\/?p=22072"},"modified":"2020-05-28T20:33:29","modified_gmt":"2020-05-29T00:33:29","slug":"52-jovenes-iniciaron-proceso-de-aprendizaje-en-diferentes-areas-formativas-del-inces","status":"publish","type":"post","link":"https:\/\/inces.gob.ve\/index.php\/2018\/11\/08\/52-jovenes-iniciaron-proceso-de-aprendizaje-en-diferentes-areas-formativas-del-inces\/","title":{"rendered":"52 j\u00f3venes iniciaron proceso de aprendizaje en diferentes \u00e1reas formativas del Inces"},"content":{"rendered":"<p style=\"text-align: justify;\" align=\"justify\"><span style=\"font-family: Arial,sans-serif;\">**<i><b> Los chicos y chicas se preparar\u00e1n en Mec\u00e1nica y Mantenimiento Integral Hotelero, Oficinista Integral Financiero y Contabilidad<\/b><\/i><\/span><\/p>\n<p style=\"text-align: justify;\" align=\"justify\"><!--more--><\/p>\n<p style=\"text-align: justify;\" align=\"justify\"><span style=\"font-family: Arial,sans-serif;\">FRANCIS MORENO | Nueva Esparta<\/span><\/p>\n<p style=\"text-align: justify;\" align=\"justify\"><span style=\"font-family: Arial,sans-serif;\">El Programa Nacional de Aprendizaje del Inces regional logr\u00f3 incluir a un grupo de j\u00f3venes en diferentes oficios, en la empresa Sigo la Proveedur\u00eda; esto mediante la obligaci\u00f3n que tienen las entidades de trabajo de emplear y ense\u00f1ar a j\u00f3venes, con edad comprendida entre los 14 y los 18 a\u00f1os, sobre una tarea laboral que les permita a ellos desarrollarse profesionalmente. <\/span><\/p>\n<p style=\"text-align: justify;\" align=\"justify\"><span style=\"font-family: Arial,sans-serif;\">Alex Andarcia, gerente regional del Inces, estuvo presente durante el inicio de clase de los chicos y chicas, e inform\u00f3 que los participantes iniciaron funciones de Mec\u00e1nica y Mantenimiento Integral Hotelero, Oficinista Integral Financiero y Contabilidad, subrayando que los mismos estar\u00e1n recibiendo formaci\u00f3n por un tiempo estimado de 2.400 horas apr\u00f3ximadamente. <\/span><\/p>\n<p style=\"text-align: justify;\" align=\"justify\"><span style=\"font-family: Arial,sans-serif;\"><img loading=\"lazy\" decoding=\"async\" class=\"aligncenter wp-image-22074 size-full\" src=\"http:\/\/www.inces.gob.ve\/wp-content\/uploads\/2018\/11\/1proceso-de-aprendizaje-.jpg\" alt=\"\" width=\"800\" height=\"450\" srcset=\"https:\/\/inces.gob.ve\/wp-content\/uploads\/2018\/11\/1proceso-de-aprendizaje-.jpg 800w, https:\/\/inces.gob.ve\/wp-content\/uploads\/2018\/11\/1proceso-de-aprendizaje--300x169.jpg 300w, https:\/\/inces.gob.ve\/wp-content\/uploads\/2018\/11\/1proceso-de-aprendizaje--768x432.jpg 768w\" sizes=\"auto, (max-width: 800px) 100vw, 800px\" \/><\/span><\/p>\n<p style=\"text-align: justify;\" align=\"justify\"><span style=\"font-family: Arial,sans-serif;\">Durante su intervenci\u00f3n en la primera clase te\u00f3rica, Andarcia afirm\u00f3 que la funci\u00f3n principal de la instituci\u00f3n es apoyar a la juventud en todo lo que tiene que ver con su formaci\u00f3n, producci\u00f3n e innovaci\u00f3n en todos los espacios, por cuanto considera que ellos son el pilar fundamental de Venezuela, raz\u00f3n por la cual el Inces hace su mejor esfuerzo por seguir manteniendo este tipo de acciones educativas. <\/span><\/p>\n<p style=\"text-align: justify;\" align=\"justify\"><span style=\"font-family: Arial,sans-serif;\">Asimismo, el gerente aprovech\u00f3 la ocasi\u00f3n para incentivar a los nuevos aprendices a no abandonar lo que han iniciado y a trabajar unidos por Venezuela, para que las cosas salgan bien, y en ese sentido, cumplir con el lema del Inces: Formar Produciendo, Producir Formando.<\/span><\/p>\n","protected":false},"excerpt":{"rendered":"<p>** Los chicos y chicas se preparar\u00e1n en Mec\u00e1nica y Mantenimiento Integral Hotelero, Oficinista Integral Financiero y Contabilidad<\/p>\n","protected":false},"author":15,"featured_media":22073,"comment_status":"closed","ping_status":"closed","sticky":false,"template":"","format":"standard","meta":{"footnotes":""},"categories":[2],"tags":[],"class_list":["post-22072","post","type-post","status-publish","format-standard","has-post-thumbnail","hentry","category-blog"],"_links":{"self":[{"href":"https:\/\/inces.gob.ve\/index.php\/wp-json\/wp\/v2\/posts\/22072","targetHints":{"allow":["GET"]}}],"collection":[{"href":"https:\/\/inces.gob.ve\/index.php\/wp-json\/wp\/v2\/posts"}],"about":[{"href":"https:\/\/inces.gob.ve\/index.php\/wp-json\/wp\/v2\/types\/post"}],"author":[{"embeddable":true,"href":"https:\/\/inces.gob.ve\/index.php\/wp-json\/wp\/v2\/users\/15"}],"replies":[{"embeddable":true,"href":"https:\/\/inces.gob.ve\/index.php\/wp-json\/wp\/v2\/comments?post=22072"}],"version-history":[{"count":2,"href":"https:\/\/inces.gob.ve\/index.php\/wp-json\/wp\/v2\/posts\/22072\/revisions"}],"predecessor-version":[{"id":22076,"href":"https:\/\/inces.gob.ve\/index.php\/wp-json\/wp\/v2\/posts\/22072\/revisions\/22076"}],"wp:featuredmedia":[{"embeddable":true,"href":"https:\/\/inces.gob.ve\/index.php\/wp-json\/wp\/v2\/media\/22073"}],"wp:attachment":[{"href":"https:\/\/inces.gob.ve\/index.php\/wp-json\/wp\/v2\/media?parent=22072"}],"wp:term":[{"taxonomy":"category","embeddable":true,"href":"https:\/\/inces.gob.ve\/index.php\/wp-json\/wp\/v2\/categories?post=22072"},{"taxonomy":"post_tag","embeddable":true,"href":"https:\/\/inces.gob.ve\/index.php\/wp-json\/wp\/v2\/tags?post=22072"}],"curies":[{"name":"wp","href":"https:\/\/api.w.org\/{rel}","templated":true}]}}