{"id":22083,"date":"2018-11-09T09:08:08","date_gmt":"2018-11-09T15:08:08","guid":{"rendered":"http:\/\/www.inces.gob.ve\/?p=22083"},"modified":"2020-05-28T20:30:32","modified_gmt":"2020-05-29T00:30:32","slug":"fet-reciben-formacion-de-calidad-por-parte-de-instructores-del-inces-en-aragua","status":"publish","type":"post","link":"https:\/\/inces.gob.ve\/index.php\/2018\/11\/09\/fet-reciben-formacion-de-calidad-por-parte-de-instructores-del-inces-en-aragua\/","title":{"rendered":"FET reciben formaci\u00f3n de calidad por parte de instructores del Inces en Aragua"},"content":{"rendered":"<p align=\"justify\"><span style=\"font-family: Arial,sans-serif;\"><i><b>** Durante tres niveles los trabajadores y trabajadoras aprenden sobre liderazgo, direcci\u00f3n de reuniones, manejo de grupos, derechos, deberes laborales y m\u00e1s<\/b><\/i><\/span><\/p>\n<p align=\"justify\"><!--more--><\/p>\n<p align=\"justify\"><span style=\"font-family: Arial,sans-serif;\"><b>MAR\u00cdA VER\u00d3NICA MOLINA | Aragua<\/b><\/span><\/p>\n<p align=\"justify\"><span style=\"font-family: Arial,sans-serif;\">Desde el Inces en Aragua se busca la formaci\u00f3n productiva y de calidad dirigida a la clase trabajadora, con la intenci\u00f3n de formar l\u00edderes dentro de las empresas como Formadores en Entidades de Trabajo (FET), quienes sean capaces de dirigir a sus compa\u00f1eros, defender sus derechos laborales y proponer ideas en beneficio de la clase obrera en las mesas curriculares para la solicitud de cursos.<\/span><\/p>\n<p align=\"justify\"><span style=\"font-family: Arial,sans-serif;\">En este sentido, el equipo de la Unidad de Formaci\u00f3n Delegada y Adiestramiento, dirigido por Rebeca Carpio, realiza los cursos, divididos en tres niveles, para formar a los trabajadores y trabajadoras de empresas p\u00fablicas y privadas, en este caso, en la C.A Ron Santa Teresa, ubicada en el Consejo, municipio Revenga del estado Aragua.<\/span><\/p>\n<p align=\"justify\"><img loading=\"lazy\" decoding=\"async\" class=\"aligncenter wp-image-22086 size-full\" src=\"http:\/\/www.inces.gob.ve\/wp-content\/uploads\/2018\/11\/2instructores-del-Inces.jpg\" alt=\"\" width=\"800\" height=\"531\" srcset=\"https:\/\/inces.gob.ve\/wp-content\/uploads\/2018\/11\/2instructores-del-Inces.jpg 800w, https:\/\/inces.gob.ve\/wp-content\/uploads\/2018\/11\/2instructores-del-Inces-300x199.jpg 300w, https:\/\/inces.gob.ve\/wp-content\/uploads\/2018\/11\/2instructores-del-Inces-768x510.jpg 768w\" sizes=\"auto, (max-width: 800px) 100vw, 800px\" \/><br \/>\n<span style=\"font-family: Arial,sans-serif;\">T\u00e9cnicas FET<\/span><\/p>\n<p align=\"justify\"><span style=\"font-family: Arial,sans-serif;\">Dentro de las primeras actividades, los participantes del segundo grupo FET presentaron un portafolio donde especifican sus datos personales, sus funciones dentro de la entidad de trabajo y sus metas personales y\/o laborales a alcanzar. Luego, aprenden de la mano del instructor Francisco Antequera, sobre las t\u00e9cnicas de demostraci\u00f3n tales como: preparar al trabajador, demostrar el trabajo, acompa\u00f1ar la ejecuci\u00f3n, la autonom\u00eda de vuelo y el monitoreo a distancia.<\/span><\/p>\n<p align=\"justify\"><img loading=\"lazy\" decoding=\"async\" class=\"aligncenter wp-image-22087 size-full\" src=\"http:\/\/www.inces.gob.ve\/wp-content\/uploads\/2018\/11\/1instructores-del-Inces.jpg\" alt=\"\" width=\"800\" height=\"531\" srcset=\"https:\/\/inces.gob.ve\/wp-content\/uploads\/2018\/11\/1instructores-del-Inces.jpg 800w, https:\/\/inces.gob.ve\/wp-content\/uploads\/2018\/11\/1instructores-del-Inces-300x199.jpg 300w, https:\/\/inces.gob.ve\/wp-content\/uploads\/2018\/11\/1instructores-del-Inces-768x510.jpg 768w\" sizes=\"auto, (max-width: 800px) 100vw, 800px\" \/><br \/>\n<span style=\"font-family: Arial,sans-serif;\">Adem\u00e1s, resaltaron la importancia de la aplicaci\u00f3n de la Matriz FODA, los tips que debe ejecutar un FET como lo son: paneo visual, modulaci\u00f3n de la voz y la codificaci\u00f3n a trav\u00e9s del sistema de representaci\u00f3n kinest\u00e9sico, visual, auditivo y olfativo.<\/span><\/p>\n<p align=\"justify\"><span style=\"font-family: Arial,sans-serif;\">Por otra parte, revelaron la utilidad de la lectura dirigida como parte de la planificaci\u00f3n estrat\u00e9gica en cada \u00e1rea de producci\u00f3n, tambi\u00e9n hablaron sobre las fuerzas productivas, especificando la fuerza de insumo, productiva y de los medios de producci\u00f3n.<\/span><\/p>\n<p align=\"justify\"><span style=\"font-family: Arial,sans-serif;\">Hoja de descomposici\u00f3n de tareas <\/span><\/p>\n<p align=\"justify\"><span style=\"font-family: Arial,sans-serif;\">Seguido de la explicaci\u00f3n del resumen de lo aprendido, los siete futuros FET, presentaron su hoja de descomposici\u00f3n de tareas, basadas en las funciones diarias que deben llevar a cabo dentro de la entidad de trabajo. Entre ellas, se pueden mencionar un instrumento de medici\u00f3n de capacidades t\u00e9cnicas estipuladas en el departamento de ventas, realizaci\u00f3n de un chequeo del fluido de un montacarga y emisi\u00f3n de reporte diario de inventario-almac\u00e9n fiscal como requisito exigido por el Seniat.<\/span><\/p>\n<p align=\"justify\"><img loading=\"lazy\" decoding=\"async\" class=\"aligncenter wp-image-22085 size-full\" src=\"http:\/\/www.inces.gob.ve\/wp-content\/uploads\/2018\/11\/4instructores-del-Inces.jpg\" alt=\"\" width=\"800\" height=\"531\" srcset=\"https:\/\/inces.gob.ve\/wp-content\/uploads\/2018\/11\/4instructores-del-Inces.jpg 800w, https:\/\/inces.gob.ve\/wp-content\/uploads\/2018\/11\/4instructores-del-Inces-300x199.jpg 300w, https:\/\/inces.gob.ve\/wp-content\/uploads\/2018\/11\/4instructores-del-Inces-768x510.jpg 768w\" sizes=\"auto, (max-width: 800px) 100vw, 800px\" \/><br \/>\n<span style=\"font-family: Arial,sans-serif;\">Para cerrar el primer nivel en C.A. Ron Santa Teresa, el instructor de Adiestramiento en Empresas, Lorenzo Menco, integr\u00f3 a los trabajadores y trabajadoras en el taller Manejo de Grupo, donde coordin\u00f3 una serie de actividades entre el equipo para demostrar las t\u00e9cnicas b\u00e1sicas a utilizar al momento que se presenten distracciones entre el p\u00fablico y as\u00ed poder controlar al grupo en momentos importantes del discurso iniciado por el o la l\u00edder.<\/span><\/p>\n<p align=\"justify\"><span style=\"font-family: Arial,sans-serif;\">LT<\/span><\/p>\n","protected":false},"excerpt":{"rendered":"<p>** Durante tres niveles los trabajadores y trabajadoras aprenden sobre liderazgo, direcci\u00f3n de reuniones, manejo de grupos, derechos, deberes laborales y m\u00e1s<\/p>\n","protected":false},"author":15,"featured_media":22084,"comment_status":"closed","ping_status":"closed","sticky":false,"template":"","format":"standard","meta":{"footnotes":""},"categories":[2],"tags":[],"class_list":["post-22083","post","type-post","status-publish","format-standard","has-post-thumbnail","hentry","category-blog"],"_links":{"self":[{"href":"https:\/\/inces.gob.ve\/index.php\/wp-json\/wp\/v2\/posts\/22083","targetHints":{"allow":["GET"]}}],"collection":[{"href":"https:\/\/inces.gob.ve\/index.php\/wp-json\/wp\/v2\/posts"}],"about":[{"href":"https:\/\/inces.gob.ve\/index.php\/wp-json\/wp\/v2\/types\/post"}],"author":[{"embeddable":true,"href":"https:\/\/inces.gob.ve\/index.php\/wp-json\/wp\/v2\/users\/15"}],"replies":[{"embeddable":true,"href":"https:\/\/inces.gob.ve\/index.php\/wp-json\/wp\/v2\/comments?post=22083"}],"version-history":[{"count":2,"href":"https:\/\/inces.gob.ve\/index.php\/wp-json\/wp\/v2\/posts\/22083\/revisions"}],"predecessor-version":[{"id":22089,"href":"https:\/\/inces.gob.ve\/index.php\/wp-json\/wp\/v2\/posts\/22083\/revisions\/22089"}],"wp:featuredmedia":[{"embeddable":true,"href":"https:\/\/inces.gob.ve\/index.php\/wp-json\/wp\/v2\/media\/22084"}],"wp:attachment":[{"href":"https:\/\/inces.gob.ve\/index.php\/wp-json\/wp\/v2\/media?parent=22083"}],"wp:term":[{"taxonomy":"category","embeddable":true,"href":"https:\/\/inces.gob.ve\/index.php\/wp-json\/wp\/v2\/categories?post=22083"},{"taxonomy":"post_tag","embeddable":true,"href":"https:\/\/inces.gob.ve\/index.php\/wp-json\/wp\/v2\/tags?post=22083"}],"curies":[{"name":"wp","href":"https:\/\/api.w.org\/{rel}","templated":true}]}}