{"id":22156,"date":"2018-11-12T09:02:58","date_gmt":"2018-11-12T15:02:58","guid":{"rendered":"http:\/\/www.inces.gob.ve\/?p=22156"},"modified":"2020-05-28T20:30:31","modified_gmt":"2020-05-29T00:30:31","slug":"participantes-del-csf-luis-beltran-prieto-figueroa-socializaron-saberes-en-culminacion-del-curso-de-panaderia","status":"publish","type":"post","link":"https:\/\/inces.gob.ve\/index.php\/2018\/11\/12\/participantes-del-csf-luis-beltran-prieto-figueroa-socializaron-saberes-en-culminacion-del-curso-de-panaderia\/","title":{"rendered":"Participantes del CSF Luis Beltr\u00e1n Prieto Figueroa socializaron saberes en culminaci\u00f3n del curso de panader\u00eda"},"content":{"rendered":"<p align=\"justify\"><span style=\"font-family: Arial,sans-serif;\"><i><b>** 32 Participantes culminaron con gran \u00e9xito la formaci\u00f3n de panificaci\u00f3n dom\u00e9stica, la cual tuvo una duraci\u00f3n de dos meses y medio, lapso en el cual aprendieron a elaborar diversos tipos de pan, tales como franc\u00e9s, siciliano, dulces, con or\u00e9gano, focaccia, entre otros<\/b><\/i><\/span><\/p>\n<p align=\"justify\">\n<!--more--><\/p>\n<p align=\"justify\"><span style=\"font-family: Arial,sans-serif;\"><b>SANDRA AGUILAR\/Carabobo<\/b><\/span><\/p>\n<p align=\"justify\">\n<p align=\"justify\">\n<p align=\"justify\"><span style=\"font-family: Arial,sans-serif;\">La formaci\u00f3n <\/span><strong><span style=\"font-family: Arial,sans-serif;\">Panificaci\u00f3n Dom\u00e9stica, impartida <\/span><\/strong><span style=\"font-family: Arial,sans-serif;\">por la maestra t\u00e9cnica productiva (MTP) Lusmila S\u00e1nchez, fue desarrollada por el Inces dentro de las instalaciones de la casa comunal Catedral, en el estado Carabobo. Para el cierre de esta formaci\u00f3n, los participantes demostraron sus conocimientos al elaborar varios tipos de panes: franc\u00e9s, dulces, pan de pl\u00e1tano maduro, pan de papa, pan de auyama, pan dulces, cachitos, de or\u00e9gano, pan en forma de caim\u00e1n, entre otros.<\/span><\/p>\n<p align=\"justify\">\n<p align=\"justify\"><span style=\"font-family: Arial,sans-serif;\">El participante Jos\u00e9 P\u00e9rez manifest\u00f3 que el curso \u201campli\u00f3 mis conocimientos en el \u00e1rea de cocina. Aprend\u00ed a sustituir ingredientes b\u00e1sicos por otros alternativos; as\u00ed, al momento de elaborar panes, se abaratan un poco los costos y se activa la creatividad culinaria\u201d.<\/span><\/p>\n<p align=\"justify\"><span style=\"font-family: Arial,sans-serif;\"><img loading=\"lazy\" decoding=\"async\" class=\"aligncenter wp-image-22160 size-full\" src=\"http:\/\/www.inces.gob.ve\/wp-content\/uploads\/2018\/11\/1socializaron-saberes.jpeg\" alt=\"\" width=\"800\" height=\"827\" srcset=\"https:\/\/inces.gob.ve\/wp-content\/uploads\/2018\/11\/1socializaron-saberes.jpeg 800w, https:\/\/inces.gob.ve\/wp-content\/uploads\/2018\/11\/1socializaron-saberes-290x300.jpeg 290w, https:\/\/inces.gob.ve\/wp-content\/uploads\/2018\/11\/1socializaron-saberes-768x794.jpeg 768w, https:\/\/inces.gob.ve\/wp-content\/uploads\/2018\/11\/1socializaron-saberes-743x768.jpeg 743w\" sizes=\"auto, (max-width: 800px) 100vw, 800px\" \/><\/span><\/p>\n<p align=\"justify\"><span style=\"font-family: Arial,sans-serif;\">Adem\u00e1s, P\u00e9rez expres\u00f3 que \u201csiempre quise estar en una formaci\u00f3n Inces y hoy lo he logrado. Gracias a la profesora Lusmila, quien tuvo paciencia y constancia con nosotros, y siempre cumpli\u00f3 con sus clases, hoy, la muestra de panes, habla por s\u00ed sola\u201d. <\/span><\/p>\n<p align=\"justify\"><img loading=\"lazy\" decoding=\"async\" class=\"aligncenter wp-image-22157 size-full\" src=\"http:\/\/www.inces.gob.ve\/wp-content\/uploads\/2018\/11\/5socializaron-saberes.jpeg\" alt=\"\" width=\"800\" height=\"600\" srcset=\"https:\/\/inces.gob.ve\/wp-content\/uploads\/2018\/11\/5socializaron-saberes.jpeg 800w, https:\/\/inces.gob.ve\/wp-content\/uploads\/2018\/11\/5socializaron-saberes-300x225.jpeg 300w, https:\/\/inces.gob.ve\/wp-content\/uploads\/2018\/11\/5socializaron-saberes-768x576.jpeg 768w, https:\/\/inces.gob.ve\/wp-content\/uploads\/2018\/11\/5socializaron-saberes-136x102.jpeg 136w\" sizes=\"auto, (max-width: 800px) 100vw, 800px\" \/><br \/>\n<span style=\"font-family: Arial,sans-serif;\">En el cierre del curso estuvo presente el jefe de Centro, Miguel D\u00edaz, la coordinadora de comunidad Yelitza Ochoa y la coordinadora de la Unidad de Tecnolog\u00eda, Milagros Ortega, quien felicit\u00f3 a los presentes \u201cpor ser vencedores ante todo los obst\u00e1culos que impone la guerra econ\u00f3mica. H<\/span><strong><span style=\"font-family: Arial,sans-serif;\">ay un pueblo que se est\u00e1 formando<\/span><\/strong><span style=\"font-family: Arial,sans-serif;\"> para hacerle frente a estos embates, y no con armas, sino con conocimientos, que a fin de cuenta es el arma m\u00e1s poderosa\u201d. <\/span><\/p>\n<p align=\"justify\"><img loading=\"lazy\" decoding=\"async\" class=\"aligncenter wp-image-22158 size-full\" src=\"http:\/\/www.inces.gob.ve\/wp-content\/uploads\/2018\/11\/4socializaron-saberes.jpeg\" alt=\"\" width=\"800\" height=\"450\" srcset=\"https:\/\/inces.gob.ve\/wp-content\/uploads\/2018\/11\/4socializaron-saberes.jpeg 800w, https:\/\/inces.gob.ve\/wp-content\/uploads\/2018\/11\/4socializaron-saberes-300x169.jpeg 300w, https:\/\/inces.gob.ve\/wp-content\/uploads\/2018\/11\/4socializaron-saberes-768x432.jpeg 768w\" sizes=\"auto, (max-width: 800px) 100vw, 800px\" \/><\/p>\n","protected":false},"excerpt":{"rendered":"<p>** 32 Participantes culminaron con gran \u00e9xito la formaci\u00f3n de panificaci\u00f3n dom\u00e9stica, la cual tuvo una duraci\u00f3n de dos meses y medio, lapso en el cual aprendieron a elaborar diversos tipos de pan, tales como franc\u00e9s, siciliano, dulces, con or\u00e9gano, focaccia, entre otros<\/p>\n","protected":false},"author":15,"featured_media":22159,"comment_status":"closed","ping_status":"closed","sticky":false,"template":"","format":"standard","meta":{"footnotes":""},"categories":[2],"tags":[],"class_list":["post-22156","post","type-post","status-publish","format-standard","has-post-thumbnail","hentry","category-blog"],"_links":{"self":[{"href":"https:\/\/inces.gob.ve\/index.php\/wp-json\/wp\/v2\/posts\/22156","targetHints":{"allow":["GET"]}}],"collection":[{"href":"https:\/\/inces.gob.ve\/index.php\/wp-json\/wp\/v2\/posts"}],"about":[{"href":"https:\/\/inces.gob.ve\/index.php\/wp-json\/wp\/v2\/types\/post"}],"author":[{"embeddable":true,"href":"https:\/\/inces.gob.ve\/index.php\/wp-json\/wp\/v2\/users\/15"}],"replies":[{"embeddable":true,"href":"https:\/\/inces.gob.ve\/index.php\/wp-json\/wp\/v2\/comments?post=22156"}],"version-history":[{"count":1,"href":"https:\/\/inces.gob.ve\/index.php\/wp-json\/wp\/v2\/posts\/22156\/revisions"}],"predecessor-version":[{"id":22161,"href":"https:\/\/inces.gob.ve\/index.php\/wp-json\/wp\/v2\/posts\/22156\/revisions\/22161"}],"wp:featuredmedia":[{"embeddable":true,"href":"https:\/\/inces.gob.ve\/index.php\/wp-json\/wp\/v2\/media\/22159"}],"wp:attachment":[{"href":"https:\/\/inces.gob.ve\/index.php\/wp-json\/wp\/v2\/media?parent=22156"}],"wp:term":[{"taxonomy":"category","embeddable":true,"href":"https:\/\/inces.gob.ve\/index.php\/wp-json\/wp\/v2\/categories?post=22156"},{"taxonomy":"post_tag","embeddable":true,"href":"https:\/\/inces.gob.ve\/index.php\/wp-json\/wp\/v2\/tags?post=22156"}],"curies":[{"name":"wp","href":"https:\/\/api.w.org\/{rel}","templated":true}]}}