{"id":22194,"date":"2018-11-12T13:07:02","date_gmt":"2018-11-12T19:07:02","guid":{"rendered":"http:\/\/www.inces.gob.ve\/?p=22194"},"modified":"2020-05-28T20:30:31","modified_gmt":"2020-05-29T00:30:31","slug":"inces-sucre-estimula-siembra-de-rubros-agricolas-en-la-ueb-ali-primera","status":"publish","type":"post","link":"https:\/\/inces.gob.ve\/index.php\/2018\/11\/12\/inces-sucre-estimula-siembra-de-rubros-agricolas-en-la-ueb-ali-primera\/","title":{"rendered":"Inces Sucre estimula siembra de rubros agr\u00edcolas en la UEB \u201cAl\u00ed Primera\u201d"},"content":{"rendered":"<p style=\"text-align: justify;\" align=\"justify\"><span style=\"font-family: Arial,sans-serif;\"><i><b>** Est\u00e1n en la fase de preparaci\u00f3n del terreno para sembrar ciclo corto y aspiran cubrir buena parte de la demanda de alimentos para atender a 830 estudiantes<\/b><\/i><\/span><\/p>\n<p style=\"text-align: justify;\" align=\"justify\"><!--more--><\/p>\n<p style=\"text-align: justify;\" align=\"justify\"><span style=\"font-family: Arial,sans-serif;\"><b>MILAGROS GUERRERO | Sucre<\/b><\/span><\/p>\n<p style=\"text-align: justify;\" align=\"justify\"><span style=\"font-family: Arial,sans-serif;\">El Programa M\u00f3vil del Inces, en el estado Sucre, dando continuidad a las orientaciones del Ministro de Educaci\u00f3n Arist\u00f3bulo Ist\u00edtuz, desarrolla la formaci\u00f3n \u201cProductor de Hortalizas en \u00c1reas Urbanas\u201d, con la cual, sembrar\u00e1n los rubros agr\u00edcolas que contribuir\u00e1n con la alimentaci\u00f3n de 830 estudiantes de la unidad educativa bolivariana \u201cAl\u00ed Primera\u201d.<\/span><\/p>\n<p style=\"text-align: justify;\" align=\"justify\"><span style=\"font-family: Arial,sans-serif;\">El responsable del Programa M\u00f3vil, profesor Julio Yendiz, manifest\u00f3 que en Esta movida productiva participan miembros de la comunidad, el personal que labora en la escuela y el alumnado de la misma. Adem\u00e1s, tienen programadA la siembra de los rubros necesarios para la elaboraci\u00f3n de las hayacas.<\/span><\/p>\n<p style=\"text-align: justify;\" align=\"justify\"><span style=\"font-family: Arial,sans-serif;\"><img loading=\"lazy\" decoding=\"async\" class=\"aligncenter wp-image-22195 size-full\" src=\"http:\/\/www.inces.gob.ve\/wp-content\/uploads\/2018\/11\/4rubros-agr\u00edcolas.jpg\" alt=\"\" width=\"800\" height=\"556\" srcset=\"https:\/\/inces.gob.ve\/wp-content\/uploads\/2018\/11\/4rubros-agr\u00edcolas.jpg 800w, https:\/\/inces.gob.ve\/wp-content\/uploads\/2018\/11\/4rubros-agr\u00edcolas-300x209.jpg 300w, https:\/\/inces.gob.ve\/wp-content\/uploads\/2018\/11\/4rubros-agr\u00edcolas-768x534.jpg 768w\" sizes=\"auto, (max-width: 800px) 100vw, 800px\" \/><\/span><\/p>\n<p style=\"text-align: justify;\" align=\"justify\"><span style=\"font-family: Arial,sans-serif;\">Destac\u00f3 que la formaci\u00f3n va en su fase de preparaci\u00f3n del terreno para sembrar en los espacios seleccionados por la comunidad educativa y vecinos, en los cuales, se tiene previsto la siembra de los rubros agr\u00edcolas de ciclo corto: berenjena, aj\u00ed, ceboll\u00edn y piment\u00f3n, que tradicionalmente forman parte de los ingredientes para el guiso de las ricas hayacas navide\u00f1as. <\/span><\/p>\n<p style=\"text-align: justify;\" align=\"justify\"><span style=\"font-family: Arial,sans-serif;\">Enfatiz\u00f3 que toda la acciones formativas, de acondicionamiento de los terrenos dentro del centro educativo, se ejecutan en el marco del Programa Todas las Manos a la Siembra de la Zona Educativa y la Coordinaci\u00f3n de Desarrollo End\u00f3geno de la instituci\u00f3n. <\/span><\/p>\n<p style=\"text-align: justify;\" align=\"justify\"><span style=\"font-family: Arial,sans-serif;\">Es importante se\u00f1alar que la comunidad de Brisas del Golfo se niega a desaparecer, pese a que hace ocho a\u00f1os el presidente Hugo Rafael Ch\u00e1vez Fr\u00edas, en vida, pidi\u00f3 que fuera totalmente desalojada ante las malas condiciones geol\u00f3gicas que presenta el terreno. <\/span><\/p>\n<p style=\"text-align: justify;\" align=\"justify\"><span style=\"font-family: Arial,sans-serif;\">No obstante, la comunidad se mantiene en el mismo sitio; por motivos ajenos a su voluntad; pero con la f\u00e9rrea convicci\u00f3n de hacer la tarea de sembrar para combatir la guerra econ\u00f3mica y la falta de alimentos para sus hijos, que son quienes conforman la matr\u00edcula escolar.<\/span><\/p>\n<p style=\"text-align: justify;\" align=\"justify\"><img loading=\"lazy\" decoding=\"async\" class=\"aligncenter wp-image-22196 size-full\" src=\"http:\/\/www.inces.gob.ve\/wp-content\/uploads\/2018\/11\/3rubros-agr\u00edcolas.jpg\" alt=\"\" width=\"800\" height=\"600\" srcset=\"https:\/\/inces.gob.ve\/wp-content\/uploads\/2018\/11\/3rubros-agr\u00edcolas.jpg 800w, https:\/\/inces.gob.ve\/wp-content\/uploads\/2018\/11\/3rubros-agr\u00edcolas-300x225.jpg 300w, https:\/\/inces.gob.ve\/wp-content\/uploads\/2018\/11\/3rubros-agr\u00edcolas-768x576.jpg 768w, https:\/\/inces.gob.ve\/wp-content\/uploads\/2018\/11\/3rubros-agr\u00edcolas-136x102.jpg 136w\" sizes=\"auto, (max-width: 800px) 100vw, 800px\" \/><br \/>\n<span style=\"font-family: Arial,sans-serif;\">Por su parte, la directora del plantel Nulmirian Galant\u00f3n, agradeci\u00f3 profundamente todo el esfuerzo que realiza el Inces Sucre, en atender a la escuela, docentes, obreros, empleados y poblaci\u00f3n estudiantil, desde el mantenimiento de la edificaci\u00f3n hasta su apoyo con el huerto escolar con el cual; est\u00e1 convencida; si se pueden producir las hortalizas que los estudiantes necesitan para su alimentaci\u00f3n sana y oportuna.<\/span><\/p>\n","protected":false},"excerpt":{"rendered":"<p>** Est\u00e1n en la fase de preparaci\u00f3n del terreno para sembrar ciclo corto y aspiran cubrir buena parte de la demanda de alimentos para atender a 830 estudiantes<\/p>\n","protected":false},"author":15,"featured_media":22197,"comment_status":"closed","ping_status":"closed","sticky":false,"template":"","format":"standard","meta":{"footnotes":""},"categories":[2],"tags":[],"class_list":["post-22194","post","type-post","status-publish","format-standard","has-post-thumbnail","hentry","category-blog"],"_links":{"self":[{"href":"https:\/\/inces.gob.ve\/index.php\/wp-json\/wp\/v2\/posts\/22194","targetHints":{"allow":["GET"]}}],"collection":[{"href":"https:\/\/inces.gob.ve\/index.php\/wp-json\/wp\/v2\/posts"}],"about":[{"href":"https:\/\/inces.gob.ve\/index.php\/wp-json\/wp\/v2\/types\/post"}],"author":[{"embeddable":true,"href":"https:\/\/inces.gob.ve\/index.php\/wp-json\/wp\/v2\/users\/15"}],"replies":[{"embeddable":true,"href":"https:\/\/inces.gob.ve\/index.php\/wp-json\/wp\/v2\/comments?post=22194"}],"version-history":[{"count":2,"href":"https:\/\/inces.gob.ve\/index.php\/wp-json\/wp\/v2\/posts\/22194\/revisions"}],"predecessor-version":[{"id":22199,"href":"https:\/\/inces.gob.ve\/index.php\/wp-json\/wp\/v2\/posts\/22194\/revisions\/22199"}],"wp:featuredmedia":[{"embeddable":true,"href":"https:\/\/inces.gob.ve\/index.php\/wp-json\/wp\/v2\/media\/22197"}],"wp:attachment":[{"href":"https:\/\/inces.gob.ve\/index.php\/wp-json\/wp\/v2\/media?parent=22194"}],"wp:term":[{"taxonomy":"category","embeddable":true,"href":"https:\/\/inces.gob.ve\/index.php\/wp-json\/wp\/v2\/categories?post=22194"},{"taxonomy":"post_tag","embeddable":true,"href":"https:\/\/inces.gob.ve\/index.php\/wp-json\/wp\/v2\/tags?post=22194"}],"curies":[{"name":"wp","href":"https:\/\/api.w.org\/{rel}","templated":true}]}}