{"id":22213,"date":"2018-11-13T07:58:42","date_gmt":"2018-11-13T13:58:42","guid":{"rendered":"http:\/\/www.inces.gob.ve\/?p=22213"},"modified":"2020-05-28T20:30:31","modified_gmt":"2020-05-29T00:30:31","slug":"aprendices-de-inces-carabobo-se-suman-a-las-brigadas-de-reparacion-de-mesas-sillas","status":"publish","type":"post","link":"https:\/\/inces.gob.ve\/index.php\/2018\/11\/13\/aprendices-de-inces-carabobo-se-suman-a-las-brigadas-de-reparacion-de-mesas-sillas\/","title":{"rendered":"Aprendices de Inces Carabobo se suman a las brigadas de reparaci\u00f3n de mesas &#8211; sillas"},"content":{"rendered":"<p align=\"justify\"><span style=\"font-family: Arial,sans-serif;\"><i><b>** En la jornada se realiz\u00f3 la reparaci\u00f3n de 20 mesas &#8211; sillas, 34 pupitres y una cocina del comedor, igualmente se hizo mantenimiento al huerto escolar de la UEN Vicente Wallys, del municipio Guacara <\/b><\/i><\/span><\/p>\n<p align=\"justify\"><!--more--><\/p>\n<p align=\"justify\"><span style=\"font-family: Arial,sans-serif;\"><b>SANDRA AGUILAR | Carabobo<\/b><\/span><\/p>\n<p align=\"justify\"><span style=\"font-family: Arial,sans-serif;\">Jes\u00fas Castillo, coordinador del Programa Nacional de Aprendizaje (PNA) de Carabobo, explic\u00f3 que, con la finalidad de dar cumplimiento a las orientaciones emanadas por el ministro de Educaci\u00f3n, Arist\u00f3bulo Ist\u00fariz, los aprendices del Inces abordaron la unidad educativa Vicente Wallys, del municipio Guacara, con la finalidad de reparar las mesas \u2013 sillas y otros bienes muebles pertenecientes al plantel.<\/span><\/p>\n<p align=\"justify\"><span style=\"font-family: Arial,sans-serif;\">Castillo inform\u00f3 que en la primera etapa del abordaje para la reparaci\u00f3n de las mesas &#8211; sillas \u201chemos avanzado en varias parroquias del estado Carabobo. El d\u00eda de hoy, los aprendices Inces del oficio Mec\u00e1nica de Mantenimiento y Asistentente Administrativo fueron el apoyo a este gran logro de embellecimiento, donde se realizaron las siguientes reparaciones: arreglo de 2 portones: uno ubicado en el comedor y el otro en la entrada principal, mantenimiento del huerto escolar y pintura de un mural de Sim\u00f3n Rodr\u00edguez, a cargo de los estudiantes.<\/span><\/p>\n<p align=\"justify\"><span style=\"font-family: Arial,sans-serif;\"><img loading=\"lazy\" decoding=\"async\" class=\"aligncenter wp-image-22215 size-full\" src=\"http:\/\/www.inces.gob.ve\/wp-content\/uploads\/2018\/11\/1brigadas-de-reparaci\u00f3n.png\" alt=\"\" width=\"800\" height=\"489\" srcset=\"https:\/\/inces.gob.ve\/wp-content\/uploads\/2018\/11\/1brigadas-de-reparaci\u00f3n.png 800w, https:\/\/inces.gob.ve\/wp-content\/uploads\/2018\/11\/1brigadas-de-reparaci\u00f3n-300x183.png 300w, https:\/\/inces.gob.ve\/wp-content\/uploads\/2018\/11\/1brigadas-de-reparaci\u00f3n-768x469.png 768w\" sizes=\"auto, (max-width: 800px) 100vw, 800px\" \/><\/span><\/p>\n<p align=\"justify\"><span style=\"font-family: Arial,sans-serif;\">Durante la jornada, estuvo acompa\u00f1ando al Inces la directora el plantel, Tatiana Silva y los padres y representantes de los estudiantes.<\/span><\/p>\n<p align=\"justify\"><span style=\"font-family: Arial,sans-serif;\">Belinda Su\u00e1rez, representante de la escuela, expres\u00f3: \u201cTenemos que sentirnos parte de nuestras escuelas; embellecer el lugar y mantener siempre los espacios donde nuestros hijos se forman. Me siento feliz y agradecida con el Gobierno Bolivariano por este gran apoyo.\u201cEducar en Comunidad\u201d, lema del nuevo a\u00f1o escolar 2018-2019.<\/span><\/p>\n<p align=\"justify\">LT.<\/p>\n","protected":false},"excerpt":{"rendered":"<p>** En la jornada se realiz\u00f3 la reparaci\u00f3n de 20 mesas &#8211; sillas, 34 pupitres y una cocina del comedor, igualmente se hizo mantenimiento al huerto escolar de la UEN Vicente Wallys, del municipio Guacara<\/p>\n","protected":false},"author":15,"featured_media":22214,"comment_status":"closed","ping_status":"closed","sticky":false,"template":"","format":"standard","meta":{"footnotes":""},"categories":[2],"tags":[],"class_list":["post-22213","post","type-post","status-publish","format-standard","has-post-thumbnail","hentry","category-blog"],"_links":{"self":[{"href":"https:\/\/inces.gob.ve\/index.php\/wp-json\/wp\/v2\/posts\/22213","targetHints":{"allow":["GET"]}}],"collection":[{"href":"https:\/\/inces.gob.ve\/index.php\/wp-json\/wp\/v2\/posts"}],"about":[{"href":"https:\/\/inces.gob.ve\/index.php\/wp-json\/wp\/v2\/types\/post"}],"author":[{"embeddable":true,"href":"https:\/\/inces.gob.ve\/index.php\/wp-json\/wp\/v2\/users\/15"}],"replies":[{"embeddable":true,"href":"https:\/\/inces.gob.ve\/index.php\/wp-json\/wp\/v2\/comments?post=22213"}],"version-history":[{"count":2,"href":"https:\/\/inces.gob.ve\/index.php\/wp-json\/wp\/v2\/posts\/22213\/revisions"}],"predecessor-version":[{"id":22217,"href":"https:\/\/inces.gob.ve\/index.php\/wp-json\/wp\/v2\/posts\/22213\/revisions\/22217"}],"wp:featuredmedia":[{"embeddable":true,"href":"https:\/\/inces.gob.ve\/index.php\/wp-json\/wp\/v2\/media\/22214"}],"wp:attachment":[{"href":"https:\/\/inces.gob.ve\/index.php\/wp-json\/wp\/v2\/media?parent=22213"}],"wp:term":[{"taxonomy":"category","embeddable":true,"href":"https:\/\/inces.gob.ve\/index.php\/wp-json\/wp\/v2\/categories?post=22213"},{"taxonomy":"post_tag","embeddable":true,"href":"https:\/\/inces.gob.ve\/index.php\/wp-json\/wp\/v2\/tags?post=22213"}],"curies":[{"name":"wp","href":"https:\/\/api.w.org\/{rel}","templated":true}]}}