{"id":22228,"date":"2018-11-13T08:39:07","date_gmt":"2018-11-13T14:39:07","guid":{"rendered":"http:\/\/www.inces.gob.ve\/?p=22228"},"modified":"2020-05-28T20:33:30","modified_gmt":"2020-05-29T00:33:30","slug":"85-madres-comunitarias-del-senifa-fueron-certificadas-por-el-inces-en-el-arte-culinario","status":"publish","type":"post","link":"https:\/\/inces.gob.ve\/index.php\/2018\/11\/13\/85-madres-comunitarias-del-senifa-fueron-certificadas-por-el-inces-en-el-arte-culinario\/","title":{"rendered":"85 madres comunitarias del Senifa fueron certificadas por el Inces en el arte culinario"},"content":{"rendered":"<p align=\"justify\"><span style=\"font-family: Arial,sans-serif;\"><i><b>** La jornada de certificaci\u00f3n se realiz\u00f3 con el CFS Jos\u00e9 Bernardo Dorante de Quibor, estado Lara<\/b><\/i><\/span><\/p>\n<p align=\"justify\"><!--more--><\/p>\n<p align=\"justify\"><span style=\"font-family: Arial,sans-serif;\"><b>GAUDY L\u00d3PEZ | Lara<\/b><\/span><\/p>\n<p align=\"justify\"><span style=\"font-family: Arial,sans-serif;\">Un total de 85 madres comunitarias integrales del Servicio Nacional Aut\u00f3nomo de Atenci\u00f3n Integral a la Infancia y a la Familia, (Senifa), de Quibor, en el municipio Jim\u00e9nez, estado Lara, fueron acreditadas por su buena saz\u00f3n en la preparaci\u00f3n de comidas caseras y dulces, por el centro de formaci\u00f3n socialista (CFS) \u201cJos\u00e9 Bernardo Dorante\u201d.<\/span><\/p>\n<p align=\"justify\"><strong><span style=\"font-family: Arial,sans-serif;\">Madre comunitarias ponen a prueba su saz\u00f3n<\/span><\/strong><\/p>\n<p align=\"justify\"><span style=\"font-family: Arial,sans-serif;\">El plan de certificaci\u00f3n se realiz\u00f3 en articulaci\u00f3n con la Coordinaci\u00f3n Regional y Municipal del Senifa, ente adscrito al Ministerio del Poder Popular Para la Educaci\u00f3n, el cual benefici\u00f3 a madres comunitarias dedicadas a la atenci\u00f3n de los ni\u00f1os y ni\u00f1as de los simoncitos Quibore\u00f1ito, Divino Ni\u00f1o, Jos\u00e9 Amado II y San Jacinto, pertenecientes a las parroquias Juan Bautista Rodr\u00edguez y coronel Mariano Pereza, del municipio Jim\u00e9nez. <\/span><\/p>\n<p align=\"justify\"><span style=\"font-family: Arial,sans-serif;\"><img loading=\"lazy\" decoding=\"async\" class=\"aligncenter wp-image-22230 size-full\" src=\"http:\/\/www.inces.gob.ve\/wp-content\/uploads\/2018\/11\/2madres-comunitarias-del-Senifa.jpg\" alt=\"\" width=\"800\" height=\"714\" srcset=\"https:\/\/inces.gob.ve\/wp-content\/uploads\/2018\/11\/2madres-comunitarias-del-Senifa.jpg 800w, https:\/\/inces.gob.ve\/wp-content\/uploads\/2018\/11\/2madres-comunitarias-del-Senifa-300x268.jpg 300w, https:\/\/inces.gob.ve\/wp-content\/uploads\/2018\/11\/2madres-comunitarias-del-Senifa-768x685.jpg 768w\" sizes=\"auto, (max-width: 800px) 100vw, 800px\" \/><\/span><\/p>\n<p align=\"justify\"><span style=\"font-family: Arial,sans-serif;\">La maestra t\u00e9cnica productiva (MTP) Rosa Rodr\u00edguez, facilitadora de las jornadas de certificaci\u00f3n realizada con las madres del Senifa, destac\u00f3 que en el proceso de validaci\u00f3n de los saberes en los oficios de Cocina Dom\u00e9stica y Dulcer\u00eda Criolla se valoran y reconoce la forma de organizar la cocina, la utilizaci\u00f3n de los implementos, las normas de higiene y seguridad y las habilidades y destrezas en la preparaci\u00f3n de los alimentos.<\/span><\/p>\n<p align=\"justify\"><img loading=\"lazy\" decoding=\"async\" class=\"aligncenter wp-image-22231 size-full\" src=\"http:\/\/www.inces.gob.ve\/wp-content\/uploads\/2018\/11\/1madres-comunitarias-del-Senifa.jpg\" alt=\"\" width=\"800\" height=\"453\" srcset=\"https:\/\/inces.gob.ve\/wp-content\/uploads\/2018\/11\/1madres-comunitarias-del-Senifa.jpg 800w, https:\/\/inces.gob.ve\/wp-content\/uploads\/2018\/11\/1madres-comunitarias-del-Senifa-300x170.jpg 300w, https:\/\/inces.gob.ve\/wp-content\/uploads\/2018\/11\/1madres-comunitarias-del-Senifa-768x435.jpg 768w\" sizes=\"auto, (max-width: 800px) 100vw, 800px\" \/><\/p>\n<p align=\"justify\"><span style=\"font-family: Arial,sans-serif;\">Para complementar el cronograma de certificaci\u00f3n con las madres del Senifa en los pr\u00f3ximos d\u00edas se reconocer\u00e1n los saberes en el arte culinario a 50 madres comunitarias que cuidan y brindan abrigo y protecci\u00f3n a los peque\u00f1os de la casa en simoncitos de las parroquias larenses Tintorero y San Miguel.<\/span><\/p>\n<p align=\"justify\">LT.<\/p>\n","protected":false},"excerpt":{"rendered":"<p>** La jornada de certificaci\u00f3n se realiz\u00f3 con el CFS Jos\u00e9 Bernardo Dorante de Quibor, estado Lara<\/p>\n","protected":false},"author":15,"featured_media":22229,"comment_status":"closed","ping_status":"closed","sticky":false,"template":"","format":"standard","meta":{"footnotes":""},"categories":[2],"tags":[],"class_list":["post-22228","post","type-post","status-publish","format-standard","has-post-thumbnail","hentry","category-blog"],"_links":{"self":[{"href":"https:\/\/inces.gob.ve\/index.php\/wp-json\/wp\/v2\/posts\/22228","targetHints":{"allow":["GET"]}}],"collection":[{"href":"https:\/\/inces.gob.ve\/index.php\/wp-json\/wp\/v2\/posts"}],"about":[{"href":"https:\/\/inces.gob.ve\/index.php\/wp-json\/wp\/v2\/types\/post"}],"author":[{"embeddable":true,"href":"https:\/\/inces.gob.ve\/index.php\/wp-json\/wp\/v2\/users\/15"}],"replies":[{"embeddable":true,"href":"https:\/\/inces.gob.ve\/index.php\/wp-json\/wp\/v2\/comments?post=22228"}],"version-history":[{"count":3,"href":"https:\/\/inces.gob.ve\/index.php\/wp-json\/wp\/v2\/posts\/22228\/revisions"}],"predecessor-version":[{"id":22234,"href":"https:\/\/inces.gob.ve\/index.php\/wp-json\/wp\/v2\/posts\/22228\/revisions\/22234"}],"wp:featuredmedia":[{"embeddable":true,"href":"https:\/\/inces.gob.ve\/index.php\/wp-json\/wp\/v2\/media\/22229"}],"wp:attachment":[{"href":"https:\/\/inces.gob.ve\/index.php\/wp-json\/wp\/v2\/media?parent=22228"}],"wp:term":[{"taxonomy":"category","embeddable":true,"href":"https:\/\/inces.gob.ve\/index.php\/wp-json\/wp\/v2\/categories?post=22228"},{"taxonomy":"post_tag","embeddable":true,"href":"https:\/\/inces.gob.ve\/index.php\/wp-json\/wp\/v2\/tags?post=22228"}],"curies":[{"name":"wp","href":"https:\/\/api.w.org\/{rel}","templated":true}]}}