{"id":22238,"date":"2018-11-13T09:50:51","date_gmt":"2018-11-13T15:50:51","guid":{"rendered":"http:\/\/www.inces.gob.ve\/?p=22238"},"modified":"2020-05-28T20:30:31","modified_gmt":"2020-05-29T00:30:31","slug":"aprendices-y-practicantes-inces-vigorizan-valores-patrios","status":"publish","type":"post","link":"https:\/\/inces.gob.ve\/index.php\/2018\/11\/13\/aprendices-y-practicantes-inces-vigorizan-valores-patrios\/","title":{"rendered":"Aprendices y practicantes Inces vigorizan valores patrios"},"content":{"rendered":"<p style=\"text-align: justify;\" align=\"justify\"><span style=\"font-family: Arial,sans-serif;\">*<i><b>Un nutrido grupo de aprendices y practicantes del Inces Trujillo asisten todos los lunes a sus clases de instrucci\u00f3n premilitar en el centro de formaci\u00f3n socialista (CFS) \u201cAli Primera\u201d donde en cada encuentro estos j\u00f3venes, con el entusiasmo que les caracteriza, realizan las pr\u00e1cticas del d\u00eda.<\/b><\/i><\/span><\/p>\n<p style=\"text-align: justify;\" align=\"justify\">\n<!--more--><\/p>\n<p style=\"text-align: justify;\" align=\"justify\"><span style=\"font-family: Arial,sans-serif;\"><b>MAR\u00cdA CABRERA | Trujillo<\/b><\/span><\/p>\n<p style=\"text-align: justify;\" align=\"justify\">\n<p style=\"text-align: justify;\" align=\"justify\"><span style=\"font-family: Arial,sans-serif;\">El sargento segundo, Yolberto Vergara y el teniente Wilmer de Jes\u00fas D\u00edaz son los encargados de impartir esta formaci\u00f3n en las instalaciones del centro. Ellos dan cuenta del esfuerzo y la dedicaci\u00f3n que demanda el hacer que estos j\u00f3venes se capaciten de forma integral y segura, aspectos que, dada la coyuntura nacional, resulta loable.<\/span><\/p>\n<p style=\"text-align: justify;\" align=\"justify\">\n<p style=\"text-align: justify;\" align=\"justify\"><span style=\"font-family: Arial,sans-serif;\">Entre risas, camarader\u00eda, disciplina, pero sobre todo con ganas de apostar a la reconstrucci\u00f3n de una sociedad asediada por el bloqueo internacional que pretende poner en jaque al gobierno del presidente Nicol\u00e1s Maduro, transcurre esta formaci\u00f3n conducida por dos profesionales de las ciencias militares, todo enmarcados en los ideales del pensamiento Zamorano, Bolivariano, Mirandino, Sucrense y Robinsoniano.<\/span><\/p>\n<p style=\"text-align: justify;\" align=\"justify\">\n<p style=\"text-align: justify;\" align=\"justify\">\n","protected":false},"excerpt":{"rendered":"<p>*Un nutrido grupo de aprendices y practicantes del Inces Trujillo asisten todos los lunes a sus clases de instrucci\u00f3n premilitar en el centro de formaci\u00f3n socialista (CFS) \u201cAli Primera\u201d donde en cada encuentro estos j\u00f3venes, con el entusiasmo que les caracteriza, realizan las pr\u00e1cticas del d\u00eda.<\/p>\n","protected":false},"author":15,"featured_media":22210,"comment_status":"closed","ping_status":"closed","sticky":false,"template":"","format":"standard","meta":{"footnotes":""},"categories":[2],"tags":[],"class_list":["post-22238","post","type-post","status-publish","format-standard","has-post-thumbnail","hentry","category-blog"],"_links":{"self":[{"href":"https:\/\/inces.gob.ve\/index.php\/wp-json\/wp\/v2\/posts\/22238","targetHints":{"allow":["GET"]}}],"collection":[{"href":"https:\/\/inces.gob.ve\/index.php\/wp-json\/wp\/v2\/posts"}],"about":[{"href":"https:\/\/inces.gob.ve\/index.php\/wp-json\/wp\/v2\/types\/post"}],"author":[{"embeddable":true,"href":"https:\/\/inces.gob.ve\/index.php\/wp-json\/wp\/v2\/users\/15"}],"replies":[{"embeddable":true,"href":"https:\/\/inces.gob.ve\/index.php\/wp-json\/wp\/v2\/comments?post=22238"}],"version-history":[{"count":1,"href":"https:\/\/inces.gob.ve\/index.php\/wp-json\/wp\/v2\/posts\/22238\/revisions"}],"predecessor-version":[{"id":22239,"href":"https:\/\/inces.gob.ve\/index.php\/wp-json\/wp\/v2\/posts\/22238\/revisions\/22239"}],"wp:featuredmedia":[{"embeddable":true,"href":"https:\/\/inces.gob.ve\/index.php\/wp-json\/wp\/v2\/media\/22210"}],"wp:attachment":[{"href":"https:\/\/inces.gob.ve\/index.php\/wp-json\/wp\/v2\/media?parent=22238"}],"wp:term":[{"taxonomy":"category","embeddable":true,"href":"https:\/\/inces.gob.ve\/index.php\/wp-json\/wp\/v2\/categories?post=22238"},{"taxonomy":"post_tag","embeddable":true,"href":"https:\/\/inces.gob.ve\/index.php\/wp-json\/wp\/v2\/tags?post=22238"}],"curies":[{"name":"wp","href":"https:\/\/api.w.org\/{rel}","templated":true}]}}