{"id":22256,"date":"2018-11-13T12:40:57","date_gmt":"2018-11-13T18:40:57","guid":{"rendered":"http:\/\/www.inces.gob.ve\/?p=22256"},"modified":"2020-05-28T20:30:31","modified_gmt":"2020-05-29T00:30:31","slug":"inces-tachira-certifica-a-100-privados-de-libertad","status":"publish","type":"post","link":"https:\/\/inces.gob.ve\/index.php\/2018\/11\/13\/inces-tachira-certifica-a-100-privados-de-libertad\/","title":{"rendered":"Inces T\u00e1chira certifica a 100 privados de libertad"},"content":{"rendered":"<p class=\"western\" style=\"text-align: justify;\" align=\"justify\"><span style=\"font-family: Arial,sans-serif;\">** <i><b>La instituci\u00f3n reconoce las destrezas y habilidades de quienes demuestran conocimiento de un oficio<\/b><\/i><\/span><\/p>\n<p class=\"western\" style=\"text-align: justify;\" align=\"justify\">\n<!--more--><\/p>\n<p class=\"western\" style=\"text-align: justify;\" align=\"justify\"><span style=\"font-family: Arial,sans-serif;\"><b>PRENSA INCES | T\u00e1chira<\/b><\/span><\/p>\n<p class=\"western\" style=\"text-align: justify;\" align=\"justify\">\n<p class=\"western\" style=\"text-align: justify;\" align=\"justify\">\n<p class=\"western\" style=\"text-align: justify;\" align=\"justify\"><span style=\"font-family: Arial,sans-serif;\">Geovanni Gonz\u00e1lez, gerente regional del Inces T\u00e1chira, junto a su equipo de trabajo y al Ministerio del Poder Popular para el Servicio Penitenciario, realizan continuas jornadas de certificaci\u00f3n de saberes en el Centro Penitenciario de Occidente (CPO), atendiendo as\u00ed a los privados de libertad.<\/span><\/p>\n<p class=\"western\" style=\"text-align: justify;\" align=\"justify\">\n<p class=\"western\" style=\"text-align: justify;\" align=\"justify\"><span style=\"font-family: Arial,sans-serif;\">En el abordaje que realiz\u00f3 el Inces T\u00e1chira al Centro Penitenciario de Occidente (CPO), se certificaron 100 privados de libertad del anexo femenino y masculino en las \u00e1reas de Cocina Dom\u00e9stica, Dulcer\u00eda Criolla, Panader\u00eda, Latoner\u00eda y Mec\u00e1nica; reconociendo los saberes emp\u00edricos de quienes se encuentran en estos recintos.<\/span><\/p>\n<p class=\"western\" style=\"text-align: justify;\" align=\"justify\"><span style=\"font-family: Arial,sans-serif;\"><img loading=\"lazy\" decoding=\"async\" class=\"aligncenter wp-image-22258 size-full\" src=\"http:\/\/www.inces.gob.ve\/wp-content\/uploads\/2018\/11\/2privados-de-libertad-.jpg\" alt=\"\" width=\"800\" height=\"744\" srcset=\"https:\/\/inces.gob.ve\/wp-content\/uploads\/2018\/11\/2privados-de-libertad-.jpg 800w, https:\/\/inces.gob.ve\/wp-content\/uploads\/2018\/11\/2privados-de-libertad--300x279.jpg 300w, https:\/\/inces.gob.ve\/wp-content\/uploads\/2018\/11\/2privados-de-libertad--768x714.jpg 768w, https:\/\/inces.gob.ve\/wp-content\/uploads\/2018\/11\/2privados-de-libertad--340x316.jpg 340w\" sizes=\"auto, (max-width: 800px) 100vw, 800px\" \/><\/span><\/p>\n<p class=\"western\" style=\"text-align: justify;\" align=\"justify\"><span style=\"font-family: Arial,sans-serif;\">Gonz\u00e1lez manifest\u00f3 que el Inces es un centro de formaci\u00f3n que brinda las herramientas necesarias para que los privados de libertad puedan continuar sus formaciones por medio de cursos que les permiten poner en pr\u00e1ctica sus destrezas y habilidades, y as\u00ed lograr la transformaci\u00f3n hacia el hombre nuevo.<\/span><\/p>\n<p class=\"western\" style=\"text-align: justify;\" align=\"justify\">\n<p class=\"western\" style=\"text-align: justify;\" align=\"justify\"><span style=\"font-family: Arial,sans-serif;\">De igual manera, el gerente recalc\u00f3 que las certificaciones que brinda el Inces les permite optar por acreditaciones de la banca publica y as\u00ed crear y organizar empresas socio productivas.<\/span><\/p>\n<p class=\"western\" style=\"text-align: justify;\" align=\"justify\">\n<img loading=\"lazy\" decoding=\"async\" class=\"aligncenter wp-image-22259 size-full\" src=\"http:\/\/www.inces.gob.ve\/wp-content\/uploads\/2018\/11\/1privados-de-libertad-.jpg\" alt=\"\" width=\"800\" height=\"496\" srcset=\"https:\/\/inces.gob.ve\/wp-content\/uploads\/2018\/11\/1privados-de-libertad-.jpg 800w, https:\/\/inces.gob.ve\/wp-content\/uploads\/2018\/11\/1privados-de-libertad--300x186.jpg 300w, https:\/\/inces.gob.ve\/wp-content\/uploads\/2018\/11\/1privados-de-libertad--768x476.jpg 768w\" sizes=\"auto, (max-width: 800px) 100vw, 800px\" \/><\/p>\n<p class=\"western\" style=\"text-align: justify;\" align=\"justify\"><span style=\"font-family: Arial,sans-serif;\">Para finalizar, Gonz\u00e1lez destac\u00f3 que las jornadas de certificaci\u00f3n continuar\u00e1n en el CPO para lograr atender a toda la poblaci\u00f3n y reconocer los saberes de cada privado de libertad en diferentes \u00e1reas productivas.<\/span><\/p>\n<p class=\"western\" style=\"text-align: justify;\" align=\"justify\">\nLT.<\/p>\n","protected":false},"excerpt":{"rendered":"<p>** La instituci\u00f3n reconoce las destrezas y habilidades de quienes demuestran conocimiento de un oficio<\/p>\n","protected":false},"author":15,"featured_media":22257,"comment_status":"closed","ping_status":"closed","sticky":false,"template":"","format":"standard","meta":{"footnotes":""},"categories":[2],"tags":[],"class_list":["post-22256","post","type-post","status-publish","format-standard","has-post-thumbnail","hentry","category-blog"],"_links":{"self":[{"href":"https:\/\/inces.gob.ve\/index.php\/wp-json\/wp\/v2\/posts\/22256","targetHints":{"allow":["GET"]}}],"collection":[{"href":"https:\/\/inces.gob.ve\/index.php\/wp-json\/wp\/v2\/posts"}],"about":[{"href":"https:\/\/inces.gob.ve\/index.php\/wp-json\/wp\/v2\/types\/post"}],"author":[{"embeddable":true,"href":"https:\/\/inces.gob.ve\/index.php\/wp-json\/wp\/v2\/users\/15"}],"replies":[{"embeddable":true,"href":"https:\/\/inces.gob.ve\/index.php\/wp-json\/wp\/v2\/comments?post=22256"}],"version-history":[{"count":1,"href":"https:\/\/inces.gob.ve\/index.php\/wp-json\/wp\/v2\/posts\/22256\/revisions"}],"predecessor-version":[{"id":22260,"href":"https:\/\/inces.gob.ve\/index.php\/wp-json\/wp\/v2\/posts\/22256\/revisions\/22260"}],"wp:featuredmedia":[{"embeddable":true,"href":"https:\/\/inces.gob.ve\/index.php\/wp-json\/wp\/v2\/media\/22257"}],"wp:attachment":[{"href":"https:\/\/inces.gob.ve\/index.php\/wp-json\/wp\/v2\/media?parent=22256"}],"wp:term":[{"taxonomy":"category","embeddable":true,"href":"https:\/\/inces.gob.ve\/index.php\/wp-json\/wp\/v2\/categories?post=22256"},{"taxonomy":"post_tag","embeddable":true,"href":"https:\/\/inces.gob.ve\/index.php\/wp-json\/wp\/v2\/tags?post=22256"}],"curies":[{"name":"wp","href":"https:\/\/api.w.org\/{rel}","templated":true}]}}