{"id":22261,"date":"2018-11-13T12:55:16","date_gmt":"2018-11-13T18:55:16","guid":{"rendered":"http:\/\/www.inces.gob.ve\/?p=22261"},"modified":"2020-05-28T20:30:30","modified_gmt":"2020-05-29T00:30:30","slug":"cfs-el-vigia-impulsa-reparacion-de-mesas-sillas-en-escuelas-de-la-zona-panamericana","status":"publish","type":"post","link":"https:\/\/inces.gob.ve\/index.php\/2018\/11\/13\/cfs-el-vigia-impulsa-reparacion-de-mesas-sillas-en-escuelas-de-la-zona-panamericana\/","title":{"rendered":"CFS El Vig\u00eda impulsa reparaci\u00f3n de mesas &#8211; sillas en escuelas de la zona Panamericana"},"content":{"rendered":"<p style=\"text-align: justify;\" align=\"justify\"><span style=\"font-family: Arial,sans-serif;\"><b>**<i> El trabajo de recuperaci\u00f3n se desarrolla de manera conjunta con el Consejo Educativo de cada una de las escuelas y liceos del sector<\/i><\/b><\/span><\/p>\n<p style=\"text-align: justify;\" align=\"justify\">\n<p style=\"text-align: justify;\" align=\"justify\">\n<!--more--><\/p>\n<p style=\"text-align: justify;\" align=\"justify\"><span style=\"font-family: Arial,sans-serif;\"><b>NADIA LOBO | M\u00e9rida<\/b><\/span><\/p>\n<p style=\"text-align: justify;\" align=\"justify\">\n<p style=\"text-align: justify;\" align=\"justify\"><span style=\"font-family: Arial,sans-serif;\">Dando cumplimiento a las instrucciones del Gobierno Bolivariano y del presidente Nicol\u00e1s Maduro, el centro de formaci\u00f3n socialista (CFS) El Vig\u00eda, avanza en el plan nacional de reparaci\u00f3n y recuperaci\u00f3n de mesas, sillas y pupitres de las escuelas y liceos, ubicados en la zona Panamericana del estado M\u00e9rida.<\/span><\/p>\n<p style=\"text-align: justify;\" align=\"justify\">\n<p style=\"text-align: justify;\" align=\"justify\">\n<p style=\"text-align: justify;\" align=\"justify\"><span style=\"font-family: Arial,sans-serif;\">As\u00ed lo dio a conocer la gerente regional del Inces M\u00e9rida, Yvonne Pirela, quien destac\u00f3 el trabajo que se viene desarrollando en los talleres de carpinter\u00eda, Herrer\u00eda y Soldadura del CFS El Vig\u00eda, donde se ha consolidado un equipo de trabajo con participantes, maestros y promotores t\u00e9cnicos productivos, aprendices y trabajadores, quienes de manera voluntaria realizan los trabajos de recuperaci\u00f3n de los pupitres.<\/span><\/p>\n<p style=\"text-align: justify;\" align=\"justify\"><img loading=\"lazy\" decoding=\"async\" class=\"aligncenter wp-image-22262 size-full\" src=\"http:\/\/www.inces.gob.ve\/wp-content\/uploads\/2018\/11\/6reparaci\u00f3n-de-mesas-sillas.jpg\" alt=\"\" width=\"800\" height=\"503\" srcset=\"https:\/\/inces.gob.ve\/wp-content\/uploads\/2018\/11\/6reparaci\u00f3n-de-mesas-sillas.jpg 800w, https:\/\/inces.gob.ve\/wp-content\/uploads\/2018\/11\/6reparaci\u00f3n-de-mesas-sillas-300x189.jpg 300w, https:\/\/inces.gob.ve\/wp-content\/uploads\/2018\/11\/6reparaci\u00f3n-de-mesas-sillas-768x483.jpg 768w\" sizes=\"auto, (max-width: 800px) 100vw, 800px\" \/><span style=\"font-family: Arial,sans-serif;\">En este sentido, actualmente se encuentran en reparaci\u00f3n, en los talleres del Inces, un n\u00famero importante de mesas y sillas de la unidad educativa \u201cPresbitero Jos\u00e9 Ignacio Olivares\u201d, ubicada en la ciudad de El Vig\u00eda, muebles que requieren cambio de madera, soldadura y tornillos; trabajo que se realiza en coordinaci\u00f3n con el Consejo Educativo, a trav\u00e9s de la Brigada de Mantenimiento de dicha instituci\u00f3n.<\/span><\/p>\n<p style=\"text-align: justify;\" align=\"justify\"><span style=\"font-family: Arial,sans-serif;\"><img loading=\"lazy\" decoding=\"async\" class=\"aligncenter wp-image-22265 size-full\" src=\"http:\/\/www.inces.gob.ve\/wp-content\/uploads\/2018\/11\/1reparaci\u00f3n-de-mesas-sillas.jpg\" alt=\"\" width=\"800\" height=\"601\" srcset=\"https:\/\/inces.gob.ve\/wp-content\/uploads\/2018\/11\/1reparaci\u00f3n-de-mesas-sillas.jpg 800w, https:\/\/inces.gob.ve\/wp-content\/uploads\/2018\/11\/1reparaci\u00f3n-de-mesas-sillas-300x225.jpg 300w, https:\/\/inces.gob.ve\/wp-content\/uploads\/2018\/11\/1reparaci\u00f3n-de-mesas-sillas-768x577.jpg 768w, https:\/\/inces.gob.ve\/wp-content\/uploads\/2018\/11\/1reparaci\u00f3n-de-mesas-sillas-136x102.jpg 136w\" sizes=\"auto, (max-width: 800px) 100vw, 800px\" \/><\/span><\/p>\n<p style=\"text-align: justify;\" align=\"justify\"><span style=\"font-family: Arial,sans-serif;\"><br \/>\n<b>Aprendices Inces de los cursos Carpinter\u00eda y Ebanister\u00eda<\/b><\/span><\/p>\n<p style=\"text-align: justify;\" align=\"justify\">\n<p style=\"text-align: justify;\" align=\"justify\"><span style=\"font-family: Arial,sans-serif;\">Por su parte, Luis Calder\u00f3n, como responsable del centro de formaci\u00f3n socialista (CFS) El Vig\u00eda, destac\u00f3 la participaci\u00f3n de los j\u00f3venes aprendices y participantes de los cursos de Carpinter\u00eda y Ebanister\u00eda, quienes han asumido la tarea con mucho compromiso y abnegaci\u00f3n, pues ya lograron entregar las primeras 85 mesas &#8211; sillas recuperadas al Instituto Bolivariano de Educaci\u00f3n Especial \u00abAsunci\u00f3n Dugarte\u00bb, que permite el mejoramiento y el acondicionamiento de sus aulas.<\/span><\/p>\n<p style=\"text-align: justify;\" align=\"justify\"><img loading=\"lazy\" decoding=\"async\" class=\"aligncenter wp-image-22264 size-full\" src=\"http:\/\/www.inces.gob.ve\/wp-content\/uploads\/2018\/11\/3reparaci\u00f3n-de-mesas-sillas.jpg\" alt=\"\" width=\"800\" height=\"645\" srcset=\"https:\/\/inces.gob.ve\/wp-content\/uploads\/2018\/11\/3reparaci\u00f3n-de-mesas-sillas.jpg 800w, https:\/\/inces.gob.ve\/wp-content\/uploads\/2018\/11\/3reparaci\u00f3n-de-mesas-sillas-300x242.jpg 300w, https:\/\/inces.gob.ve\/wp-content\/uploads\/2018\/11\/3reparaci\u00f3n-de-mesas-sillas-768x619.jpg 768w\" sizes=\"auto, (max-width: 800px) 100vw, 800px\" \/><br \/>\n<span style=\"font-family: Arial,sans-serif;\">De igual manera, Calder\u00f3n inform\u00f3 que el Inces estar\u00e1 desarrollando en los pr\u00f3ximos d\u00edas la caracterizacion de los trabajadores de este instituto de educaci\u00f3n especial, con el objetivo de lograr la acreditaci\u00f3n de saberes, ancestrales, acad\u00e9micos y emp\u00edricos en ejercicio.<\/span><\/p>\n<p style=\"text-align: justify;\" align=\"justify\">\nLT.<\/p>\n<p style=\"text-align: justify;\" align=\"justify\">\n<p style=\"text-align: justify;\" align=\"justify\">\n","protected":false},"excerpt":{"rendered":"<p>** El trabajo de recuperaci\u00f3n se desarrolla de manera conjunta con el Consejo Educativo de cada una de las escuelas y liceos del sector<\/p>\n","protected":false},"author":15,"featured_media":22263,"comment_status":"closed","ping_status":"closed","sticky":false,"template":"","format":"standard","meta":{"footnotes":""},"categories":[2],"tags":[],"class_list":["post-22261","post","type-post","status-publish","format-standard","has-post-thumbnail","hentry","category-blog"],"_links":{"self":[{"href":"https:\/\/inces.gob.ve\/index.php\/wp-json\/wp\/v2\/posts\/22261","targetHints":{"allow":["GET"]}}],"collection":[{"href":"https:\/\/inces.gob.ve\/index.php\/wp-json\/wp\/v2\/posts"}],"about":[{"href":"https:\/\/inces.gob.ve\/index.php\/wp-json\/wp\/v2\/types\/post"}],"author":[{"embeddable":true,"href":"https:\/\/inces.gob.ve\/index.php\/wp-json\/wp\/v2\/users\/15"}],"replies":[{"embeddable":true,"href":"https:\/\/inces.gob.ve\/index.php\/wp-json\/wp\/v2\/comments?post=22261"}],"version-history":[{"count":1,"href":"https:\/\/inces.gob.ve\/index.php\/wp-json\/wp\/v2\/posts\/22261\/revisions"}],"predecessor-version":[{"id":22266,"href":"https:\/\/inces.gob.ve\/index.php\/wp-json\/wp\/v2\/posts\/22261\/revisions\/22266"}],"wp:featuredmedia":[{"embeddable":true,"href":"https:\/\/inces.gob.ve\/index.php\/wp-json\/wp\/v2\/media\/22263"}],"wp:attachment":[{"href":"https:\/\/inces.gob.ve\/index.php\/wp-json\/wp\/v2\/media?parent=22261"}],"wp:term":[{"taxonomy":"category","embeddable":true,"href":"https:\/\/inces.gob.ve\/index.php\/wp-json\/wp\/v2\/categories?post=22261"},{"taxonomy":"post_tag","embeddable":true,"href":"https:\/\/inces.gob.ve\/index.php\/wp-json\/wp\/v2\/tags?post=22261"}],"curies":[{"name":"wp","href":"https:\/\/api.w.org\/{rel}","templated":true}]}}