{"id":22280,"date":"2018-11-14T09:35:22","date_gmt":"2018-11-14T15:35:22","guid":{"rendered":"http:\/\/www.inces.gob.ve\/?p=22280"},"modified":"2020-05-28T20:30:30","modified_gmt":"2020-05-29T00:30:30","slug":"en-inces-merida-llego-la-navidad","status":"publish","type":"post","link":"https:\/\/inces.gob.ve\/index.php\/2018\/11\/14\/en-inces-merida-llego-la-navidad\/","title":{"rendered":"En Inces M\u00e9rida lleg\u00f3 la Navidad"},"content":{"rendered":"<p align=\"justify\"><span style=\"font-family: Arial,sans-serif;\">** La participaci\u00f3n y la creatividad se vislumbra en la elaboraci\u00f3n del tradicional pesebre para el Ni\u00f1o Jes\u00fas, en cada centro de formaci\u00f3n<\/span><\/p>\n<p align=\"justify\">\n<!--more--><\/p>\n<p align=\"justify\">\n<p align=\"justify\"><span style=\"font-family: Arial,sans-serif;\">NADIA LOBO| M\u00e9rida <\/span><\/p>\n<p align=\"justify\">\n<p align=\"justify\"><span style=\"font-family: Arial,sans-serif;\">La devoci\u00f3n que caracteriza a los meride\u00f1os y el esp\u00edritu de la Navidad invadieron los espacios administrativos y centros de formaci\u00f3n del Inces M\u00e9rida, para darle paso a la paz, la reconciliaci\u00f3n y la alegr\u00eda de la temporada decembrina.<\/span><\/p>\n<p align=\"justify\">\n<p align=\"justify\"><span style=\"font-family: Arial,sans-serif;\">La jornada comenz\u00f3 desde muy temprano con la elaboraci\u00f3n del tradicional Pesebre del Ni\u00f1o Jes\u00fas, por parte de aprendices y trabajadores de los centros de formaci\u00f3n socialista (CFS) El Vig\u00eda, Eli\u00e9zer Otaiza y Bicentenario de la ciudad de M\u00e9rida, quienes tambi\u00e9n decoraron los espacios con guirnaldas, bambalinas, afiches y luces por parte de los trabajadores del Inces.<\/span><\/p>\n<p><img loading=\"lazy\" decoding=\"async\" class=\"wp-image-22284 size-full\" src=\"http:\/\/www.inces.gob.ve\/wp-content\/uploads\/2018\/11\/1lleg\u00f3-la-Navidad.jpg\" alt=\"\" width=\"700\" height=\"525\" srcset=\"https:\/\/inces.gob.ve\/wp-content\/uploads\/2018\/11\/1lleg\u00f3-la-Navidad.jpg 700w, https:\/\/inces.gob.ve\/wp-content\/uploads\/2018\/11\/1lleg\u00f3-la-Navidad-300x225.jpg 300w, https:\/\/inces.gob.ve\/wp-content\/uploads\/2018\/11\/1lleg\u00f3-la-Navidad-136x102.jpg 136w\" sizes=\"auto, (max-width: 700px) 100vw, 700px\" \/><\/p>\n<p align=\"justify\"><span style=\"font-family: Arial,sans-serif;\">La actividad estuvo cargada de alegr\u00eda, pues permiti\u00f3 realizar un compartir entre los trabajadores y participantes para dar inicio de manera oficial a la Navidad, como la \u00e9poca mas linda del a\u00f1o, pues se busca impulsar la reconciliaci\u00f3n, la paz, la armon\u00eda, la hermanda y la concordia entre la gran familia del Instituto Nacional de Capacitaci\u00f3n y Educaci\u00f3n Socialista (Inces) del estado M\u00e9rida.<\/span><\/p>\n<p align=\"justify\"><img loading=\"lazy\" decoding=\"async\" class=\"aligncenter wp-image-22283 size-full\" src=\"http:\/\/www.inces.gob.ve\/wp-content\/uploads\/2018\/11\/2lleg\u00f3-la-Navidad.jpg\" alt=\"\" width=\"800\" height=\"808\" srcset=\"https:\/\/inces.gob.ve\/wp-content\/uploads\/2018\/11\/2lleg\u00f3-la-Navidad.jpg 800w, https:\/\/inces.gob.ve\/wp-content\/uploads\/2018\/11\/2lleg\u00f3-la-Navidad-297x300.jpg 297w, https:\/\/inces.gob.ve\/wp-content\/uploads\/2018\/11\/2lleg\u00f3-la-Navidad-768x776.jpg 768w, https:\/\/inces.gob.ve\/wp-content\/uploads\/2018\/11\/2lleg\u00f3-la-Navidad-760x768.jpg 760w\" sizes=\"auto, (max-width: 800px) 100vw, 800px\" \/><br \/>\n<span style=\"font-family: Arial,sans-serif;\">Por otra parte, La Coral del Inces M\u00e9rida se prepara con el repertorio para esta temporada decembrina, donde se espera con alegr\u00eda y emoci\u00f3n el recital y concierto de villancicos, aguinaldos y gaitas que esta agrupaci\u00f3n dedica a trabajadores y comunidades meride\u00f1as.<\/span><\/p>\n<p><img loading=\"lazy\" decoding=\"async\" class=\"wp-image-22282 size-full\" src=\"http:\/\/www.inces.gob.ve\/wp-content\/uploads\/2018\/11\/4lleg\u00f3-la-Navidad.jpg\" alt=\"\" width=\"700\" height=\"525\" srcset=\"https:\/\/inces.gob.ve\/wp-content\/uploads\/2018\/11\/4lleg\u00f3-la-Navidad.jpg 700w, https:\/\/inces.gob.ve\/wp-content\/uploads\/2018\/11\/4lleg\u00f3-la-Navidad-300x225.jpg 300w, https:\/\/inces.gob.ve\/wp-content\/uploads\/2018\/11\/4lleg\u00f3-la-Navidad-136x102.jpg 136w\" sizes=\"auto, (max-width: 700px) 100vw, 700px\" \/><\/p>\n<p align=\"justify\">\n<p align=\"justify\">\n<p align=\"justify\">\n","protected":false},"excerpt":{"rendered":"<p>** La participaci\u00f3n y la creatividad se vislumbra en la elaboraci\u00f3n del tradicional pesebre para el Ni\u00f1o Jes\u00fas, en cada centro de formaci\u00f3n<\/p>\n","protected":false},"author":15,"featured_media":22281,"comment_status":"closed","ping_status":"closed","sticky":false,"template":"","format":"standard","meta":{"footnotes":""},"categories":[2],"tags":[],"class_list":["post-22280","post","type-post","status-publish","format-standard","has-post-thumbnail","hentry","category-blog"],"_links":{"self":[{"href":"https:\/\/inces.gob.ve\/index.php\/wp-json\/wp\/v2\/posts\/22280","targetHints":{"allow":["GET"]}}],"collection":[{"href":"https:\/\/inces.gob.ve\/index.php\/wp-json\/wp\/v2\/posts"}],"about":[{"href":"https:\/\/inces.gob.ve\/index.php\/wp-json\/wp\/v2\/types\/post"}],"author":[{"embeddable":true,"href":"https:\/\/inces.gob.ve\/index.php\/wp-json\/wp\/v2\/users\/15"}],"replies":[{"embeddable":true,"href":"https:\/\/inces.gob.ve\/index.php\/wp-json\/wp\/v2\/comments?post=22280"}],"version-history":[{"count":1,"href":"https:\/\/inces.gob.ve\/index.php\/wp-json\/wp\/v2\/posts\/22280\/revisions"}],"predecessor-version":[{"id":22285,"href":"https:\/\/inces.gob.ve\/index.php\/wp-json\/wp\/v2\/posts\/22280\/revisions\/22285"}],"wp:featuredmedia":[{"embeddable":true,"href":"https:\/\/inces.gob.ve\/index.php\/wp-json\/wp\/v2\/media\/22281"}],"wp:attachment":[{"href":"https:\/\/inces.gob.ve\/index.php\/wp-json\/wp\/v2\/media?parent=22280"}],"wp:term":[{"taxonomy":"category","embeddable":true,"href":"https:\/\/inces.gob.ve\/index.php\/wp-json\/wp\/v2\/categories?post=22280"},{"taxonomy":"post_tag","embeddable":true,"href":"https:\/\/inces.gob.ve\/index.php\/wp-json\/wp\/v2\/tags?post=22280"}],"curies":[{"name":"wp","href":"https:\/\/api.w.org\/{rel}","templated":true}]}}