{"id":22341,"date":"2018-11-15T11:25:19","date_gmt":"2018-11-15T17:25:19","guid":{"rendered":"http:\/\/www.inces.gob.ve\/?p=22341"},"modified":"2020-05-28T20:30:30","modified_gmt":"2020-05-29T00:30:30","slug":"motor-agricola-siembra-conciencia-productiva-en-ninas-de-escuela-caraquena","status":"publish","type":"post","link":"https:\/\/inces.gob.ve\/index.php\/2018\/11\/15\/motor-agricola-siembra-conciencia-productiva-en-ninas-de-escuela-caraquena\/","title":{"rendered":"Motor Agr\u00edcola siembra conciencia productiva en ni\u00f1as de escuela caraque\u00f1a"},"content":{"rendered":"<p align=\"justify\"><span style=\"font-family: Arial,sans-serif;\"><i><b>** Una sencilla interacci\u00f3n formativa que ayudar\u00e1 a valorar los alimentos<\/b><\/i><\/span><\/p>\n<p align=\"justify\">\n<!--more--><\/p>\n<p align=\"justify\"><span style=\"font-family: Arial,sans-serif;\"><b>IVALDO RODR\u00cdGUEZ\/Inces Sede<\/b><\/span><\/p>\n<p align=\"justify\"><span style=\"font-family: Arial,sans-serif;\"><b>Fotos y datos: Formaci\u00f3n Profesional<\/b><\/span><\/p>\n<p align=\"justify\">\n<p align=\"justify\"><span style=\"font-family: Arial,sans-serif;\">Como una visita de inducci\u00f3n y promoci\u00f3n de cara a la preparaci\u00f3n y consolidaci\u00f3n de \u201cUn conuco en cada escuela\u201d en el marco del programa nacional \u201cTodas las manos a la Siembra\u201d, puede calificarse el acercamiento que cumpli\u00f3 una delegaci\u00f3n de la Gerencia General de Formaci\u00f3n Profesional del Inces sede, y en espec\u00edfico los integrantes del Motor Agr\u00edcola de esta dependencia, a la Escuela de ni\u00f1as San Jos\u00e9 de Tarbes ubicada en El Para\u00edso, en Caracas.<\/span><\/p>\n<p align=\"justify\">\n<p align=\"justify\"><span style=\"font-family: Arial,sans-serif;\">Cerca de 100 peque\u00f1as cursantes, desde 1ero a 4to a\u00f1o de educaci\u00f3n b\u00e1sica, recibieron valiosa informaci\u00f3n para el establecimiento de sembrad\u00edos de distinta \u00edndole, incluso de peque\u00f1as plantaciones, vali\u00e9ndose de material de reciclaje como botellas y envases pl\u00e1sticos en general, lo cual, si bien es cierto no aporta una gran producci\u00f3n f\u00edsica, s\u00ed aporta el conocimiento y el valor de la autosustentabilidad alimentaria en las ni\u00f1as quienes sembrar\u00e1n sus conciencias con una nueva visi\u00f3n de la producci\u00f3n propia.<\/span><\/p>\n<p align=\"justify\"><img loading=\"lazy\" decoding=\"async\" class=\"aligncenter wp-image-22343 size-full\" src=\"http:\/\/www.inces.gob.ve\/wp-content\/uploads\/2018\/11\/1Motor-Agr\u00edcola.jpeg\" alt=\"\" width=\"800\" height=\"542\" srcset=\"https:\/\/inces.gob.ve\/wp-content\/uploads\/2018\/11\/1Motor-Agr\u00edcola.jpeg 800w, https:\/\/inces.gob.ve\/wp-content\/uploads\/2018\/11\/1Motor-Agr\u00edcola-300x203.jpeg 300w, https:\/\/inces.gob.ve\/wp-content\/uploads\/2018\/11\/1Motor-Agr\u00edcola-768x520.jpeg 768w, https:\/\/inces.gob.ve\/wp-content\/uploads\/2018\/11\/1Motor-Agr\u00edcola-305x207.jpeg 305w, https:\/\/inces.gob.ve\/wp-content\/uploads\/2018\/11\/1Motor-Agr\u00edcola-622x420.jpeg 622w\" sizes=\"auto, (max-width: 800px) 100vw, 800px\" \/>\n<\/p>\n<p align=\"justify\"><span style=\"font-family: Arial,sans-serif;\">Se trat\u00f3 de una conversaci\u00f3n grupal y din\u00e1mica que incentiv\u00f3 a la comunidad receptora a mejorar su actitud hacia un peque\u00f1o espacio de terreno que se erigir\u00e1 como el conuco escolar y donde ya se inici\u00f3 la siembra de hortalizas de ciclo corto pensando de momento en el inminente mes de diciembre.<\/span><\/p>\n<p align=\"justify\">\n<p align=\"justify\"><span style=\"font-family: Arial,sans-serif;\">De igual manera abordar\u00e1n la siembra de plantas medicinales, con lo cual el conocimiento adquirido no tendr\u00e1 limites y posibilidades en estas peque\u00f1inas emblemas en s\u00ed mismas del futuro del pa\u00eds.<\/span><\/p>\n<p align=\"justify\">LT<\/p>\n","protected":false},"excerpt":{"rendered":"<p>** Una sencilla interacci\u00f3n formativa que ayudar\u00e1 a valorar los alimentos<\/p>\n","protected":false},"author":15,"featured_media":22342,"comment_status":"closed","ping_status":"closed","sticky":false,"template":"","format":"standard","meta":{"footnotes":""},"categories":[2],"tags":[],"class_list":["post-22341","post","type-post","status-publish","format-standard","has-post-thumbnail","hentry","category-blog"],"_links":{"self":[{"href":"https:\/\/inces.gob.ve\/index.php\/wp-json\/wp\/v2\/posts\/22341","targetHints":{"allow":["GET"]}}],"collection":[{"href":"https:\/\/inces.gob.ve\/index.php\/wp-json\/wp\/v2\/posts"}],"about":[{"href":"https:\/\/inces.gob.ve\/index.php\/wp-json\/wp\/v2\/types\/post"}],"author":[{"embeddable":true,"href":"https:\/\/inces.gob.ve\/index.php\/wp-json\/wp\/v2\/users\/15"}],"replies":[{"embeddable":true,"href":"https:\/\/inces.gob.ve\/index.php\/wp-json\/wp\/v2\/comments?post=22341"}],"version-history":[{"count":1,"href":"https:\/\/inces.gob.ve\/index.php\/wp-json\/wp\/v2\/posts\/22341\/revisions"}],"predecessor-version":[{"id":22344,"href":"https:\/\/inces.gob.ve\/index.php\/wp-json\/wp\/v2\/posts\/22341\/revisions\/22344"}],"wp:featuredmedia":[{"embeddable":true,"href":"https:\/\/inces.gob.ve\/index.php\/wp-json\/wp\/v2\/media\/22342"}],"wp:attachment":[{"href":"https:\/\/inces.gob.ve\/index.php\/wp-json\/wp\/v2\/media?parent=22341"}],"wp:term":[{"taxonomy":"category","embeddable":true,"href":"https:\/\/inces.gob.ve\/index.php\/wp-json\/wp\/v2\/categories?post=22341"},{"taxonomy":"post_tag","embeddable":true,"href":"https:\/\/inces.gob.ve\/index.php\/wp-json\/wp\/v2\/tags?post=22341"}],"curies":[{"name":"wp","href":"https:\/\/api.w.org\/{rel}","templated":true}]}}