{"id":22368,"date":"2018-11-15T13:55:26","date_gmt":"2018-11-15T19:55:26","guid":{"rendered":"http:\/\/www.inces.gob.ve\/?p=22368"},"modified":"2020-05-28T20:30:30","modified_gmt":"2020-05-29T00:30:30","slug":"participantes-del-inces-donaron-50-panes-a-los-abuelos-del-hogar-san-rafael-de-la-montana","status":"publish","type":"post","link":"https:\/\/inces.gob.ve\/index.php\/2018\/11\/15\/participantes-del-inces-donaron-50-panes-a-los-abuelos-del-hogar-san-rafael-de-la-montana\/","title":{"rendered":"Participantes del Inces donaron 50 panes a los abuelos del Hogar San Rafael de la Monta\u00f1a"},"content":{"rendered":"<p align=\"justify\"><span style=\"font-family: Arial,sans-serif;\"><i><b>** La iniciativa fue de la participante Jiuceta Urdaneta <\/b><\/i><\/span><\/p>\n<p align=\"justify\"><!--more--><\/p>\n<p align=\"justify\"><span style=\"font-family: Arial,sans-serif;\"><b>YUDITH CASTRO | Zulia <\/b><\/span><\/p>\n<p align=\"justify\"><span style=\"font-family: Arial,sans-serif;\">Un total de 16 estudiantes del curso de Panificaci\u00f3n Dom\u00e9stica del Inces donaron 50 panes a los abuelos del Hogar San Jos\u00e9 de la Monta\u00f1a, ubicado en Maracaibo. <\/span><\/p>\n<p align=\"justify\"><span style=\"font-family: Arial,sans-serif;\">Indic\u00f3 el docente, Alejandro Morales que la iniciativa fue de una de las participantes, Jiuceta Urdaneta quien \u201c es sobreviviente de c\u00e1ncer de mama y siempre iba a la capilla ubicada dentro de este recinto. Esa experiencia le permiti\u00f3 conocer la labor de las monjas y a los abuelos que all\u00ed pernoctan. Ella propuso la idea y nos enamoramos de esta idea.\u201d<\/span><\/p>\n<p align=\"justify\"><span style=\"font-family: Arial,sans-serif;\">Para cumplir con este reto, soliciatamos -indic\u00f3- a la gerencia regional del Inces, un espacio m\u00e1s grande para poder hace en un d\u00eda los 50 panes.\u201cElaboramos panes campesinos salados y dulces. Ellos pusieron todos los ingredientes y hasta el gas. Esta experiencia le permiti\u00f3 a los participantes conocer como funciona una panader\u00eda y a su vez ayudar a otros.\u201d<\/span><\/p>\n<p align=\"justify\"><span style=\"font-family: Arial,sans-serif;\"><img loading=\"lazy\" decoding=\"async\" class=\"aligncenter wp-image-22370 size-full\" src=\"http:\/\/www.inces.gob.ve\/wp-content\/uploads\/2018\/11\/1los-abuelos-del-Hogar-.jpg\" alt=\"\" width=\"800\" height=\"462\" srcset=\"https:\/\/inces.gob.ve\/wp-content\/uploads\/2018\/11\/1los-abuelos-del-Hogar-.jpg 800w, https:\/\/inces.gob.ve\/wp-content\/uploads\/2018\/11\/1los-abuelos-del-Hogar--300x173.jpg 300w, https:\/\/inces.gob.ve\/wp-content\/uploads\/2018\/11\/1los-abuelos-del-Hogar--768x444.jpg 768w\" sizes=\"auto, (max-width: 800px) 100vw, 800px\" \/><\/span><\/p>\n<p align=\"justify\"><span style=\"font-family: Arial,sans-serif;\">Esta actividad gener\u00f3 -indic\u00f3 Morales- sensibilidad en los participantes, que adem\u00e1s de esta donaci\u00f3n, algunos donaron sacos de harina de ma\u00edz y de arroz. Tambi\u00e9n estuvieron presentes la coordinadora del programa Turismo, B\u00e1rbara Molina y el supervisor docente, Igor Morales. <\/span><\/p>\n<p align=\"justify\"><span style=\"font-family: Arial,sans-serif;\">A pesar de la situaci\u00f3n econ\u00f3mica por la cual estamos atravesando siempre es posible tender una mano amiga al m\u00e1s necesitado, solo se requiere unir esfuerzos. <\/span><\/p>\n<p align=\"justify\">LT.<\/p>\n","protected":false},"excerpt":{"rendered":"<p>** La iniciativa fue de la participante Jiuceta Urdaneta<\/p>\n","protected":false},"author":15,"featured_media":22369,"comment_status":"closed","ping_status":"closed","sticky":false,"template":"","format":"standard","meta":{"footnotes":""},"categories":[2],"tags":[],"class_list":["post-22368","post","type-post","status-publish","format-standard","has-post-thumbnail","hentry","category-blog"],"_links":{"self":[{"href":"https:\/\/inces.gob.ve\/index.php\/wp-json\/wp\/v2\/posts\/22368","targetHints":{"allow":["GET"]}}],"collection":[{"href":"https:\/\/inces.gob.ve\/index.php\/wp-json\/wp\/v2\/posts"}],"about":[{"href":"https:\/\/inces.gob.ve\/index.php\/wp-json\/wp\/v2\/types\/post"}],"author":[{"embeddable":true,"href":"https:\/\/inces.gob.ve\/index.php\/wp-json\/wp\/v2\/users\/15"}],"replies":[{"embeddable":true,"href":"https:\/\/inces.gob.ve\/index.php\/wp-json\/wp\/v2\/comments?post=22368"}],"version-history":[{"count":2,"href":"https:\/\/inces.gob.ve\/index.php\/wp-json\/wp\/v2\/posts\/22368\/revisions"}],"predecessor-version":[{"id":22372,"href":"https:\/\/inces.gob.ve\/index.php\/wp-json\/wp\/v2\/posts\/22368\/revisions\/22372"}],"wp:featuredmedia":[{"embeddable":true,"href":"https:\/\/inces.gob.ve\/index.php\/wp-json\/wp\/v2\/media\/22369"}],"wp:attachment":[{"href":"https:\/\/inces.gob.ve\/index.php\/wp-json\/wp\/v2\/media?parent=22368"}],"wp:term":[{"taxonomy":"category","embeddable":true,"href":"https:\/\/inces.gob.ve\/index.php\/wp-json\/wp\/v2\/categories?post=22368"},{"taxonomy":"post_tag","embeddable":true,"href":"https:\/\/inces.gob.ve\/index.php\/wp-json\/wp\/v2\/tags?post=22368"}],"curies":[{"name":"wp","href":"https:\/\/api.w.org\/{rel}","templated":true}]}}