{"id":22379,"date":"2018-11-16T07:15:44","date_gmt":"2018-11-16T13:15:44","guid":{"rendered":"http:\/\/www.inces.gob.ve\/?p=22379"},"modified":"2020-05-28T20:30:30","modified_gmt":"2020-05-29T00:30:30","slug":"aprendices-de-chamba-juvenil-ingresaron-para-formarse-en-oficios-productivos-con-el-tunal","status":"publish","type":"post","link":"https:\/\/inces.gob.ve\/index.php\/2018\/11\/16\/aprendices-de-chamba-juvenil-ingresaron-para-formarse-en-oficios-productivos-con-el-tunal\/","title":{"rendered":"Aprendices de Chamba Juvenil ingresaron para formarse en oficios productivos con EL Tunal"},"content":{"rendered":"<p align=\"justify\"><span style=\"font-family: Arial,sans-serif;\">**<i><b> Son 41 muchachos contratados por la empresa de alimentos con sede en Quibor, Lara, que iniciaron su formaci\u00f3n en Electricidad y Granjas Integrales con la concepci\u00f3n de producir para el desarrollo de la econom\u00eda<\/b><\/i><\/span><\/p>\n<p align=\"justify\">\n<!--more--><\/p>\n<p align=\"justify\"><span style=\"font-family: Arial,sans-serif;\"><b>GAUDY L\u00d3PEZ | Lara<\/b><\/span><\/p>\n<p align=\"justify\"><span style=\"font-family: Arial,sans-serif;\">Un total de 41 chamos incorporados al Programa Nacional Aprendizaje, (PNA) y al Plan Chamba Juvenil ingresaron a la n\u00f3mina de la empresa de alimentos El Tunal, con sede en Quibor, estado Lara para formarse en los cursos de Granjas Integrales y Electricidad de Mantenimiento en el Centro de Formaci\u00f3n Socialista (CFS), Jos\u00e9 Bernardo Dorante. <\/span><\/p>\n<p align=\"justify\"><span style=\"font-family: Arial,sans-serif;\">Este nuevo grupo de aprendices, que se formar\u00e1n con visi\u00f3n productiva, se suman a los 100 j\u00f3venes que en el estado Lara ingresaron esta semana a estudiar en el Inces coms asistentes contables y administrativo, con la participaci\u00f3n de diferentes entidades de trabajo con obligaci\u00f3n civil en la formaci\u00f3n de la juventud venezolana. <\/span><\/p>\n<p align=\"justify\"><img loading=\"lazy\" decoding=\"async\" class=\"aligncenter wp-image-22380 size-full\" src=\"http:\/\/www.inces.gob.ve\/wp-content\/uploads\/2018\/11\/4oficios-productivos.jpg\" alt=\"\" width=\"800\" height=\"600\" srcset=\"https:\/\/inces.gob.ve\/wp-content\/uploads\/2018\/11\/4oficios-productivos.jpg 800w, https:\/\/inces.gob.ve\/wp-content\/uploads\/2018\/11\/4oficios-productivos-300x225.jpg 300w, https:\/\/inces.gob.ve\/wp-content\/uploads\/2018\/11\/4oficios-productivos-768x576.jpg 768w, https:\/\/inces.gob.ve\/wp-content\/uploads\/2018\/11\/4oficios-productivos-136x102.jpg 136w\" sizes=\"auto, (max-width: 800px) 100vw, 800px\" \/><span style=\"font-family: Arial,sans-serif;\">En el recibimiento de los 41 j\u00f3venes que se formar\u00e1n en el centro de formaci\u00f3n socialista (CFS), Jos\u00e9 Bernardo Dorante, en el municipio Jim\u00e9nez, asistieron el jefe de formaci\u00f3n del Inces, Ruben Rond\u00f3n, la representante de Recursos Humanos de la empresa El Tunal, Luisalba Flores y analistas del Programa Nacional de Aprendizaje, quienes compartieron normas y reglamentos de estudio del plan formativo.<\/span><\/p>\n<p align=\"justify\">\n<p align=\"justify\"><span style=\"font-family: Arial,sans-serif;\">En el primer m\u00f3dulo formativo, relacionado con integralidad, los j\u00f3venes conocer\u00e1n las herramientas b\u00e1sicas de la \u00e9tica y los valores humanos, as\u00ed como temas de psicosexualidad, ecosocialismo, y t\u00e9cnicas de estudio.<\/span><\/p>\n<p align=\"justify\">\n<p align=\"justify\"><span style=\"font-family: Arial,sans-serif;\">El desarrollo del pensamiento, seguridad e higiene, m\u00e9todos de trabajo y excelencia en la calidad del servicio, tambi\u00e9n ser\u00e1n debatidos en las primeras semanas del curso.<\/span><\/p>\n<p align=\"justify\">\n<img loading=\"lazy\" decoding=\"async\" class=\"aligncenter wp-image-22381 size-full\" src=\"http:\/\/www.inces.gob.ve\/wp-content\/uploads\/2018\/11\/2oficios-productivos.jpg\" alt=\"\" width=\"800\" height=\"600\" srcset=\"https:\/\/inces.gob.ve\/wp-content\/uploads\/2018\/11\/2oficios-productivos.jpg 800w, https:\/\/inces.gob.ve\/wp-content\/uploads\/2018\/11\/2oficios-productivos-300x225.jpg 300w, https:\/\/inces.gob.ve\/wp-content\/uploads\/2018\/11\/2oficios-productivos-768x576.jpg 768w, https:\/\/inces.gob.ve\/wp-content\/uploads\/2018\/11\/2oficios-productivos-136x102.jpg 136w\" sizes=\"auto, (max-width: 800px) 100vw, 800px\" \/><\/p>\n<p align=\"justify\"><span style=\"font-family: Arial,sans-serif;\">El maestro t\u00e9cnico productivo, Leonidas Goyo, facilitar\u00e1 el primer m\u00f3dulo formativo al grupo de 20 j\u00f3venes inscritos en el curso de Electricidad de Mantenimiento y Yelitza Collantes, atender\u00e1 al grupo de 21 participantes del curso de Granjas Integrales.<\/span><\/p>\n<p align=\"justify\">LT.<\/p>\n","protected":false},"excerpt":{"rendered":"<p>** Son 41 muchachos contratados por la empresa de alimentos con sede en Quibor, Lara, que iniciaron su formaci\u00f3n en Electricidad y Granjas Integrales con la concepci\u00f3n de producir para el desarrollo de la econom\u00eda<\/p>\n","protected":false},"author":15,"featured_media":22382,"comment_status":"closed","ping_status":"closed","sticky":false,"template":"","format":"standard","meta":{"footnotes":""},"categories":[2],"tags":[],"class_list":["post-22379","post","type-post","status-publish","format-standard","has-post-thumbnail","hentry","category-blog"],"_links":{"self":[{"href":"https:\/\/inces.gob.ve\/index.php\/wp-json\/wp\/v2\/posts\/22379","targetHints":{"allow":["GET"]}}],"collection":[{"href":"https:\/\/inces.gob.ve\/index.php\/wp-json\/wp\/v2\/posts"}],"about":[{"href":"https:\/\/inces.gob.ve\/index.php\/wp-json\/wp\/v2\/types\/post"}],"author":[{"embeddable":true,"href":"https:\/\/inces.gob.ve\/index.php\/wp-json\/wp\/v2\/users\/15"}],"replies":[{"embeddable":true,"href":"https:\/\/inces.gob.ve\/index.php\/wp-json\/wp\/v2\/comments?post=22379"}],"version-history":[{"count":1,"href":"https:\/\/inces.gob.ve\/index.php\/wp-json\/wp\/v2\/posts\/22379\/revisions"}],"predecessor-version":[{"id":22383,"href":"https:\/\/inces.gob.ve\/index.php\/wp-json\/wp\/v2\/posts\/22379\/revisions\/22383"}],"wp:featuredmedia":[{"embeddable":true,"href":"https:\/\/inces.gob.ve\/index.php\/wp-json\/wp\/v2\/media\/22382"}],"wp:attachment":[{"href":"https:\/\/inces.gob.ve\/index.php\/wp-json\/wp\/v2\/media?parent=22379"}],"wp:term":[{"taxonomy":"category","embeddable":true,"href":"https:\/\/inces.gob.ve\/index.php\/wp-json\/wp\/v2\/categories?post=22379"},{"taxonomy":"post_tag","embeddable":true,"href":"https:\/\/inces.gob.ve\/index.php\/wp-json\/wp\/v2\/tags?post=22379"}],"curies":[{"name":"wp","href":"https:\/\/api.w.org\/{rel}","templated":true}]}}