{"id":22396,"date":"2018-11-16T08:10:38","date_gmt":"2018-11-16T14:10:38","guid":{"rendered":"http:\/\/www.inces.gob.ve\/?p=22396"},"modified":"2020-05-28T20:30:30","modified_gmt":"2020-05-29T00:30:30","slug":"gran-feria-se-realiza-en-las-instalaciones-del-cfs-ciudad-fajardo-de-inces-miranda","status":"publish","type":"post","link":"https:\/\/inces.gob.ve\/index.php\/2018\/11\/16\/gran-feria-se-realiza-en-las-instalaciones-del-cfs-ciudad-fajardo-de-inces-miranda\/","title":{"rendered":"Gran feria se realiza en las instalaciones del CFS Ciudad Fajardo de Inces Miranda"},"content":{"rendered":"<p style=\"text-align: justify;\" align=\"justify\"><span style=\"font-family: Arial,sans-serif;\"><i><b>** El esfuerzo y la perseverancia rinden sus frutos<\/b><\/i><\/span><\/p>\n<p style=\"text-align: justify;\" align=\"justify\">\n<!--more--><\/p>\n<p style=\"text-align: justify;\" align=\"justify\"><span style=\"font-family: Arial,sans-serif;\"><b>DIMAS P\u00c1EZ | Miranda<\/b><\/span><\/p>\n<p style=\"text-align: justify;\" align=\"justify\">\n<p style=\"text-align: justify;\" align=\"justify\"><span style=\"font-family: Arial,sans-serif;\">Los alumnos de la formaci\u00f3n Qu\u00edmico-Artesanal organizaron una feria donde presentaron sus productos, desde jabones de tocador, cremas corporales, desinfectantes, cloro, cloro jabonoso, hasta jab\u00f3n para lavar y lavaplatos; todos de excelente calidad y a precios solidarios fueron presentados al p\u00fablico.<\/span><\/p>\n<p style=\"text-align: justify;\" align=\"justify\">\n<p style=\"text-align: justify;\" align=\"justify\"><span style=\"font-family: Arial,sans-serif;\">La feria se realiz\u00f3 en el centro de formaci\u00f3n socialista (CFS) \u201cCiudad Fajardo\u201d, ubicado en Guarenas, estado Miranda y cont\u00f3 con la presencia del jefe del CFS, Francisco M\u00e9ndez; la maestra t\u00e9cnica productiva (MTP) Mayira del Valle Acosta, los graduandos, el personal administrativo y docente, el alumnado de la instituci\u00f3n, familiares y amigos.<\/span><\/p>\n<p style=\"text-align: justify;\" align=\"justify\"><img loading=\"lazy\" decoding=\"async\" class=\"aligncenter wp-image-22397 size-full\" src=\"http:\/\/www.inces.gob.ve\/wp-content\/uploads\/2018\/11\/4Gran-feria-.jpg\" alt=\"\" width=\"800\" height=\"487\" srcset=\"https:\/\/inces.gob.ve\/wp-content\/uploads\/2018\/11\/4Gran-feria-.jpg 800w, https:\/\/inces.gob.ve\/wp-content\/uploads\/2018\/11\/4Gran-feria--300x183.jpg 300w, https:\/\/inces.gob.ve\/wp-content\/uploads\/2018\/11\/4Gran-feria--768x468.jpg 768w\" sizes=\"auto, (max-width: 800px) 100vw, 800px\" \/><br \/>\n<span style=\"font-family: Arial,sans-serif;\">Por su parte M\u00e9ndez explic\u00f3 \u201cuna vez m\u00e1s se pudo constatar que el esfuerzo y la perseverancia rinden sus frutos, cuando hay personas dispuestas a trabajar, comprometidas durante meses en su formaci\u00f3n, con la finalidad de llevar productos de calidad a precios solidarios a sus comunidades\u201d.<\/span><\/p>\n<p style=\"text-align: justify;\" align=\"justify\">\n<p style=\"text-align: justify;\" align=\"justify\"><span style=\"font-family: Arial,sans-serif;\">Agreg\u00f3 que \u201cel equipo de productores dej\u00f3 un mensaje muy claro, y es que los tiempos de crisis son oportunidades para salir adelante y esto es lo que necesita nuestro pa\u00eds: gente con ganas de trabajar, gente responsable y comprometida que aporte soluciones, y en nuestro caso, hacer que el municipio Plaza sea productivo\u201d.<\/span><\/p>\n<p style=\"text-align: justify;\" align=\"justify\"><img loading=\"lazy\" decoding=\"async\" class=\"aligncenter wp-image-22398 size-full\" src=\"http:\/\/www.inces.gob.ve\/wp-content\/uploads\/2018\/11\/2Gran-feria-.jpg\" alt=\"\" width=\"800\" height=\"600\" srcset=\"https:\/\/inces.gob.ve\/wp-content\/uploads\/2018\/11\/2Gran-feria-.jpg 800w, https:\/\/inces.gob.ve\/wp-content\/uploads\/2018\/11\/2Gran-feria--300x225.jpg 300w, https:\/\/inces.gob.ve\/wp-content\/uploads\/2018\/11\/2Gran-feria--768x576.jpg 768w, https:\/\/inces.gob.ve\/wp-content\/uploads\/2018\/11\/2Gran-feria--136x102.jpg 136w\" sizes=\"auto, (max-width: 800px) 100vw, 800px\" \/><span style=\"font-family: Arial,sans-serif;\">La esmerada presentaci\u00f3n por parte de los equipos conformados por lo productores fue destacable. La atenci\u00f3n en los detalles, la gentiliza, la informaci\u00f3n dada de manera oportuna por parte de los Productores a toda persona que se acercaba a las mesas, fue invaluable, mientras que los presentes pudieron adquirir los productos a precios solidarios.<\/span><\/p>\n<p style=\"text-align: justify;\" align=\"justify\">\nLT.<\/p>\n<p style=\"text-align: justify;\" align=\"justify\">\n<p style=\"text-align: justify;\" align=\"justify\">\n<p style=\"text-align: justify;\" align=\"justify\">\n","protected":false},"excerpt":{"rendered":"<p>** El esfuerzo y la perseverancia rinden sus frutos<\/p>\n","protected":false},"author":15,"featured_media":22399,"comment_status":"closed","ping_status":"closed","sticky":false,"template":"","format":"standard","meta":{"footnotes":""},"categories":[2],"tags":[],"class_list":["post-22396","post","type-post","status-publish","format-standard","has-post-thumbnail","hentry","category-blog"],"_links":{"self":[{"href":"https:\/\/inces.gob.ve\/index.php\/wp-json\/wp\/v2\/posts\/22396","targetHints":{"allow":["GET"]}}],"collection":[{"href":"https:\/\/inces.gob.ve\/index.php\/wp-json\/wp\/v2\/posts"}],"about":[{"href":"https:\/\/inces.gob.ve\/index.php\/wp-json\/wp\/v2\/types\/post"}],"author":[{"embeddable":true,"href":"https:\/\/inces.gob.ve\/index.php\/wp-json\/wp\/v2\/users\/15"}],"replies":[{"embeddable":true,"href":"https:\/\/inces.gob.ve\/index.php\/wp-json\/wp\/v2\/comments?post=22396"}],"version-history":[{"count":1,"href":"https:\/\/inces.gob.ve\/index.php\/wp-json\/wp\/v2\/posts\/22396\/revisions"}],"predecessor-version":[{"id":22400,"href":"https:\/\/inces.gob.ve\/index.php\/wp-json\/wp\/v2\/posts\/22396\/revisions\/22400"}],"wp:featuredmedia":[{"embeddable":true,"href":"https:\/\/inces.gob.ve\/index.php\/wp-json\/wp\/v2\/media\/22399"}],"wp:attachment":[{"href":"https:\/\/inces.gob.ve\/index.php\/wp-json\/wp\/v2\/media?parent=22396"}],"wp:term":[{"taxonomy":"category","embeddable":true,"href":"https:\/\/inces.gob.ve\/index.php\/wp-json\/wp\/v2\/categories?post=22396"},{"taxonomy":"post_tag","embeddable":true,"href":"https:\/\/inces.gob.ve\/index.php\/wp-json\/wp\/v2\/tags?post=22396"}],"curies":[{"name":"wp","href":"https:\/\/api.w.org\/{rel}","templated":true}]}}