{"id":22402,"date":"2018-11-16T08:19:18","date_gmt":"2018-11-16T14:19:18","guid":{"rendered":"http:\/\/www.inces.gob.ve\/?p=22402"},"modified":"2020-05-28T20:30:29","modified_gmt":"2020-05-29T00:30:29","slug":"el-inces-bolivar-acredito-a-37-maestros-tecnicos-productivos-en-sus-saberes-empiricos-y-academicos","status":"publish","type":"post","link":"https:\/\/inces.gob.ve\/index.php\/2018\/11\/16\/el-inces-bolivar-acredito-a-37-maestros-tecnicos-productivos-en-sus-saberes-empiricos-y-academicos\/","title":{"rendered":"EL Inces Bol\u00edvar acredit\u00f3 a 37 maestros t\u00e9cnicos productivos en sus saberes emp\u00edricos y acad\u00e9micos"},"content":{"rendered":"<p style=\"text-align: justify;\" align=\"justify\"><span style=\"font-family: Arial,sans-serif;\"><b>** <i>El buen uso de las herramientas formativas y el lenguaje t\u00e9cnico del docente consolidan la calidad educativa que brindan al participante<\/i><\/b><\/span><\/p>\n<p style=\"text-align: justify;\" align=\"justify\">\n<!--more--><\/p>\n<p style=\"text-align: justify;\" align=\"justify\"><span style=\"font-family: Arial,sans-serif;\"><b>JOS\u00c9 SU\u00c1REZ | Bol\u00edvar <\/b><\/span><\/p>\n<p style=\"text-align: justify;\" align=\"justify\">\n<p style=\"text-align: justify;\" align=\"justify\"><span style=\"font-family: Arial,sans-serif;\">En el marco de la labor formativa que ejerce el Inces Bol\u00edvar, se llev\u00f3 a cabo el proceso de acreditaci\u00f3n y certificaci\u00f3n de saberes emp\u00edricos y acad\u00e9micos a 37 maestros t\u00e9cnicos productivos (MTP), en el centro de formaci\u00f3n socialista (CFS) Manuel Carlos Piar.<\/span><\/p>\n<p style=\"text-align: justify;\" align=\"justify\"><span style=\"font-family: Arial,sans-serif;\">La actividad fue dirigida por la Unidad de Tecnolog\u00eda Educativa y la Divisi\u00f3n de Formaci\u00f3n Profesional, con el objetivo de reconocer el desempe\u00f1o del docente, y el uso las herramientas pedag\u00f3gicas.<\/span><\/p>\n<p style=\"text-align: justify;\" align=\"justify\"><img loading=\"lazy\" decoding=\"async\" class=\"aligncenter wp-image-22403 size-full\" src=\"http:\/\/www.inces.gob.ve\/wp-content\/uploads\/2018\/11\/2maestros-t\u00e9cnicos-productivos.jpg\" alt=\"\" width=\"800\" height=\"600\" srcset=\"https:\/\/inces.gob.ve\/wp-content\/uploads\/2018\/11\/2maestros-t\u00e9cnicos-productivos.jpg 800w, https:\/\/inces.gob.ve\/wp-content\/uploads\/2018\/11\/2maestros-t\u00e9cnicos-productivos-300x225.jpg 300w, https:\/\/inces.gob.ve\/wp-content\/uploads\/2018\/11\/2maestros-t\u00e9cnicos-productivos-768x576.jpg 768w, https:\/\/inces.gob.ve\/wp-content\/uploads\/2018\/11\/2maestros-t\u00e9cnicos-productivos-136x102.jpg 136w\" sizes=\"auto, (max-width: 800px) 100vw, 800px\" \/><br \/>\n<span style=\"font-family: Arial,sans-serif;\">El proceso cont\u00f3 con una prueba te\u00f3rica-pr\u00e1ctica; estructurada de la siguiente manera: selecci\u00f3n simple, <\/span><em><span style=\"font-family: Arial,sans-serif;\">completaci\u00f3n<\/span><\/em><span style=\"font-family: Arial,sans-serif;\"> y planificaci\u00f3n de temas en los perfiles acad\u00e9micos.<\/span><\/p>\n<p style=\"text-align: justify;\" align=\"justify\">\n<p style=\"text-align: justify;\" align=\"justify\"><span style=\"font-family: Arial,sans-serif;\">De igual modo, en la fase pr\u00e1ctica se les evalu\u00f3 el buen manejo de los instrumentos did\u00e1cticos que se emplean durante la evaluaci\u00f3n de un tema, el material audiovisual, as\u00ed como la elaboraci\u00f3n de los talleres formativos.<\/span><\/p>\n<p style=\"text-align: justify;\" align=\"justify\">\n<p style=\"text-align: justify;\" align=\"justify\"><span style=\"font-family: Arial,sans-serif;\">La coordinadora de la Unidad de Tecnolog\u00eda Educativa, Solangel Ferm\u00edn, anunci\u00f3, que se establecer\u00e1 un plan de formaci\u00f3n 2018-2019 hacia los participantes, para reforzar sus conocimientos.<\/span><\/p>\n<p style=\"text-align: justify;\" align=\"justify\">\n<p style=\"text-align: justify;\" align=\"justify\"><span style=\"font-family: Arial,sans-serif;\">Por su parte la maestra t\u00e9cnica productiva (MTP), Rosalba Rojas, respald\u00f3 el compromiso que ofrece el Inces a los facilitadores, en el mejoramiento de sus debilidades y destrezas como docentes.<\/span><\/p>\n<p style=\"text-align: justify;\" align=\"justify\">\nLT.<\/p>\n<p style=\"text-align: justify;\" align=\"justify\">\n<p style=\"text-align: justify;\" align=\"justify\">\n","protected":false},"excerpt":{"rendered":"<p>** El buen uso de las herramientas formativas y el lenguaje t\u00e9cnico del docente consolidan la calidad educativa que brindan al participante<\/p>\n","protected":false},"author":15,"featured_media":22404,"comment_status":"closed","ping_status":"closed","sticky":false,"template":"","format":"standard","meta":{"footnotes":""},"categories":[2],"tags":[],"class_list":["post-22402","post","type-post","status-publish","format-standard","has-post-thumbnail","hentry","category-blog"],"_links":{"self":[{"href":"https:\/\/inces.gob.ve\/index.php\/wp-json\/wp\/v2\/posts\/22402","targetHints":{"allow":["GET"]}}],"collection":[{"href":"https:\/\/inces.gob.ve\/index.php\/wp-json\/wp\/v2\/posts"}],"about":[{"href":"https:\/\/inces.gob.ve\/index.php\/wp-json\/wp\/v2\/types\/post"}],"author":[{"embeddable":true,"href":"https:\/\/inces.gob.ve\/index.php\/wp-json\/wp\/v2\/users\/15"}],"replies":[{"embeddable":true,"href":"https:\/\/inces.gob.ve\/index.php\/wp-json\/wp\/v2\/comments?post=22402"}],"version-history":[{"count":1,"href":"https:\/\/inces.gob.ve\/index.php\/wp-json\/wp\/v2\/posts\/22402\/revisions"}],"predecessor-version":[{"id":22405,"href":"https:\/\/inces.gob.ve\/index.php\/wp-json\/wp\/v2\/posts\/22402\/revisions\/22405"}],"wp:featuredmedia":[{"embeddable":true,"href":"https:\/\/inces.gob.ve\/index.php\/wp-json\/wp\/v2\/media\/22404"}],"wp:attachment":[{"href":"https:\/\/inces.gob.ve\/index.php\/wp-json\/wp\/v2\/media?parent=22402"}],"wp:term":[{"taxonomy":"category","embeddable":true,"href":"https:\/\/inces.gob.ve\/index.php\/wp-json\/wp\/v2\/categories?post=22402"},{"taxonomy":"post_tag","embeddable":true,"href":"https:\/\/inces.gob.ve\/index.php\/wp-json\/wp\/v2\/tags?post=22402"}],"curies":[{"name":"wp","href":"https:\/\/api.w.org\/{rel}","templated":true}]}}