{"id":22435,"date":"2018-11-20T08:43:36","date_gmt":"2018-11-20T14:43:36","guid":{"rendered":"http:\/\/www.inces.gob.ve\/?p=22435"},"modified":"2020-05-28T20:30:29","modified_gmt":"2020-05-29T00:30:29","slug":"el-inces-caracas-y-la-unexca-estrechan-alianza-estrategica-para-la-formacion-y-la-produccion-agroalimentaria","status":"publish","type":"post","link":"https:\/\/inces.gob.ve\/index.php\/2018\/11\/20\/el-inces-caracas-y-la-unexca-estrechan-alianza-estrategica-para-la-formacion-y-la-produccion-agroalimentaria\/","title":{"rendered":"El Inces Caracas y la Unexca estrechan alianza estrat\u00e9gica para la formaci\u00f3n y la producci\u00f3n agroalimentaria"},"content":{"rendered":"<p style=\"text-align: justify;\" align=\"justify\"><i><b>** El Programa Agr\u00edcola del Inces Caracas inici\u00f3 plan de formaci\u00f3n en la Unexca para potenciar el \u00e1mbito agroalimentario a trav\u00e9s del conocimiento popular de la mano con la investigaci\u00f3n cient\u00edfica<\/b><\/i><\/p>\n<p style=\"text-align: justify;\" align=\"justify\"><!--more--><\/p>\n<p align=\"justify\"><b>JOS\u00c9 EUGENIO MENDOZA | Caracas<\/b><\/p>\n<p align=\"justify\">La sede de la Universidad Nacional Experimental de Caracas (Unexca), ubicada en Altamira, se convierte en el epicentro de una alianza estrat\u00e9gica que procura elevar la formaci\u00f3n agr\u00edcola, en todas sus dimensiones, bajo la tutor\u00eda del Programa Agr\u00edcola del Inces Caracas. Como parte de este plan, el d\u00eda jueves 15 de noviembre se inici\u00f3 el proceso de caracterizaci\u00f3n para la comunidad docente y estudiantil a objeto de promover los distintos cursos, talleres y acreditaci\u00f3n de saberes ofrecidos por el Inces.<\/p>\n<p align=\"justify\">Al mismo tiempo, se dio inicio a la fase te\u00f3rica del curso Cr\u00eda de Codornices, dirigida a docentes y facilitadores que tendr\u00e1n la misi\u00f3n de replicar la formaci\u00f3n en distintos espacios de la capital. Luiyer Barreto, coordinador del Programa Agr\u00edcola del Inces Caracas, manifest\u00f3 que este curso constituye una propuesta in\u00e9dita desde el punto de vista de la investigaci\u00f3n cient\u00edfica para la generaci\u00f3n de alternativas en la producci\u00f3n y consumo de la prote\u00edna animal.<\/p>\n<p align=\"justify\"><img loading=\"lazy\" decoding=\"async\" class=\"aligncenter wp-image-22441 size-full\" src=\"http:\/\/www.inces.gob.ve\/wp-content\/uploads\/2018\/11\/3-Unexca-estrechan-alianza.jpg\" alt=\"\" width=\"800\" height=\"600\" srcset=\"https:\/\/inces.gob.ve\/wp-content\/uploads\/2018\/11\/3-Unexca-estrechan-alianza.jpg 800w, https:\/\/inces.gob.ve\/wp-content\/uploads\/2018\/11\/3-Unexca-estrechan-alianza-300x225.jpg 300w, https:\/\/inces.gob.ve\/wp-content\/uploads\/2018\/11\/3-Unexca-estrechan-alianza-768x576.jpg 768w, https:\/\/inces.gob.ve\/wp-content\/uploads\/2018\/11\/3-Unexca-estrechan-alianza-136x102.jpg 136w\" sizes=\"auto, (max-width: 800px) 100vw, 800px\" \/><\/p>\n<p align=\"justify\">En ese sentido, el maestro t\u00e9cnico productivo Faisal Ziade, Ingeniero en Gen\u00e9tica, cient\u00edfico destacado del Instituto Venezolano de Investigaci\u00f3n Cient\u00edfica y responsable de impartir la formaci\u00f3n, expres\u00f3 estar comprometido con este proyecto en el que se abre un nuevo flanco de batalla en medio de la guerra econ\u00f3mica que actualmente resiste el pueblo venezolano.<\/p>\n<p align=\"justify\"><img loading=\"lazy\" decoding=\"async\" class=\"aligncenter wp-image-22439 size-full\" src=\"http:\/\/www.inces.gob.ve\/wp-content\/uploads\/2018\/11\/1-Unexca-estrechan-alianza.jpg\" alt=\"\" width=\"700\" height=\"525\" srcset=\"https:\/\/inces.gob.ve\/wp-content\/uploads\/2018\/11\/1-Unexca-estrechan-alianza.jpg 700w, https:\/\/inces.gob.ve\/wp-content\/uploads\/2018\/11\/1-Unexca-estrechan-alianza-300x225.jpg 300w, https:\/\/inces.gob.ve\/wp-content\/uploads\/2018\/11\/1-Unexca-estrechan-alianza-136x102.jpg 136w\" sizes=\"auto, (max-width: 700px) 100vw, 700px\" \/><\/p>\n<p align=\"justify\">Ziade puntualiz\u00f3 que \u00abexiste en Caracas un centro de gen\u00e9tica y reproducci\u00f3n animal de F1 y P1, el cual dirigimos en este momento para sacar las aves del proyecto de la gallina del futuro, tal como llamamos hoy a la codorniz \u00bfpor qu\u00e9 le denominamos as\u00ed? por su tama\u00f1o, requerimiento de espacios y bajo costo en la alimentaci\u00f3n. Adem\u00e1s, el huevo de codorniz, en comparaci\u00f3n con el de gallina, posee un alto contenido de prote\u00ednas y amino\u00e1cidos, cient\u00edficamente comprobado. La idea de este proyecto es generar nuevas fuentes de alimentaci\u00f3n y consumo de prote\u00ednas; que cada familia en las comunidades organizadas de nuestro territorio tenga la oportunidad de beneficiarse mediante las t\u00e9cnicas que impartimos en este taller.\u00bb<\/p>\n<p align=\"justify\"><img loading=\"lazy\" decoding=\"async\" class=\"aligncenter wp-image-22443 size-full\" src=\"http:\/\/www.inces.gob.ve\/wp-content\/uploads\/2018\/11\/6-Unexca-estrechan-alianza.jpg\" alt=\"\" width=\"800\" height=\"600\" srcset=\"https:\/\/inces.gob.ve\/wp-content\/uploads\/2018\/11\/6-Unexca-estrechan-alianza.jpg 800w, https:\/\/inces.gob.ve\/wp-content\/uploads\/2018\/11\/6-Unexca-estrechan-alianza-300x225.jpg 300w, https:\/\/inces.gob.ve\/wp-content\/uploads\/2018\/11\/6-Unexca-estrechan-alianza-768x576.jpg 768w, https:\/\/inces.gob.ve\/wp-content\/uploads\/2018\/11\/6-Unexca-estrechan-alianza-136x102.jpg 136w\" sizes=\"auto, (max-width: 800px) 100vw, 800px\" \/><\/p>\n<p align=\"justify\">Por su parte, el Dr. Al\u00ed Rojas, rector de la Unexca expres\u00f3: \u00abEsta alianza estrat\u00e9gica entre el Inces y la Unexca responde a una tarea fundamental de la revoluci\u00f3n, que es la producci\u00f3n de alimentos, ciencia y dignidad, como bien lo dijera Kl\u00e9ber Ram\u00edrez Rojas. Sim\u00f3n Rodr\u00edguez plante\u00f3 que la mejor hipoteca es el producto de la tierra. Despu\u00e9s de tantos a\u00f1os de dependencia de la renta petrolera, y de 300 a\u00f1os de haber sido una colonia, primero espa\u00f1ola y despu\u00e9s gringa, ha llegado la hora de que las universidades puedan producir una arepa del tama\u00f1o de las necesidades de su pueblo. Cuando nosotros logremos eso le responderemos a cualquier enemigo for\u00e1neo, con firmeza, que contamos con una soberan\u00eda alimentaria aqu\u00ed en Venezuela.\u00bb<\/p>\n<p align=\"justify\"><img loading=\"lazy\" decoding=\"async\" class=\"aligncenter wp-image-22441 size-full\" src=\"http:\/\/www.inces.gob.ve\/wp-content\/uploads\/2018\/11\/3-Unexca-estrechan-alianza.jpg\" alt=\"\" width=\"800\" height=\"600\" srcset=\"https:\/\/inces.gob.ve\/wp-content\/uploads\/2018\/11\/3-Unexca-estrechan-alianza.jpg 800w, https:\/\/inces.gob.ve\/wp-content\/uploads\/2018\/11\/3-Unexca-estrechan-alianza-300x225.jpg 300w, https:\/\/inces.gob.ve\/wp-content\/uploads\/2018\/11\/3-Unexca-estrechan-alianza-768x576.jpg 768w, https:\/\/inces.gob.ve\/wp-content\/uploads\/2018\/11\/3-Unexca-estrechan-alianza-136x102.jpg 136w\" sizes=\"auto, (max-width: 800px) 100vw, 800px\" \/><\/p>\n<p align=\"justify\">Rojas resalt\u00f3 que todos los espacios de la universidad estar\u00e1n abiertos al Inces, aportando adem\u00e1s la experiencia acad\u00e9mica y curricular necesaria para avanzar en los pr\u00f3ximos proyectos que ambas instituciones asumir\u00e1n en el marco de un convenio de cooperaci\u00f3n.<\/p>\n<p align=\"justify\"><img loading=\"lazy\" decoding=\"async\" class=\"aligncenter wp-image-22442 size-full\" src=\"http:\/\/www.inces.gob.ve\/wp-content\/uploads\/2018\/11\/2-Unexca-estrechan-alianza.jpg\" alt=\"\" width=\"800\" height=\"600\" srcset=\"https:\/\/inces.gob.ve\/wp-content\/uploads\/2018\/11\/2-Unexca-estrechan-alianza.jpg 800w, https:\/\/inces.gob.ve\/wp-content\/uploads\/2018\/11\/2-Unexca-estrechan-alianza-300x225.jpg 300w, https:\/\/inces.gob.ve\/wp-content\/uploads\/2018\/11\/2-Unexca-estrechan-alianza-768x576.jpg 768w, https:\/\/inces.gob.ve\/wp-content\/uploads\/2018\/11\/2-Unexca-estrechan-alianza-136x102.jpg 136w\" sizes=\"auto, (max-width: 800px) 100vw, 800px\" \/><\/p>\n<p align=\"justify\">Finalmente, el Gerente Regional del Inces Caracas, Francisco Quevedo recorri\u00f3 varios espacios del alma mater acompa\u00f1ado por parte del equipo del programa agr\u00edcola, para evaluar la factibilidad de instalar, a mediano plazo, patios productivos que permitan potenciar esta alianza desde la autosustentabilidad, al tiempo que puso a la orden todo el potencial del Inces Caracas para contribuir a diversificar el impacto acad\u00e9mico, cient\u00edfico y productivo de la mencionada casa de estudios.<\/p>\n","protected":false},"excerpt":{"rendered":"<p>** El Programa Agr\u00edcola del Inces Caracas inici\u00f3 plan de formaci\u00f3n en la Unexca para potenciar el \u00e1mbito agroalimentario a trav\u00e9s del conocimiento popular de la mano con la investigaci\u00f3n cient\u00edfica<\/p>\n","protected":false},"author":4,"featured_media":22440,"comment_status":"closed","ping_status":"open","sticky":false,"template":"","format":"standard","meta":{"footnotes":""},"categories":[2],"tags":[],"class_list":["post-22435","post","type-post","status-publish","format-standard","has-post-thumbnail","hentry","category-blog"],"_links":{"self":[{"href":"https:\/\/inces.gob.ve\/index.php\/wp-json\/wp\/v2\/posts\/22435","targetHints":{"allow":["GET"]}}],"collection":[{"href":"https:\/\/inces.gob.ve\/index.php\/wp-json\/wp\/v2\/posts"}],"about":[{"href":"https:\/\/inces.gob.ve\/index.php\/wp-json\/wp\/v2\/types\/post"}],"author":[{"embeddable":true,"href":"https:\/\/inces.gob.ve\/index.php\/wp-json\/wp\/v2\/users\/4"}],"replies":[{"embeddable":true,"href":"https:\/\/inces.gob.ve\/index.php\/wp-json\/wp\/v2\/comments?post=22435"}],"version-history":[{"count":5,"href":"https:\/\/inces.gob.ve\/index.php\/wp-json\/wp\/v2\/posts\/22435\/revisions"}],"predecessor-version":[{"id":22446,"href":"https:\/\/inces.gob.ve\/index.php\/wp-json\/wp\/v2\/posts\/22435\/revisions\/22446"}],"wp:featuredmedia":[{"embeddable":true,"href":"https:\/\/inces.gob.ve\/index.php\/wp-json\/wp\/v2\/media\/22440"}],"wp:attachment":[{"href":"https:\/\/inces.gob.ve\/index.php\/wp-json\/wp\/v2\/media?parent=22435"}],"wp:term":[{"taxonomy":"category","embeddable":true,"href":"https:\/\/inces.gob.ve\/index.php\/wp-json\/wp\/v2\/categories?post=22435"},{"taxonomy":"post_tag","embeddable":true,"href":"https:\/\/inces.gob.ve\/index.php\/wp-json\/wp\/v2\/tags?post=22435"}],"curies":[{"name":"wp","href":"https:\/\/api.w.org\/{rel}","templated":true}]}}