{"id":22497,"date":"2018-11-20T13:22:23","date_gmt":"2018-11-20T19:22:23","guid":{"rendered":"http:\/\/www.inces.gob.ve\/?p=22497"},"modified":"2020-05-28T20:30:29","modified_gmt":"2020-05-29T00:30:29","slug":"habitantes-de-barinitas-certificaron-sus-saberes-empiricos-con-inces-barinas","status":"publish","type":"post","link":"https:\/\/inces.gob.ve\/index.php\/2018\/11\/20\/habitantes-de-barinitas-certificaron-sus-saberes-empiricos-con-inces-barinas\/","title":{"rendered":"Habitantes de Barinitas certificaron sus saberes emp\u00edricos con Inces Barinas"},"content":{"rendered":"<p style=\"text-align: justify;\" align=\"justify\"><span style=\"font-family: Arial,sans-serif;\"><b>** Saber popular y experiencias de vida del pueblo convirti\u00e9ndose en un oficio productivo<\/b><\/span><\/p>\n<p style=\"text-align: justify;\" align=\"justify\">\n<!--more--><\/p>\n<p style=\"text-align: justify;\" align=\"justify\"><span style=\"font-family: Arial,sans-serif;\"><b>HIRASYANEL BAYONA | Barinas<\/b><\/span><\/p>\n<p style=\"text-align: justify;\" align=\"justify\">\n<p style=\"text-align: justify;\" align=\"justify\"><span style=\"font-family: Arial,sans-serif;\">Reconociendo el saber popular en cada rinc\u00f3n de nuestra geograf\u00eda regional, Inces Barinas realiz\u00f3 jornada de certificaci\u00f3n y acreditaci\u00f3n de saberes emp\u00edricos y por experiencia en el ateneo de Barinitas, municipio Bol\u00edvar, dirigida a los habitantes del punto y c\u00edrculo y comunidad en general.<\/span><\/p>\n<p style=\"text-align: justify;\" align=\"justify\">\n<p style=\"text-align: justify;\" align=\"justify\"><span style=\"font-family: Arial,sans-serif;\">En la actividad se cont\u00f3 con el apoyo de Olga Espinoza, Areles P\u00e9rez y Rocio Superlano, promotoras t\u00e9cnico productivas y Crisalida Barreto maestro t\u00e9cnico productiva, quienes dedican su d\u00eda a d\u00eda a la formaci\u00f3n y preparaci\u00f3n de hombres y mujeres productivos al servicio de la construcci\u00f3n del nuevo modelo econ\u00f3mico.<\/span><\/p>\n<p style=\"text-align: justify;\" align=\"justify\"><img loading=\"lazy\" decoding=\"async\" class=\"aligncenter wp-image-22498 size-full\" src=\"http:\/\/www.inces.gob.ve\/wp-content\/uploads\/2018\/11\/5certificaron-sus-saberes.jpg\" alt=\"\" width=\"800\" height=\"569\" srcset=\"https:\/\/inces.gob.ve\/wp-content\/uploads\/2018\/11\/5certificaron-sus-saberes.jpg 800w, https:\/\/inces.gob.ve\/wp-content\/uploads\/2018\/11\/5certificaron-sus-saberes-300x213.jpg 300w, https:\/\/inces.gob.ve\/wp-content\/uploads\/2018\/11\/5certificaron-sus-saberes-768x546.jpg 768w\" sizes=\"auto, (max-width: 800px) 100vw, 800px\" \/><br \/>\n<span style=\"font-family: Arial,sans-serif;\">La jornada se desarroll\u00f3 con actividades te\u00f3ricos \u2013 pr\u00e1cticas que dejaban ver las habilidades y destrezas de los participantes en oficios como Seguridad Industrial en Ambiente de Trabajo, y oficios como Reposter\u00eda, Dulcer\u00eda, Panader\u00eda, Tejido, Corte y Costura y Lencer\u00eda, de los cuales se realiz\u00f3 una variada muestra productiva.<\/span><\/p>\n<p style=\"text-align: justify;\" align=\"justify\">\n<p style=\"text-align: justify;\" align=\"justify\"><span style=\"font-family: Arial,sans-serif;\">Crisalida Barreto inform\u00f3 que a la actividad asistieron 25 personas y se certificaron y reconocieron 40 saberes, destacando que varios de los asistentes demostraron conocer m\u00e1s de un oficio productivo, exaltando el esp\u00edritu emprendedor y de superaci\u00f3n que posee nuestro noble pueblo barin\u00e9s.<\/span><\/p>\n<p style=\"text-align: justify;\" align=\"justify\"><img loading=\"lazy\" decoding=\"async\" class=\"aligncenter wp-image-22500 size-full\" src=\"http:\/\/www.inces.gob.ve\/wp-content\/uploads\/2018\/11\/1certificaron-sus-saberes.jpg\" alt=\"\" width=\"800\" height=\"600\" srcset=\"https:\/\/inces.gob.ve\/wp-content\/uploads\/2018\/11\/1certificaron-sus-saberes.jpg 800w, https:\/\/inces.gob.ve\/wp-content\/uploads\/2018\/11\/1certificaron-sus-saberes-300x225.jpg 300w, https:\/\/inces.gob.ve\/wp-content\/uploads\/2018\/11\/1certificaron-sus-saberes-768x576.jpg 768w, https:\/\/inces.gob.ve\/wp-content\/uploads\/2018\/11\/1certificaron-sus-saberes-136x102.jpg 136w\" sizes=\"auto, (max-width: 800px) 100vw, 800px\" \/><br \/>\n<span style=\"font-family: Arial,sans-serif;\">De igual forma, Espinoza, P\u00e9rez y Superlano, promotoras que, con Barreto, fueron responsables de la acreditaci\u00f3n de los oficios, expresaron que es enriquecedor el saber popular con el que se interact\u00faa en cada proceso formativo o de certificaci\u00f3n, lo cual que les permite crecer personal y profesionalmente y sentir aun m\u00e1s amor por el oficio al que se dedican \u201cFormar produciendo, Producir formando\u201d, dejando en alto el nombre de la instituci\u00f3n.<\/span><\/p>\n<p style=\"text-align: justify;\" align=\"justify\">\n","protected":false},"excerpt":{"rendered":"<p>** Saber popular y experiencias de vida del pueblo convirti\u00e9ndose en un oficio productivo<\/p>\n","protected":false},"author":15,"featured_media":22499,"comment_status":"closed","ping_status":"closed","sticky":false,"template":"","format":"standard","meta":{"footnotes":""},"categories":[2],"tags":[],"class_list":["post-22497","post","type-post","status-publish","format-standard","has-post-thumbnail","hentry","category-blog"],"_links":{"self":[{"href":"https:\/\/inces.gob.ve\/index.php\/wp-json\/wp\/v2\/posts\/22497","targetHints":{"allow":["GET"]}}],"collection":[{"href":"https:\/\/inces.gob.ve\/index.php\/wp-json\/wp\/v2\/posts"}],"about":[{"href":"https:\/\/inces.gob.ve\/index.php\/wp-json\/wp\/v2\/types\/post"}],"author":[{"embeddable":true,"href":"https:\/\/inces.gob.ve\/index.php\/wp-json\/wp\/v2\/users\/15"}],"replies":[{"embeddable":true,"href":"https:\/\/inces.gob.ve\/index.php\/wp-json\/wp\/v2\/comments?post=22497"}],"version-history":[{"count":1,"href":"https:\/\/inces.gob.ve\/index.php\/wp-json\/wp\/v2\/posts\/22497\/revisions"}],"predecessor-version":[{"id":22501,"href":"https:\/\/inces.gob.ve\/index.php\/wp-json\/wp\/v2\/posts\/22497\/revisions\/22501"}],"wp:featuredmedia":[{"embeddable":true,"href":"https:\/\/inces.gob.ve\/index.php\/wp-json\/wp\/v2\/media\/22499"}],"wp:attachment":[{"href":"https:\/\/inces.gob.ve\/index.php\/wp-json\/wp\/v2\/media?parent=22497"}],"wp:term":[{"taxonomy":"category","embeddable":true,"href":"https:\/\/inces.gob.ve\/index.php\/wp-json\/wp\/v2\/categories?post=22497"},{"taxonomy":"post_tag","embeddable":true,"href":"https:\/\/inces.gob.ve\/index.php\/wp-json\/wp\/v2\/tags?post=22497"}],"curies":[{"name":"wp","href":"https:\/\/api.w.org\/{rel}","templated":true}]}}