{"id":22525,"date":"2018-11-20T14:36:35","date_gmt":"2018-11-20T20:36:35","guid":{"rendered":"http:\/\/www.inces.gob.ve\/?p=22525"},"modified":"2020-05-28T20:30:29","modified_gmt":"2020-05-29T00:30:29","slug":"los-estudiantes-del-programa-nacional-de-aprendizaje-eligen-a-sus-representantes-en-miranda","status":"publish","type":"post","link":"https:\/\/inces.gob.ve\/index.php\/2018\/11\/20\/los-estudiantes-del-programa-nacional-de-aprendizaje-eligen-a-sus-representantes-en-miranda\/","title":{"rendered":"Los estudiantes del Programa Nacional de Aprendizaje eligen a sus representantes en Miranda"},"content":{"rendered":"<p align=\"justify\"><span style=\"font-family: Arial,sans-serif;\"><b>**<em> 24 Aprendices realizaron la elecci\u00f3n de sus voceros<\/em> <\/b><\/span><\/p>\n<p align=\"justify\">\n<!--more--><\/p>\n<p align=\"justify\"><span style=\"font-family: Arial,sans-serif;\"><b>DIMAS P\u00c1EZ \u2013 Miranda <\/b><\/span><\/p>\n<p align=\"justify\">\n<p align=\"justify\"><span style=\"font-family: Arial,sans-serif;\">Los aprendices del Programa Nacional de Aprendizaje (PNA) Textil Miranda, realizaron las elecciones para escoger a sus representantes antes las autoridades del Inces Miranda.<\/span><\/p>\n<p align=\"justify\">\n<p align=\"justify\"><span style=\"font-family: Arial,sans-serif;\">En las instalaciones del centro de formaci\u00f3n socialsista (CFS) Textil Miranda, en los Cortijos de los Lourdes, 24 aprendices del oficio Operario de Confecci\u00f3n Industrial Textil, eligieron a sus voceros, quedando la elecci\u00f3n de la siguiente manera: Tatiana del Carmen Cuentas G\u00f3mez, como vocera principal; Karen Marrugo vocera de Educaci\u00f3n y Winder Mendoza; vocero deportivo.<\/span><\/p>\n<p align=\"justify\"><img loading=\"lazy\" decoding=\"async\" class=\"aligncenter wp-image-22527 size-full\" src=\"http:\/\/www.inces.gob.ve\/wp-content\/uploads\/2018\/11\/2Aprendizaje-eligen.jpg\" alt=\"\" width=\"800\" height=\"704\" srcset=\"https:\/\/inces.gob.ve\/wp-content\/uploads\/2018\/11\/2Aprendizaje-eligen.jpg 800w, https:\/\/inces.gob.ve\/wp-content\/uploads\/2018\/11\/2Aprendizaje-eligen-300x264.jpg 300w, https:\/\/inces.gob.ve\/wp-content\/uploads\/2018\/11\/2Aprendizaje-eligen-768x676.jpg 768w\" sizes=\"auto, (max-width: 800px) 100vw, 800px\" \/><\/p>\n<p align=\"justify\"><span style=\"font-family: Arial,sans-serif;\">Tatiana G\u00f3mez indic\u00f3 \u201ccon los cambios que se vienen realizando dentro del Inces nos informaron que ten\u00edamos que escoger a un voceros principal y dos auxiliares, ah\u00ed nos organizamos para realizar las elecciones. Luego de las votaciones fui elegida democr\u00e1ticamente por todo el grupo para que yo lo representara en esta nueva etapa de nuestras vidas. Se que la responsabilidad es grande, porque tengo que representarlos antes las autoridades del Inces Miranda y antes los instructores del Centro\u201d.<\/span><\/p>\n<p align=\"justify\">\n<p align=\"justify\"><span style=\"font-family: Arial,sans-serif;\">Agreg\u00f3 G\u00f3mez: \u201csi surge alguna queja o algo que nos afecte a alguien, bien en lo personal o grupal, me corresponde tomar la palabra por todo el grupo, y me siento preparada para representarlos y buscar las soluciones m\u00e1s adecuada para todos\u201d.<\/span><\/p>\n<p align=\"justify\">\n<p align=\"justify\"><span style=\"font-family: Arial,sans-serif;\">Este grupo -muy unido &#8211; tiene tres meses form\u00e1ndose en el CFS con la maestra Eglis Mendoza. En los VFS y \u00c1reas For\u00e1neas del Inces Miranda han elegido a sus voceros para tener su representante en el Programa Nacional de Aprendizaje. <\/span><\/p>\n<p align=\"justify\"><span style=\"font-family: Arial,sans-serif;\"><img loading=\"lazy\" decoding=\"async\" class=\"aligncenter wp-image-22528 size-full\" src=\"http:\/\/www.inces.gob.ve\/wp-content\/uploads\/2018\/11\/1Aprendizaje-eligen.jpg\" alt=\"\" width=\"800\" height=\"534\" srcset=\"https:\/\/inces.gob.ve\/wp-content\/uploads\/2018\/11\/1Aprendizaje-eligen.jpg 800w, https:\/\/inces.gob.ve\/wp-content\/uploads\/2018\/11\/1Aprendizaje-eligen-300x200.jpg 300w, https:\/\/inces.gob.ve\/wp-content\/uploads\/2018\/11\/1Aprendizaje-eligen-768x513.jpg 768w\" sizes=\"auto, (max-width: 800px) 100vw, 800px\" \/><\/span><\/p>\n<p align=\"justify\">LT.\n<\/p>\n<p align=\"justify\">\n","protected":false},"excerpt":{"rendered":"<p>** 24 Aprendices realizaron la elecci\u00f3n de sus voceros<\/p>\n","protected":false},"author":15,"featured_media":22526,"comment_status":"closed","ping_status":"closed","sticky":false,"template":"","format":"standard","meta":{"footnotes":""},"categories":[2],"tags":[],"class_list":["post-22525","post","type-post","status-publish","format-standard","has-post-thumbnail","hentry","category-blog"],"_links":{"self":[{"href":"https:\/\/inces.gob.ve\/index.php\/wp-json\/wp\/v2\/posts\/22525","targetHints":{"allow":["GET"]}}],"collection":[{"href":"https:\/\/inces.gob.ve\/index.php\/wp-json\/wp\/v2\/posts"}],"about":[{"href":"https:\/\/inces.gob.ve\/index.php\/wp-json\/wp\/v2\/types\/post"}],"author":[{"embeddable":true,"href":"https:\/\/inces.gob.ve\/index.php\/wp-json\/wp\/v2\/users\/15"}],"replies":[{"embeddable":true,"href":"https:\/\/inces.gob.ve\/index.php\/wp-json\/wp\/v2\/comments?post=22525"}],"version-history":[{"count":1,"href":"https:\/\/inces.gob.ve\/index.php\/wp-json\/wp\/v2\/posts\/22525\/revisions"}],"predecessor-version":[{"id":22529,"href":"https:\/\/inces.gob.ve\/index.php\/wp-json\/wp\/v2\/posts\/22525\/revisions\/22529"}],"wp:featuredmedia":[{"embeddable":true,"href":"https:\/\/inces.gob.ve\/index.php\/wp-json\/wp\/v2\/media\/22526"}],"wp:attachment":[{"href":"https:\/\/inces.gob.ve\/index.php\/wp-json\/wp\/v2\/media?parent=22525"}],"wp:term":[{"taxonomy":"category","embeddable":true,"href":"https:\/\/inces.gob.ve\/index.php\/wp-json\/wp\/v2\/categories?post=22525"},{"taxonomy":"post_tag","embeddable":true,"href":"https:\/\/inces.gob.ve\/index.php\/wp-json\/wp\/v2\/tags?post=22525"}],"curies":[{"name":"wp","href":"https:\/\/api.w.org\/{rel}","templated":true}]}}