{"id":22548,"date":"2018-11-21T06:55:53","date_gmt":"2018-11-21T12:55:53","guid":{"rendered":"http:\/\/www.inces.gob.ve\/?p=22548"},"modified":"2020-05-28T20:30:28","modified_gmt":"2020-05-29T00:30:28","slug":"inces-doto-con-50-mesas-sillas-a-la-u-e-alberto-carnevalli-de-barquisimeto","status":"publish","type":"post","link":"https:\/\/inces.gob.ve\/index.php\/2018\/11\/21\/inces-doto-con-50-mesas-sillas-a-la-u-e-alberto-carnevalli-de-barquisimeto\/","title":{"rendered":"Inces dot\u00f3 con 50 mesas sillas a la  U.E. Alberto Carnevalli de Barquisimeto"},"content":{"rendered":"<p align=\"justify\"><span style=\"font-family: Arial,sans-serif;\"><b>** <i>Con estas nuevas dotaci\u00f3n suman 516 mesas sillas reparadas y 250 fabricadas por las brigadas productivas de todos los centros de formaci\u00f3n socialista (CFS) de la instituci\u00f3n formativa <\/i><\/b><\/span><\/p>\n<p align=\"justify\"><!--more--><\/p>\n<p align=\"justify\"><span style=\"font-family: Arial,sans-serif;\"><b>GAUDY L\u00d3PEZ INCES LARA<\/b><\/span><\/p>\n<p align=\"justify\">\n<p align=\"justify\"><span style=\"font-family: Arial,sans-serif;\">En Lara el Inces sigue cumpliendo con el Plan Nacional de Dotaci\u00f3n de Mesas Sillas instruido por el Ministerio del Poder Popular para la Educaci\u00f3n, (MPPE), con la entrega de 50 muebles fabricados a la Unidad Educativa Dr. Alberto Carnevalli de Barquisimeto, garantizando sillas c\u00f3modas y en buenas condiciones a los ni\u00f1os, ni\u00f1as y adolescentes escolarizados. <\/span><\/p>\n<p align=\"justify\"><span style=\"font-family: Arial,sans-serif;\"><strong>Inces garantiza muebles escolares de calidad a la juventud estudiantil de Lara<\/strong> <\/span><\/p>\n<p align=\"justify\"><span style=\"font-family: Arial,sans-serif;\">Con esta dotaci\u00f3n el Inces Lara ha garantizado en lo que va de a\u00f1o 516 mesas sillas recuperadas y 250 fabricadas para garantizar estas piezas escolares a diferentes planteles educativos de la regi\u00f3n larense entre ellos, las escuelas t\u00e9cnicas Pedro Le\u00f3n Torres, Eleodoro Pineda y Arte y Oficio Mart\u00edn Tovar y Tovar en Barquisimeto, as\u00ed lo inform\u00f3 el gerente del Inces en Lara, Julio Cesar Garc\u00eda. <\/span><\/p>\n<p align=\"justify\"><span style=\"font-family: Arial,sans-serif;\"><img loading=\"lazy\" decoding=\"async\" class=\"aligncenter wp-image-22549 size-full\" src=\"http:\/\/www.inces.gob.ve\/wp-content\/uploads\/2018\/11\/2-mesas-sillas-1.jpg\" alt=\"\" width=\"800\" height=\"423\" srcset=\"https:\/\/inces.gob.ve\/wp-content\/uploads\/2018\/11\/2-mesas-sillas-1.jpg 800w, https:\/\/inces.gob.ve\/wp-content\/uploads\/2018\/11\/2-mesas-sillas-1-300x159.jpg 300w, https:\/\/inces.gob.ve\/wp-content\/uploads\/2018\/11\/2-mesas-sillas-1-768x406.jpg 768w\" sizes=\"auto, (max-width: 800px) 100vw, 800px\" \/><\/span><\/p>\n<p align=\"justify\"><span style=\"font-family: Arial,sans-serif;\">Entre otras escuelas y liceos beneficiados con el programa se en encuentran : la Unidad Educativa, Argenis Graterol, el liceo bolivariano Julio Ernesto \u00c1lvarez en Carora, municipio Torres, la Unidad Educativa Juan Manuel \u00c1lamo en el municipio Crespo, el Centro de Educaci\u00f3n Inicial Nuevo Amanecer en el municipio Iribarren, y la Unidad Educativa Mateo Liscano Torres, en el municipio Jim\u00e9nez. <\/span><\/p>\n<p align=\"justify\"><strong><span style=\"font-family: Arial,sans-serif;\">La juventud pone sus saberes a la orden del pueblo<\/span><\/strong><\/p>\n<p align=\"justify\"><span style=\"font-family: Arial,sans-serif;\">En el proceso de recuperaci\u00f3n y producci\u00f3n de mesas sillas direccionado por la coordinaci\u00f3n estadal de Encadenamiento Productivo, participan trabajadores, maestros y j\u00f3venes formados en los cursos de Herrer\u00eda , Carpinter\u00eda y Soldadura.<\/span><\/p>\n<p align=\"justify\"><strong><span style=\"font-family: Arial,sans-serif;\">Trabajo en equipo<\/span><\/strong><\/p>\n<p align=\"justify\"><span style=\"font-family: Arial,sans-serif;\">El Plan de Dotaci\u00f3n de Mesas Sillas se est\u00e1 desarrollando a nivel nacional junto a instituciones como el Inces a trav\u00e9s de la gerencia de Encadenamiento Productivo, la Fundaci\u00f3n de Edificaciones y Dotaciones Escolares, Fede, la Zona Educativa, con el firme objetivo de atender integralmente, las necesidades de la planta f\u00edsica educativa de todo el pa\u00eds.<\/span><\/p>\n<p align=\"justify\"><span style=\"font-family: Arial,sans-serif;\">Para la elaboraci\u00f3n de las mesas sillas se ha contado con el apoyo en cuanto a los materiales de las empresas socialista, Maderas Orinoco y la Sider\u00fargica Nacional, quienes han hecho posible el \u00e9xito del plan. <\/span><\/p>\n<p align=\"justify\">LT.<\/p>\n","protected":false},"excerpt":{"rendered":"<p>** Con estas nuevas dotaci\u00f3n suman 516 mesas sillas reparadas y 250 fabricadas por las brigadas productivas de todos los centros de formaci\u00f3n socialista (CFS) de la instituci\u00f3n formativa<\/p>\n","protected":false},"author":15,"featured_media":22550,"comment_status":"closed","ping_status":"closed","sticky":false,"template":"","format":"standard","meta":{"footnotes":""},"categories":[2],"tags":[],"class_list":["post-22548","post","type-post","status-publish","format-standard","has-post-thumbnail","hentry","category-blog"],"_links":{"self":[{"href":"https:\/\/inces.gob.ve\/index.php\/wp-json\/wp\/v2\/posts\/22548","targetHints":{"allow":["GET"]}}],"collection":[{"href":"https:\/\/inces.gob.ve\/index.php\/wp-json\/wp\/v2\/posts"}],"about":[{"href":"https:\/\/inces.gob.ve\/index.php\/wp-json\/wp\/v2\/types\/post"}],"author":[{"embeddable":true,"href":"https:\/\/inces.gob.ve\/index.php\/wp-json\/wp\/v2\/users\/15"}],"replies":[{"embeddable":true,"href":"https:\/\/inces.gob.ve\/index.php\/wp-json\/wp\/v2\/comments?post=22548"}],"version-history":[{"count":2,"href":"https:\/\/inces.gob.ve\/index.php\/wp-json\/wp\/v2\/posts\/22548\/revisions"}],"predecessor-version":[{"id":22552,"href":"https:\/\/inces.gob.ve\/index.php\/wp-json\/wp\/v2\/posts\/22548\/revisions\/22552"}],"wp:featuredmedia":[{"embeddable":true,"href":"https:\/\/inces.gob.ve\/index.php\/wp-json\/wp\/v2\/media\/22550"}],"wp:attachment":[{"href":"https:\/\/inces.gob.ve\/index.php\/wp-json\/wp\/v2\/media?parent=22548"}],"wp:term":[{"taxonomy":"category","embeddable":true,"href":"https:\/\/inces.gob.ve\/index.php\/wp-json\/wp\/v2\/categories?post=22548"},{"taxonomy":"post_tag","embeddable":true,"href":"https:\/\/inces.gob.ve\/index.php\/wp-json\/wp\/v2\/tags?post=22548"}],"curies":[{"name":"wp","href":"https:\/\/api.w.org\/{rel}","templated":true}]}}