{"id":22565,"date":"2018-11-21T08:06:34","date_gmt":"2018-11-21T14:06:34","guid":{"rendered":"http:\/\/www.inces.gob.ve\/?p=22565"},"modified":"2020-05-28T20:30:28","modified_gmt":"2020-05-29T00:30:28","slug":"chambistas-tambien-se-suman-a-la-reparacion-de-mesas-sillas","status":"publish","type":"post","link":"https:\/\/inces.gob.ve\/index.php\/2018\/11\/21\/chambistas-tambien-se-suman-a-la-reparacion-de-mesas-sillas\/","title":{"rendered":"Chambistas tambi\u00e9n se suman a la reparaci\u00f3n de mesas-sillas"},"content":{"rendered":"<p align=\"justify\"><span style=\"font-family: Arial,sans-serif;\">**<i><b> Juventud productiva guaire\u00f1a se integra y promueve la conservaci\u00f3n con el uso adecuado <\/b><\/i><\/span><\/p>\n<p align=\"justify\">\n<!--more--><\/p>\n<p align=\"justify\"><span style=\"font-family: Arial,sans-serif;\"><b>Zuvalqui Duarte | Vargas<\/b><\/span><\/p>\n<p align=\"justify\">\n<p align=\"justify\"><span style=\"font-family: Arial,sans-serif;\">Como parte de la formaci\u00f3n en los oficios de Carpinter\u00eda, Soldadura y Herrer\u00eda que reciben los j\u00f3venes de la Misi\u00f3n Chamba Juvenil en la Escuela Taller La Guaira se han integrado a la recuperaci\u00f3n de los inmuebles escolares en las escuelas del punto y c\u00edrculo.<\/span><\/p>\n<p align=\"justify\">\n<p align=\"justify\"><span style=\"font-family: Arial,sans-serif;\">Estas jornadas se est\u00e1n realizando en toda la entidad varguense, con el fin de habilitar las mesas-sillas que se encuentran deterioradas y que dificultan el proceso de aprendizaje de los ni\u00f1os y ni\u00f1as.<\/span><\/p>\n<p align=\"justify\"><img loading=\"lazy\" decoding=\"async\" class=\"aligncenter wp-image-22568 size-full\" src=\"http:\/\/www.inces.gob.ve\/wp-content\/uploads\/2018\/11\/1-reparaci\u00f3n-de-mesas-sillas.jpg\" alt=\"\" width=\"800\" height=\"448\" srcset=\"https:\/\/inces.gob.ve\/wp-content\/uploads\/2018\/11\/1-reparaci\u00f3n-de-mesas-sillas.jpg 800w, https:\/\/inces.gob.ve\/wp-content\/uploads\/2018\/11\/1-reparaci\u00f3n-de-mesas-sillas-300x168.jpg 300w, https:\/\/inces.gob.ve\/wp-content\/uploads\/2018\/11\/1-reparaci\u00f3n-de-mesas-sillas-768x430.jpg 768w\" sizes=\"auto, (max-width: 800px) 100vw, 800px\" \/>\n<\/p>\n<p align=\"justify\"><span style=\"font-family: Arial,sans-serif;\">Estos j\u00f3venes se integran a las brigadas de mantenimiento escolares que se conforman en las unidades educativas por ser parte de las comunidades y aportan conocimientos obtenidos durante los meses de formaci\u00f3n.<\/span><\/p>\n<p align=\"justify\">\n<img loading=\"lazy\" decoding=\"async\" class=\"aligncenter wp-image-22567 size-full\" src=\"http:\/\/www.inces.gob.ve\/wp-content\/uploads\/2018\/11\/2-reparaci\u00f3n-de-mesas-sillas.jpg\" alt=\"\" width=\"800\" height=\"600\" srcset=\"https:\/\/inces.gob.ve\/wp-content\/uploads\/2018\/11\/2-reparaci\u00f3n-de-mesas-sillas.jpg 800w, https:\/\/inces.gob.ve\/wp-content\/uploads\/2018\/11\/2-reparaci\u00f3n-de-mesas-sillas-300x225.jpg 300w, https:\/\/inces.gob.ve\/wp-content\/uploads\/2018\/11\/2-reparaci\u00f3n-de-mesas-sillas-768x576.jpg 768w, https:\/\/inces.gob.ve\/wp-content\/uploads\/2018\/11\/2-reparaci\u00f3n-de-mesas-sillas-136x102.jpg 136w\" sizes=\"auto, (max-width: 800px) 100vw, 800px\" \/><\/p>\n<p align=\"justify\"><span style=\"font-family: Arial,sans-serif;\">En cada uno de los procesos formativos en los que participa la juventud productiva, esta siembra esfuerzo y conciencia, es por ello que hacen un llamado a los estudiantes de la regi\u00f3n a cuidar y conservar los espacios educativos, los recursos de que disponen para ello y prolongar su uso para las futuras generaciones.<\/span><\/p>\n<p align=\"justify\">LT.<\/p>\n","protected":false},"excerpt":{"rendered":"<p>** Juventud productiva guaire\u00f1a se integra y promueve la conservaci\u00f3n con el uso adecuado<\/p>\n","protected":false},"author":15,"featured_media":22566,"comment_status":"closed","ping_status":"closed","sticky":false,"template":"","format":"standard","meta":{"footnotes":""},"categories":[2],"tags":[],"class_list":["post-22565","post","type-post","status-publish","format-standard","has-post-thumbnail","hentry","category-blog"],"_links":{"self":[{"href":"https:\/\/inces.gob.ve\/index.php\/wp-json\/wp\/v2\/posts\/22565","targetHints":{"allow":["GET"]}}],"collection":[{"href":"https:\/\/inces.gob.ve\/index.php\/wp-json\/wp\/v2\/posts"}],"about":[{"href":"https:\/\/inces.gob.ve\/index.php\/wp-json\/wp\/v2\/types\/post"}],"author":[{"embeddable":true,"href":"https:\/\/inces.gob.ve\/index.php\/wp-json\/wp\/v2\/users\/15"}],"replies":[{"embeddable":true,"href":"https:\/\/inces.gob.ve\/index.php\/wp-json\/wp\/v2\/comments?post=22565"}],"version-history":[{"count":1,"href":"https:\/\/inces.gob.ve\/index.php\/wp-json\/wp\/v2\/posts\/22565\/revisions"}],"predecessor-version":[{"id":22569,"href":"https:\/\/inces.gob.ve\/index.php\/wp-json\/wp\/v2\/posts\/22565\/revisions\/22569"}],"wp:featuredmedia":[{"embeddable":true,"href":"https:\/\/inces.gob.ve\/index.php\/wp-json\/wp\/v2\/media\/22566"}],"wp:attachment":[{"href":"https:\/\/inces.gob.ve\/index.php\/wp-json\/wp\/v2\/media?parent=22565"}],"wp:term":[{"taxonomy":"category","embeddable":true,"href":"https:\/\/inces.gob.ve\/index.php\/wp-json\/wp\/v2\/categories?post=22565"},{"taxonomy":"post_tag","embeddable":true,"href":"https:\/\/inces.gob.ve\/index.php\/wp-json\/wp\/v2\/tags?post=22565"}],"curies":[{"name":"wp","href":"https:\/\/api.w.org\/{rel}","templated":true}]}}