{"id":22582,"date":"2018-11-21T11:24:16","date_gmt":"2018-11-21T17:24:16","guid":{"rendered":"http:\/\/www.inces.gob.ve\/?p=22582"},"modified":"2020-05-28T20:30:28","modified_gmt":"2020-05-29T00:30:28","slug":"inces-bolivar-incia-plan-de-caracterizacion-hacia-la-formacion-productiva-2019","status":"publish","type":"post","link":"https:\/\/inces.gob.ve\/index.php\/2018\/11\/21\/inces-bolivar-incia-plan-de-caracterizacion-hacia-la-formacion-productiva-2019\/","title":{"rendered":"Inces Bol\u00edvar incia  Plan de caracterizaci\u00f3n hacia la formaci\u00f3n productiva 2019"},"content":{"rendered":"<p style=\"text-align: justify;\" align=\"justify\"><span style=\"font-family: Arial,sans-serif;\"><i><b>** El proceso se realizar\u00e1 en todos lo centros de formaci\u00f3n<\/b><\/i><\/span><\/p>\n<p style=\"text-align: justify;\" align=\"justify\"><!--more--><\/p>\n<p style=\"text-align: justify;\" align=\"justify\"><span style=\"font-family: Arial,sans-serif;\"><b>JOS\u00c9 SU\u00c1REZ | Bol\u00edvar<\/b><\/span><\/p>\n<p style=\"text-align: justify;\" align=\"justify\"><span style=\"font-family: Arial,sans-serif;\">Dando cumplimiento a las orientaciones emanadas por el presidente del Inces, Wuikelman Angel Paredes, en Bol\u00edvar se dio inicio al plan de caracterizaci\u00f3n, con el fin de captar los perfiles de la colectividad a la cual se le brindar\u00e1n opciones formativas el pr\u00f3ximo a\u00f1o.<\/span><\/p>\n<p style=\"text-align: justify;\" align=\"justify\"><span style=\"font-family: Arial,sans-serif;\">A trav\u00e9s de la Unidad de Atenci\u00f3n Integral al Participante (AIP), se realiza una recopilaci\u00f3n de los datos personales del participante, y su motivaci\u00f3n del aspirante formarse en los diferentes oficios que se ofrecen en los centros de formaci\u00f3n socialista. Hasta la fecha se han caracterizado 530 postulantes que se integrar\u00e1n a los programas de formaci\u00f3n productiva.<\/span><\/p>\n<p style=\"text-align: justify;\" align=\"justify\"><span style=\"font-family: Arial,sans-serif;\">Rosario Mercedes, participante del curso Elaboraci\u00f3n de Patrones, declar\u00f3 que desea seguir capacit\u00e1ndose en las formaciones del Programa Textil, con el objetivo de perfeccionar sus conocimientos.<\/span><\/p>\n<p style=\"text-align: justify;\" align=\"justify\"><img loading=\"lazy\" decoding=\"async\" class=\"aligncenter wp-image-22584 size-full\" src=\"http:\/\/www.inces.gob.ve\/wp-content\/uploads\/2018\/11\/1-Plan-de-caracterizaci\u00f3n.jpg\" alt=\"\" width=\"800\" height=\"450\" srcset=\"https:\/\/inces.gob.ve\/wp-content\/uploads\/2018\/11\/1-Plan-de-caracterizaci\u00f3n.jpg 800w, https:\/\/inces.gob.ve\/wp-content\/uploads\/2018\/11\/1-Plan-de-caracterizaci\u00f3n-300x169.jpg 300w, https:\/\/inces.gob.ve\/wp-content\/uploads\/2018\/11\/1-Plan-de-caracterizaci\u00f3n-768x432.jpg 768w\" sizes=\"auto, (max-width: 800px) 100vw, 800px\" \/><span style=\"font-family: Arial,sans-serif;\">La Jefa de la AIP, Solvany Sosa, enfatiz\u00f3: \u201cLa intenci\u00f3n es obtener un balance de las comunidades y proyectar la formaci\u00f3n del Inces Bol\u00edvar\u00bb.<\/span><\/p>\n<p style=\"text-align: justify;\" align=\"justify\"><span style=\"font-family: Arial,sans-serif;\">Tambi\u00e9n extendi\u00f3 la invitaci\u00f3n a los emprendedores, las empresas de producci\u00f3n y a los comerciantes comunales a formar parte de la capacitaci\u00f3n productiva del a\u00f1o 2019.<\/span><\/p>\n<p style=\"text-align: justify;\" align=\"justify\">\u201c<span style=\"font-family: Arial,sans-serif;\">Nosotros estaremos realizando este proceso hasta el 14 de diciembre, invitamos a toda la poblaci\u00f3n a dirigirse a su centro m\u00e1s cercano para ser caracterizado\u201d, finaliz\u00f3.<\/span><\/p>\n<p style=\"text-align: justify;\" align=\"justify\"><span style=\"font-family: Arial,sans-serif;\">LT.<\/span><\/p>\n","protected":false},"excerpt":{"rendered":"<p>** El proceso se realizar\u00e1 en todos lo centros de formaci\u00f3n<\/p>\n","protected":false},"author":15,"featured_media":22583,"comment_status":"closed","ping_status":"closed","sticky":false,"template":"","format":"standard","meta":{"footnotes":""},"categories":[2],"tags":[],"class_list":["post-22582","post","type-post","status-publish","format-standard","has-post-thumbnail","hentry","category-blog"],"_links":{"self":[{"href":"https:\/\/inces.gob.ve\/index.php\/wp-json\/wp\/v2\/posts\/22582","targetHints":{"allow":["GET"]}}],"collection":[{"href":"https:\/\/inces.gob.ve\/index.php\/wp-json\/wp\/v2\/posts"}],"about":[{"href":"https:\/\/inces.gob.ve\/index.php\/wp-json\/wp\/v2\/types\/post"}],"author":[{"embeddable":true,"href":"https:\/\/inces.gob.ve\/index.php\/wp-json\/wp\/v2\/users\/15"}],"replies":[{"embeddable":true,"href":"https:\/\/inces.gob.ve\/index.php\/wp-json\/wp\/v2\/comments?post=22582"}],"version-history":[{"count":2,"href":"https:\/\/inces.gob.ve\/index.php\/wp-json\/wp\/v2\/posts\/22582\/revisions"}],"predecessor-version":[{"id":22586,"href":"https:\/\/inces.gob.ve\/index.php\/wp-json\/wp\/v2\/posts\/22582\/revisions\/22586"}],"wp:featuredmedia":[{"embeddable":true,"href":"https:\/\/inces.gob.ve\/index.php\/wp-json\/wp\/v2\/media\/22583"}],"wp:attachment":[{"href":"https:\/\/inces.gob.ve\/index.php\/wp-json\/wp\/v2\/media?parent=22582"}],"wp:term":[{"taxonomy":"category","embeddable":true,"href":"https:\/\/inces.gob.ve\/index.php\/wp-json\/wp\/v2\/categories?post=22582"},{"taxonomy":"post_tag","embeddable":true,"href":"https:\/\/inces.gob.ve\/index.php\/wp-json\/wp\/v2\/tags?post=22582"}],"curies":[{"name":"wp","href":"https:\/\/api.w.org\/{rel}","templated":true}]}}