{"id":22610,"date":"2018-11-21T13:57:55","date_gmt":"2018-11-21T19:57:55","guid":{"rendered":"http:\/\/www.inces.gob.ve\/?p=22610"},"modified":"2020-05-28T20:30:28","modified_gmt":"2020-05-29T00:30:28","slug":"inces-brillo-con-luz-propia-durante-expo-portuguesa-2018","status":"publish","type":"post","link":"https:\/\/inces.gob.ve\/index.php\/2018\/11\/21\/inces-brillo-con-luz-propia-durante-expo-portuguesa-2018\/","title":{"rendered":"Inces brill\u00f3 con luz propia durante Expo-Portuguesa 2018"},"content":{"rendered":"<p style=\"text-align: justify;\" align=\"justify\"><span style=\"font-family: Arial,sans-serif;\"><b>**<i> \u201cTodos los trabajadores que participaron en la Vitrina Agroindustrial de Venezuela merecen mi especial agradecimiento\u201d <\/i><\/b><\/span><\/p>\n<p style=\"text-align: justify;\" align=\"justify\">\n<!--more--><\/p>\n<p style=\"text-align: justify;\" align=\"justify\"><span style=\"font-family: Arial,sans-serif;\"><b>CRUZ MARIO SILVA | Portuguesa <\/b><\/span><\/p>\n<p style=\"text-align: justify;\" align=\"justify\"><span style=\"font-family: Arial,sans-serif;\">Como un \u00e9xito total calific\u00f3 la gerente regional del Inces en el estado Portuguesa, Aracelis Bello, la participaci\u00f3n de \u201cnuestra instituci\u00f3n durante la Expo-Portuguesa 2018\u201d, llevada a cabo del 14 al 18 de noviembre del presente a\u00f1o, en las instalaciones del Centro de Mantenimiento y Reparaci\u00f3n de Helic\u00f3pteros, Cerameh, ubicado en el municipio Araure<\/span><\/p>\n<p style=\"text-align: justify;\" align=\"justify\">\n<p style=\"text-align: justify;\" align=\"justify\"><span style=\"font-family: Arial,sans-serif;\">Bello pronunci\u00f3 estas palabras durante una reuni\u00f3n de trabajo, en virtud del an\u00e1lisis necesario posterior a la jornada, dado el compromiso del Inces con la producci\u00f3n agr\u00edcola nacional.<\/span><\/p>\n<p><img loading=\"lazy\" decoding=\"async\" class=\"wp-image-22612 size-full\" src=\"http:\/\/www.inces.gob.ve\/wp-content\/uploads\/2018\/11\/1Expo-Portuguesa.jpg\" alt=\"\" width=\"800\" height=\"600\" srcset=\"https:\/\/inces.gob.ve\/wp-content\/uploads\/2018\/11\/1Expo-Portuguesa.jpg 800w, https:\/\/inces.gob.ve\/wp-content\/uploads\/2018\/11\/1Expo-Portuguesa-300x225.jpg 300w, https:\/\/inces.gob.ve\/wp-content\/uploads\/2018\/11\/1Expo-Portuguesa-768x576.jpg 768w, https:\/\/inces.gob.ve\/wp-content\/uploads\/2018\/11\/1Expo-Portuguesa-136x102.jpg 136w\" sizes=\"auto, (max-width: 800px) 100vw, 800px\" \/><\/p>\n<p style=\"text-align: justify;\" align=\"justify\">\u201c<span style=\"font-family: Arial,sans-serif;\">Recordemos que fueron 423 stand que se instalaron, entre los que estaba el nuestro. En ellos de mostraron las bondades agroindustriales y escomercial de Portuguesa y de algunas regiones vecinas como Cojedes, Lara, Barinas, Zulia y Yaracuy\u201d.<\/span><\/p>\n<p style=\"text-align: justify;\" align=\"justify\">\n<p style=\"text-align: justify;\" align=\"justify\"><span style=\"font-family: Arial,sans-serif;\">La gerente destac\u00f3 la labor de todos los que se sumaron al trabajo en el stand Inces, desde los muchachos de la Misi\u00f3n Chamba Juvenil, hasta los maestros y maestras t\u00e9cnicos productivos, jefe de CFS (centro de formaci\u00f3n socialista) y de programa, as\u00ed como personal del Inces.<\/span><\/p>\n<p style=\"text-align: justify;\" align=\"justify\">\n<p style=\"text-align: justify;\" align=\"justify\">\u201c<span style=\"font-family: Arial,sans-serif;\">Todos los que participaron merecen mi especial agradecimiento debido a que desde muy temprano en la ma\u00f1ana, hasta muy tarde en la noche, el espacio que la directiva de la Expo-Portuguesa nos asign\u00f3 estuvo asistido por nuestra gente\u201d.<\/span><\/p>\n<p style=\"text-align: justify;\" align=\"justify\">\n<p style=\"text-align: justify;\" align=\"justify\"><span style=\"font-family: Arial,sans-serif;\">Fueron cinco d\u00edas de ardua labor, expres\u00f3, debido a que se estima que m\u00e1s de 150 mil personas visitaron la Expo-Portuguesa, quienes, dicho sea de paso, conocieron lo que hacemos en los cinco CFS: Atapaima, Pedro P\u00e9rez Delgado, Comercio, Industria y Construcci\u00f3n, as\u00ed como lo que desarrollamos en los programas, PNA, Turismo, Penitenciario, Textil. <\/span><\/p>\n<p style=\"text-align: justify;\" align=\"justify\">LT.<\/p>\n","protected":false},"excerpt":{"rendered":"<p>** \u201cTodos los trabajadores que participaron en la Vitrina Agroindustrial de Venezuela merecen mi especial agradecimiento\u201d<\/p>\n","protected":false},"author":15,"featured_media":22611,"comment_status":"closed","ping_status":"closed","sticky":false,"template":"","format":"standard","meta":{"footnotes":""},"categories":[2],"tags":[],"class_list":["post-22610","post","type-post","status-publish","format-standard","has-post-thumbnail","hentry","category-blog"],"_links":{"self":[{"href":"https:\/\/inces.gob.ve\/index.php\/wp-json\/wp\/v2\/posts\/22610","targetHints":{"allow":["GET"]}}],"collection":[{"href":"https:\/\/inces.gob.ve\/index.php\/wp-json\/wp\/v2\/posts"}],"about":[{"href":"https:\/\/inces.gob.ve\/index.php\/wp-json\/wp\/v2\/types\/post"}],"author":[{"embeddable":true,"href":"https:\/\/inces.gob.ve\/index.php\/wp-json\/wp\/v2\/users\/15"}],"replies":[{"embeddable":true,"href":"https:\/\/inces.gob.ve\/index.php\/wp-json\/wp\/v2\/comments?post=22610"}],"version-history":[{"count":1,"href":"https:\/\/inces.gob.ve\/index.php\/wp-json\/wp\/v2\/posts\/22610\/revisions"}],"predecessor-version":[{"id":22613,"href":"https:\/\/inces.gob.ve\/index.php\/wp-json\/wp\/v2\/posts\/22610\/revisions\/22613"}],"wp:featuredmedia":[{"embeddable":true,"href":"https:\/\/inces.gob.ve\/index.php\/wp-json\/wp\/v2\/media\/22611"}],"wp:attachment":[{"href":"https:\/\/inces.gob.ve\/index.php\/wp-json\/wp\/v2\/media?parent=22610"}],"wp:term":[{"taxonomy":"category","embeddable":true,"href":"https:\/\/inces.gob.ve\/index.php\/wp-json\/wp\/v2\/categories?post=22610"},{"taxonomy":"post_tag","embeddable":true,"href":"https:\/\/inces.gob.ve\/index.php\/wp-json\/wp\/v2\/tags?post=22610"}],"curies":[{"name":"wp","href":"https:\/\/api.w.org\/{rel}","templated":true}]}}