{"id":22614,"date":"2018-11-21T14:05:09","date_gmt":"2018-11-21T20:05:09","guid":{"rendered":"http:\/\/www.inces.gob.ve\/?p=22614"},"modified":"2020-05-28T20:30:28","modified_gmt":"2020-05-29T00:30:28","slug":"gaitas-aguinaldos-y-parrandas-enmarcan-cierre-de-formaciones-del-programa-turismo-en-sucre","status":"publish","type":"post","link":"https:\/\/inces.gob.ve\/index.php\/2018\/11\/21\/gaitas-aguinaldos-y-parrandas-enmarcan-cierre-de-formaciones-del-programa-turismo-en-sucre\/","title":{"rendered":"Gaitas, aguinaldos y parrandas enmarcan cierre de formaciones del Programa Turismo en Sucre"},"content":{"rendered":"<p style=\"text-align: justify;\" align=\"justify\"><span style=\"font-family: Arial,sans-serif;\"><i><b>** Oficios como servicio de bar, panader\u00eda, reposter\u00eda, cocina b\u00e1sica, entre otros, fueron las opciones m\u00e1s solicitada en esta temporada<\/b><\/i><\/span><\/p>\n<p style=\"text-align: justify;\" align=\"justify\">\n<!--more--><\/p>\n<p style=\"text-align: justify;\" align=\"justify\"><span style=\"font-family: Arial,sans-serif;\"><b>MILAGROS GUERRERO | Sucre<\/b><\/span><\/p>\n<p style=\"text-align: justify;\" align=\"justify\">\n<p style=\"text-align: justify;\" align=\"justify\"><span style=\"font-family: Arial,sans-serif;\">Con una gran exhibici\u00f3n acompa\u00f1ada con gaitas, aguinaldos y parrandas, se realiz\u00f3 el cierre de las formaciones de Cocina, Reposter\u00eda, Panader\u00eda, Servicio de Bar, Protocolo y Eventos correspondientes al Programa Turismo del Inces, en el estado Sucre.<\/span><\/p>\n<p style=\"text-align: justify;\" align=\"justify\">\n<p style=\"text-align: justify;\" align=\"justify\"><span style=\"font-family: Arial,sans-serif;\">La gerente regional, Audin Navarro, reconoci\u00f3 el esmero de quienes alcanzaron la meta con un elevado nivel de conciencia socialista, manifiesta en las nuevas ideas de emprendimiento con las que continuar\u00e1n el camino productivo desde las unidades de producci\u00f3n familiar y las empresas de producci\u00f3n social culminada la etapa formativa.<\/span><\/p>\n<p style=\"text-align: justify;\" align=\"justify\"><img loading=\"lazy\" decoding=\"async\" class=\"aligncenter wp-image-22618 size-full\" src=\"http:\/\/www.inces.gob.ve\/wp-content\/uploads\/2018\/11\/1cierre-de-formaciones.jpeg\" alt=\"\" width=\"800\" height=\"796\" srcset=\"https:\/\/inces.gob.ve\/wp-content\/uploads\/2018\/11\/1cierre-de-formaciones.jpeg 800w, https:\/\/inces.gob.ve\/wp-content\/uploads\/2018\/11\/1cierre-de-formaciones-150x150.jpeg 150w, https:\/\/inces.gob.ve\/wp-content\/uploads\/2018\/11\/1cierre-de-formaciones-300x300.jpeg 300w, https:\/\/inces.gob.ve\/wp-content\/uploads\/2018\/11\/1cierre-de-formaciones-768x764.jpeg 768w\" sizes=\"auto, (max-width: 800px) 100vw, 800px\" \/><\/p>\n<p style=\"text-align: justify;\" align=\"justify\">\u201c<span style=\"font-family: Arial,sans-serif;\">Desde Inces, el Programa Turismo hace posible las formaciones que trascienden fronteras. Le han puesto coraz\u00f3n y cari\u00f1o. Especialmente los participantes de La Fragua del municipio Montes. Gracias por creer en Inces y todo el proceso de formaci\u00f3n productiva que llevamos a las comunidades. Contin\u00faen en el camino productivo. Desde el Programa Mujer Productiva Inces, organ\u00edcense para que accedan al financiamiento que ofrece el Gobierno Bolivariano a quienes producen\u201d, puntualiz\u00f3.<\/span><\/p>\n<p style=\"text-align: justify;\" align=\"justify\">\n<p style=\"text-align: justify;\" align=\"justify\"><span style=\"font-family: Arial,sans-serif;\">Testimonios<\/span><\/p>\n<p style=\"text-align: justify;\" align=\"justify\"><span style=\"font-family: Arial,sans-serif;\">Valentina L\u00f3pez, participante del curso de Servicio de Bar, agradeci\u00f3 la extraordinaria oportunidad que la instituci\u00f3n le dio. Dijo, que a sus 40 a\u00f1os de vida se siente muy productiva y la formaci\u00f3n aportada por el promotor t\u00e9cnico productivo (PTP) Fernando Morillo, en Inces, la capacit\u00f3 a ella y a sus 17 compa\u00f1eros, como los m\u00e1s vers\u00e1tiles creadores en el \u00e1rea econ\u00f3mica del turismo.<\/span><\/p>\n<p style=\"text-align: justify;\" align=\"justify\"><span style=\"font-family: Arial,sans-serif;\"><img loading=\"lazy\" decoding=\"async\" class=\"aligncenter wp-image-22617 size-full\" src=\"http:\/\/www.inces.gob.ve\/wp-content\/uploads\/2018\/11\/2cierre-de-formaciones.jpeg\" alt=\"\" width=\"800\" height=\"713\" srcset=\"https:\/\/inces.gob.ve\/wp-content\/uploads\/2018\/11\/2cierre-de-formaciones.jpeg 800w, https:\/\/inces.gob.ve\/wp-content\/uploads\/2018\/11\/2cierre-de-formaciones-300x267.jpeg 300w, https:\/\/inces.gob.ve\/wp-content\/uploads\/2018\/11\/2cierre-de-formaciones-768x684.jpeg 768w\" sizes=\"auto, (max-width: 800px) 100vw, 800px\" \/><\/span><\/p>\n<p style=\"text-align: justify;\" align=\"justify\"><span style=\"font-family: Arial,sans-serif;\">De igual forma, Martha P\u00e9rez del curso de Cocina B\u00e1sica, expres\u00f3 que recibieron talleres de Costos, Servicios de Restaurantes, Orientaci\u00f3n al Turismo; que la ayud\u00f3 a ella y a tres de sus compa\u00f1eros, quienes tienen ahora la idea de emprender una EPS denominada \u201cLos 4 Fant\u00e1sticos\u201d, con una propuesta gastron\u00f3mica venezolana e internacional. De ese grupo son 43 integrantes que, de la mano de la profesora Soraya Lemus, dijeron \u201cs\u00ed creemos en nuestra patria Venezuela\u201d.<\/span><\/p>\n<p style=\"text-align: justify;\" align=\"justify\">\n<p><img loading=\"lazy\" decoding=\"async\" class=\"wp-image-22616 size-full\" src=\"http:\/\/www.inces.gob.ve\/wp-content\/uploads\/2018\/11\/5cierre-de-formaciones.jpeg\" alt=\"\" width=\"800\" height=\"600\" srcset=\"https:\/\/inces.gob.ve\/wp-content\/uploads\/2018\/11\/5cierre-de-formaciones.jpeg 800w, https:\/\/inces.gob.ve\/wp-content\/uploads\/2018\/11\/5cierre-de-formaciones-300x225.jpeg 300w, https:\/\/inces.gob.ve\/wp-content\/uploads\/2018\/11\/5cierre-de-formaciones-768x576.jpeg 768w, https:\/\/inces.gob.ve\/wp-content\/uploads\/2018\/11\/5cierre-de-formaciones-136x102.jpeg 136w\" sizes=\"auto, (max-width: 800px) 100vw, 800px\" \/><\/p>\n<p style=\"text-align: justify;\" align=\"justify\"><span style=\"font-family: Arial,sans-serif;\">Del grupo formado por el PTP Juan Figueroa, en Cocina B\u00e1sica (17) y en Salsas (25), destaca la idea de organizarse para abrir un restaurante en especialidades marinas. Adem\u00e1s, de su deseo de pertenecer alg\u00fan d\u00eda a la planta de profesores de la instituci\u00f3n para formar y producir desde Inces. Hay que resaltar que en estos cursos el Inces, a trav\u00e9s del turismo, le abri\u00f3 las puertas del conocimiento a 18 j\u00f3venes que presentan diferentes discapacidades auditivas e intelectuales.<\/span><\/p>\n<p style=\"text-align: justify;\" align=\"justify\">\n<p style=\"text-align: justify;\" align=\"justify\"><span style=\"font-family: Arial,sans-serif;\">Llam\u00f3 la atenci\u00f3n la muestra de panader\u00eda tra\u00edda desde La Fragua, por 17 estudiantes del curso que dict\u00f3 Marisol Garc\u00eda, que desde el campo elaboraron panes de ma\u00edz, dulces y salados, pasapalos, entre otros. De igual forma, el profesor Ismael Garc\u00eda tuvo 18 consagrados en servicio de bar. Como jurados asistieron Mar\u00eda Ducharme (EPS Cosdesu) y los chef Lu\u00eds Marcano, Norelvis Serrano y Karen Freites. <\/span><\/p>\n<p style=\"text-align: justify;\" align=\"justify\">LT.<\/p>\n","protected":false},"excerpt":{"rendered":"<p>** Oficios como servicio de bar, panader\u00eda, reposter\u00eda, cocina b\u00e1sica, entre otros, fueron las opciones m\u00e1s solicitada en esta temporada<\/p>\n","protected":false},"author":15,"featured_media":22615,"comment_status":"closed","ping_status":"closed","sticky":false,"template":"","format":"standard","meta":{"footnotes":""},"categories":[2],"tags":[],"class_list":["post-22614","post","type-post","status-publish","format-standard","has-post-thumbnail","hentry","category-blog"],"_links":{"self":[{"href":"https:\/\/inces.gob.ve\/index.php\/wp-json\/wp\/v2\/posts\/22614","targetHints":{"allow":["GET"]}}],"collection":[{"href":"https:\/\/inces.gob.ve\/index.php\/wp-json\/wp\/v2\/posts"}],"about":[{"href":"https:\/\/inces.gob.ve\/index.php\/wp-json\/wp\/v2\/types\/post"}],"author":[{"embeddable":true,"href":"https:\/\/inces.gob.ve\/index.php\/wp-json\/wp\/v2\/users\/15"}],"replies":[{"embeddable":true,"href":"https:\/\/inces.gob.ve\/index.php\/wp-json\/wp\/v2\/comments?post=22614"}],"version-history":[{"count":1,"href":"https:\/\/inces.gob.ve\/index.php\/wp-json\/wp\/v2\/posts\/22614\/revisions"}],"predecessor-version":[{"id":22619,"href":"https:\/\/inces.gob.ve\/index.php\/wp-json\/wp\/v2\/posts\/22614\/revisions\/22619"}],"wp:featuredmedia":[{"embeddable":true,"href":"https:\/\/inces.gob.ve\/index.php\/wp-json\/wp\/v2\/media\/22615"}],"wp:attachment":[{"href":"https:\/\/inces.gob.ve\/index.php\/wp-json\/wp\/v2\/media?parent=22614"}],"wp:term":[{"taxonomy":"category","embeddable":true,"href":"https:\/\/inces.gob.ve\/index.php\/wp-json\/wp\/v2\/categories?post=22614"},{"taxonomy":"post_tag","embeddable":true,"href":"https:\/\/inces.gob.ve\/index.php\/wp-json\/wp\/v2\/tags?post=22614"}],"curies":[{"name":"wp","href":"https:\/\/api.w.org\/{rel}","templated":true}]}}