{"id":22679,"date":"2018-11-22T13:51:29","date_gmt":"2018-11-22T19:51:29","guid":{"rendered":"http:\/\/www.inces.gob.ve\/?p=22679"},"modified":"2020-05-28T20:30:27","modified_gmt":"2020-05-29T00:30:27","slug":"inces-presente-en-la-fitven-2018-con-su-franquicia-wadaka","status":"publish","type":"post","link":"https:\/\/inces.gob.ve\/index.php\/2018\/11\/22\/inces-presente-en-la-fitven-2018-con-su-franquicia-wadaka\/","title":{"rendered":"Inces presente en la Fitven 2018 con su franquicia Wad\u00e4ka"},"content":{"rendered":"<p style=\"text-align: justify;\" align=\"justify\"><span style=\"font-family: Arial,sans-serif;\"><b>** <\/b><i><b>Ser\u00e1 un reducto para la comida y bebida aut\u00f3ctonas y un espacio para la formaci\u00f3n y pr\u00e1cticas en servicio de los j\u00f3venes aprendices Inces<\/b><\/i><\/span><\/p>\n<p style=\"text-align: justify;\" align=\"justify\"><!--more--><\/p>\n<p style=\"text-align: justify;\" align=\"justify\"><span style=\"font-family: Arial,sans-serif;\"><b>IVALDO RODR\u00cdGUEZ |Prensa Inces Sede<\/b><\/span><\/p>\n<p style=\"text-align: justify;\" align=\"justify\"><span style=\"font-family: Arial,sans-serif;\"><b>Fotos: Yelena Le\u00f3n<\/b><\/span><\/p>\n<p align=\"justify\">\n<p style=\"text-align: justify;\" align=\"justify\"><span style=\"font-family: Arial,sans-serif;\">A partir de este 22 de noviembre hasta el 25 del mismo mes, las instalaciones del parque Bol\u00edvar, ubicado en la Base A\u00e9rea La Carlota, en el estado Miranda, ser\u00e1n el espacio destinado para la realizaci\u00f3n y disfrute de todo el p\u00fablico, de la Feria Internacional de Turismo de Venezuela (FitVen 2018).<\/span><\/p>\n<p align=\"justify\">\n<p style=\"text-align: justify;\" align=\"justify\"><span style=\"font-family: Arial,sans-serif;\">En su pol\u00edtica de expansi\u00f3n y venezolanidad Wad\u00e4ka estar\u00e1 presente y ser\u00e1 una ventana hacia lo m\u00e1s hermoso del pa\u00eds, con el servicio atento y profesional de los j\u00f3venes aprendices de la instituci\u00f3n.<\/span><\/p>\n<p align=\"justify\">\n<p style=\"text-align: justify;\" align=\"justify\"><span style=\"font-family: Arial,sans-serif;\">Fiel a su estilo ser\u00e1 un espacio con una ambientaci\u00f3n entre lo simple, colorido y r\u00fastico que convocar\u00e1 al encuentro social y la tertulia nutrida. <\/span><\/p>\n<p align=\"justify\">\n<p style=\"text-align: justify;\" align=\"justify\"><span style=\"font-family: Arial,sans-serif;\">Aparte del caf\u00e9 en distintas presentaciones el lugar ofrecer\u00e1 variedad en boller\u00eda, mufin\u2019s, infusiones y bebidas, con lo cual sus trabajadores (aprendices Inces) ajustar\u00e1n sus habilidades en el servicio de bar, gastronom\u00eda, panader\u00eda, pasteler\u00eda y hasta servicio de mesoneros.<\/span><\/p>\n<p style=\"text-align: justify;\" align=\"justify\"><span style=\"font-family: Arial,sans-serif;\"><img loading=\"lazy\" decoding=\"async\" class=\"aligncenter wp-image-22680 size-full\" src=\"http:\/\/www.inces.gob.ve\/wp-content\/uploads\/2018\/11\/5-franquicia-Wad\u00e4ka.jpeg\" alt=\"\" width=\"800\" height=\"450\" srcset=\"https:\/\/inces.gob.ve\/wp-content\/uploads\/2018\/11\/5-franquicia-Wad\u00e4ka.jpeg 800w, https:\/\/inces.gob.ve\/wp-content\/uploads\/2018\/11\/5-franquicia-Wad\u00e4ka-300x169.jpeg 300w, https:\/\/inces.gob.ve\/wp-content\/uploads\/2018\/11\/5-franquicia-Wad\u00e4ka-768x432.jpeg 768w\" sizes=\"auto, (max-width: 800px) 100vw, 800px\" \/><\/span><\/p>\n<p style=\"text-align: justify;\" align=\"justify\"><span style=\"font-family: Arial,sans-serif;\">Queda claro que se har\u00e1 buen uso de harinas alternativas para sus preparaciones y se potenciar\u00e1 la preparaci\u00f3n de bebidas saludables y energ\u00e9ticas con un car\u00e1cter plenamente ecol\u00f3gico.<\/span><\/p>\n<p align=\"justify\">\n<p style=\"text-align: justify;\" align=\"justify\"><span style=\"font-family: Arial,sans-serif;\">Es una manera de mostrar la nobleza del Inces. Una instituci\u00f3n que forma a los j\u00f3venes emprendedores y les brinda la oportunidad de entrenarse en su ocupaci\u00f3n. Es decir, aprender haciendo.<\/span><\/p>\n<p align=\"justify\">\n<p style=\"text-align: justify;\" align=\"justify\"><span style=\"font-family: Arial,sans-serif;\">El espacio Wad\u00e4ka se constituir\u00e1 en un reducto para la comida y bebida aut\u00f3ctonas y un espacio para la formaci\u00f3n y pr\u00e1cticas en servicio de los j\u00f3venes aprendices del instituto.<\/span><\/p>\n<p align=\"justify\">\n<p style=\"text-align: justify;\" align=\"justify\"><img loading=\"lazy\" decoding=\"async\" class=\"aligncenter wp-image-22683 size-full\" src=\"http:\/\/www.inces.gob.ve\/wp-content\/uploads\/2018\/11\/1-franquicia-Wad\u00e4ka.jpeg\" alt=\"\" width=\"800\" height=\"450\" srcset=\"https:\/\/inces.gob.ve\/wp-content\/uploads\/2018\/11\/1-franquicia-Wad\u00e4ka.jpeg 800w, https:\/\/inces.gob.ve\/wp-content\/uploads\/2018\/11\/1-franquicia-Wad\u00e4ka-300x169.jpeg 300w, https:\/\/inces.gob.ve\/wp-content\/uploads\/2018\/11\/1-franquicia-Wad\u00e4ka-768x432.jpeg 768w\" sizes=\"auto, (max-width: 800px) 100vw, 800px\" \/><br \/>\n<span style=\"font-family: Arial,sans-serif;\">Recordemos que esta franquicia tiene un concepto que ofrece productos venezolanos actuales y ancestrales, y que por sobre todo, la atenci\u00f3n y el servicio resultan excepcionales como son los participantes Inces<\/span><\/p>\n<p align=\"justify\">\n<p style=\"text-align: justify;\" align=\"justify\"><span style=\"font-family: Arial,sans-serif;\">De esta manera el instituto dir\u00e1 presente en la franquicia que le grita al mundo la formaci\u00f3n para el saber y el hacer que lleva a cabo el Inces. Una capacitaci\u00f3n pertinente, transformadora y liberadora, al servicio del colectivo social.<\/span><\/p>\n<p align=\"justify\">\n<p style=\"text-align: justify;\" align=\"justify\"><span style=\"font-family: Arial,sans-serif;\">Esta nueva edici\u00f3n de la feria, ser\u00e1 un encuentro en el que Venezuela demostrar\u00e1 a propios y extra\u00f1os todas las potencialidades del pa\u00eds, con el prop\u00f3sito de captar inversiones y alianzas estrat\u00e9gicas para el reimpulso del sector tur\u00edstico.<\/span><\/p>\n<p align=\"justify\">\n<p style=\"text-align: justify;\" align=\"justify\"><span style=\"font-family: Arial,sans-serif;\">La ministra del Poder Popular para el Turismo Stella Lugo, como principal vocera de la organizaci\u00f3n ha dicho a trav\u00e9s de su cuenta en la red social Twitter que \u201cla FitVen debe ser vista como una gran fiesta nacional, un encuentro tur\u00edstico para la inversi\u00f3n, las grandes alianzas y el empuje que necesita nuestra Venezuela\u201d, expres\u00f3.<\/span><\/p>\n<p align=\"justify\">\n<p style=\"text-align: justify;\" align=\"justify\"><span style=\"font-family: Arial,sans-serif;\">Se inform\u00f3 que para el evento est\u00e1n convocados pa\u00edses de Asia, Am\u00e9rica Latina y el Caribe, quienes disfrutar\u00e1n de las bondades tur\u00edsticas que ofrece Venezuela a trav\u00e9s de sus 172 stands, entre los que se encuentran 20 casetas de econom\u00eda y 20 de artesan\u00eda en representaci\u00f3n de los llanos venezolanos.<\/span><\/p>\n<p align=\"justify\">\n<p style=\"text-align: justify;\" align=\"justify\"><span style=\"font-family: Arial,sans-serif;\">M\u00e1s del 88% de las empresas que participan en la Fitven 2018, pertenecen al sector privado nacional. El evento se basa en tres ejes de acci\u00f3n del Motor Turismo: incrementar el turismo nacional e internacional, captaci\u00f3n de divisas y la promoci\u00f3n de destinos tur\u00edsticos.<\/span><\/p>\n<p style=\"text-align: justify;\" align=\"justify\"><img loading=\"lazy\" decoding=\"async\" class=\"aligncenter wp-image-22682 size-full\" src=\"http:\/\/www.inces.gob.ve\/wp-content\/uploads\/2018\/11\/2-franquicia-Wad\u00e4ka.jpeg\" alt=\"\" width=\"800\" height=\"450\" srcset=\"https:\/\/inces.gob.ve\/wp-content\/uploads\/2018\/11\/2-franquicia-Wad\u00e4ka.jpeg 800w, https:\/\/inces.gob.ve\/wp-content\/uploads\/2018\/11\/2-franquicia-Wad\u00e4ka-300x169.jpeg 300w, https:\/\/inces.gob.ve\/wp-content\/uploads\/2018\/11\/2-franquicia-Wad\u00e4ka-768x432.jpeg 768w\" sizes=\"auto, (max-width: 800px) 100vw, 800px\" \/><br \/>\n<span style=\"font-family: Arial,sans-serif;\">La entrada es gratis, incluso a la gran clausura prevista para el domingo 25, para que los caraque\u00f1os puedan disfrutar de esta fiesta del turismo en un espacio verde recientemente acondicionado.<\/span><\/p>\n<p align=\"justify\">\n<p style=\"text-align: justify;\" align=\"justify\"><span style=\"font-family: Arial,sans-serif;\">De tal manera que toda la comunidad Inces queda formalmente invitada a participar de este jolgorio nacional, organizado como una estrategia m\u00e1s hacia el desarrollo econ\u00f3mico de la naci\u00f3n.<\/span><\/p>\n","protected":false},"excerpt":{"rendered":"<p>** Ser\u00e1 un reducto para la comida y bebida aut\u00f3ctonas y un espacio para la formaci\u00f3n y pr\u00e1cticas en servicio de los j\u00f3venes aprendices Inces<\/p>\n","protected":false},"author":15,"featured_media":22681,"comment_status":"closed","ping_status":"closed","sticky":false,"template":"","format":"standard","meta":{"footnotes":""},"categories":[2],"tags":[],"class_list":["post-22679","post","type-post","status-publish","format-standard","has-post-thumbnail","hentry","category-blog"],"_links":{"self":[{"href":"https:\/\/inces.gob.ve\/index.php\/wp-json\/wp\/v2\/posts\/22679","targetHints":{"allow":["GET"]}}],"collection":[{"href":"https:\/\/inces.gob.ve\/index.php\/wp-json\/wp\/v2\/posts"}],"about":[{"href":"https:\/\/inces.gob.ve\/index.php\/wp-json\/wp\/v2\/types\/post"}],"author":[{"embeddable":true,"href":"https:\/\/inces.gob.ve\/index.php\/wp-json\/wp\/v2\/users\/15"}],"replies":[{"embeddable":true,"href":"https:\/\/inces.gob.ve\/index.php\/wp-json\/wp\/v2\/comments?post=22679"}],"version-history":[{"count":2,"href":"https:\/\/inces.gob.ve\/index.php\/wp-json\/wp\/v2\/posts\/22679\/revisions"}],"predecessor-version":[{"id":22685,"href":"https:\/\/inces.gob.ve\/index.php\/wp-json\/wp\/v2\/posts\/22679\/revisions\/22685"}],"wp:featuredmedia":[{"embeddable":true,"href":"https:\/\/inces.gob.ve\/index.php\/wp-json\/wp\/v2\/media\/22681"}],"wp:attachment":[{"href":"https:\/\/inces.gob.ve\/index.php\/wp-json\/wp\/v2\/media?parent=22679"}],"wp:term":[{"taxonomy":"category","embeddable":true,"href":"https:\/\/inces.gob.ve\/index.php\/wp-json\/wp\/v2\/categories?post=22679"},{"taxonomy":"post_tag","embeddable":true,"href":"https:\/\/inces.gob.ve\/index.php\/wp-json\/wp\/v2\/tags?post=22679"}],"curies":[{"name":"wp","href":"https:\/\/api.w.org\/{rel}","templated":true}]}}