{"id":22718,"date":"2018-11-23T10:23:12","date_gmt":"2018-11-23T16:23:12","guid":{"rendered":"http:\/\/www.inces.gob.ve\/?p=22718"},"modified":"2020-05-28T20:30:27","modified_gmt":"2020-05-29T00:30:27","slug":"presidente-del-inces-presenta-ponencia-en-la-fitven-2018","status":"publish","type":"post","link":"https:\/\/inces.gob.ve\/index.php\/2018\/11\/23\/presidente-del-inces-presenta-ponencia-en-la-fitven-2018\/","title":{"rendered":"Presidente del Inces presenta ponencia en la FitVen 2018"},"content":{"rendered":"<p align=\"justify\"><em><strong>** El tema de la relevancia que la instituci\u00f3n presta a la formaci\u00f3n tur\u00edstica ser\u00e1 el foco central de la disertaci\u00f3n, sin embargo ser\u00e1 una charla que abundar\u00e1 sobre las capacidades y potencialidades que presta la instituci\u00f3n<\/strong><\/em><!--more--><\/p>\n<p align=\"justify\"><strong>IVALDO RODR\u00cdGUEZ | Sede<\/strong><\/p>\n<p align=\"justify\">Tomando en cuenta que FitVen 2018 ser\u00e1 un encuentro en el que Venezuela demostrar\u00e1 a propios y extra\u00f1os todas las potencialidades del pa\u00eds con el prop\u00f3sito de captar inversiones y alianzas estrat\u00e9gicas para el reimpulso del sector tur\u00edstico, el presidente del Inces Wuikelman Angel contar\u00e1 con un espacio para ofrecer una exposici\u00f3n donde versar\u00e1 sobre la importancia que el turismo representa para el instituto y el objetivo planteado tal cual es el garantizar los procesos formativos que contribuyan al desarrollo del sector como una herramienta de inclusi\u00f3n social que facilite el acceso consciente al patrimonio tur\u00edstico del pa\u00eds a todos los venezolanos en franca diversificaci\u00f3n de la econom\u00eda.<\/p>\n<p align=\"justify\">\n<p align=\"justify\">Sin embargo, habr\u00e1 una informaci\u00f3n muy completa sobre las capacidades, potencialidades y la territorialidad que representa el Instituto Nacional de Capacitaci\u00f3n y Educaci\u00f3n Socialista para millares de j\u00f3venes connacionales.<\/p>\n<p align=\"justify\">\n<p align=\"justify\"><img loading=\"lazy\" decoding=\"async\" src=\"http:\/\/www.inces.gob.ve\/wp-content\/uploads\/2018\/11\/Fitven-3-1024x698.jpg\" alt=\"\" width=\"640\" height=\"436\" \/><\/p>\n<p align=\"justify\">\n<p align=\"justify\">Es una manera de mostrar la nobleza del Inces. Una instituci\u00f3n que forma a los j\u00f3venes emprendedores y les brinda la oportunidad de entrenarse en su ocupaci\u00f3n. Es decir, aprender haciendo.<\/p>\n<p align=\"justify\">\n<p align=\"justify\">Recordemos que la franquicia Wad\u00e4ka estar\u00e1 presente con un local que tiene un concepto de ofrecimiento de productos venezolanos actuales y ancestrales, y que por sobre todo, la atenci\u00f3n y el servicio resultan excepcionales como son los participantes Inces.<\/p>\n<p align=\"justify\">\n<p align=\"justify\">Puede inferirse entonces que el Inces apoyar\u00e1, como un todo, a la FitVen 2018 la cual busca ser vista como una gran fiesta nacional, un encuentro tur\u00edstico para la inversi\u00f3n, las grandes alianzas y el empuje que necesita Venezuela.<\/p>\n<p align=\"justify\">\n<p align=\"justify\">Interesante saber que para el periplo de ponencias se contar\u00e1 con la representaci\u00f3n de delegados de pa\u00edses de Asia, Am\u00e9rica Latina y el Caribe, quienes ser\u00e1n todo o\u00eddos para percibir las bondades tur\u00edsticas que ofrece el pa\u00eds.<\/p>\n<p align=\"justify\">\n<p align=\"justify\"><img loading=\"lazy\" decoding=\"async\" src=\"http:\/\/www.inces.gob.ve\/wp-content\/uploads\/2018\/11\/05-02-2017JL_consejo_gesti\u00f3n_regional5.jpg\" alt=\"\" width=\"800\" height=\"549\" \/><\/p>\n<p align=\"justify\">Reiteramos que la entrada es gratis, incluso a la gran clausura prevista para el domingo 25, para que los caraque\u00f1os puedan disfrutar de esta fiesta del turismo en un espacio verde recientemente acondicionado.<\/p>\n<p align=\"justify\">\n<p align=\"justify\">\n<p align=\"justify\">De tal manera que toda la comunidad Inces queda formalmente invitada a participar de este fest\u00edn nacional, organizado como una estrategia m\u00e1s hacia el desarrollo econ\u00f3mico de la naci\u00f3n.<\/p>\n<p align=\"justify\">\n<p align=\"justify\">FitVen 2018 tendr\u00e1 lugar hasta el domingo 25 de noviembre en las instalaciones del parque Bol\u00edvar, ubicado en la Base A\u00e9rea La Carlota, en el estado Miranda de la gran Caracas.<\/p>\n","protected":false},"excerpt":{"rendered":"<p>** El tema de la relevancia que la instituci\u00f3n presta a la formaci\u00f3n tur\u00edstica ser\u00e1 el foco central de la disertaci\u00f3n, sin embargo ser\u00e1 una charla que abundar\u00e1 sobre las capacidades y potencialidades que presta la instituci\u00f3n<\/p>\n","protected":false},"author":15,"featured_media":22719,"comment_status":"closed","ping_status":"open","sticky":false,"template":"","format":"standard","meta":{"footnotes":""},"categories":[2],"tags":[],"class_list":["post-22718","post","type-post","status-publish","format-standard","has-post-thumbnail","hentry","category-blog"],"_links":{"self":[{"href":"https:\/\/inces.gob.ve\/index.php\/wp-json\/wp\/v2\/posts\/22718","targetHints":{"allow":["GET"]}}],"collection":[{"href":"https:\/\/inces.gob.ve\/index.php\/wp-json\/wp\/v2\/posts"}],"about":[{"href":"https:\/\/inces.gob.ve\/index.php\/wp-json\/wp\/v2\/types\/post"}],"author":[{"embeddable":true,"href":"https:\/\/inces.gob.ve\/index.php\/wp-json\/wp\/v2\/users\/15"}],"replies":[{"embeddable":true,"href":"https:\/\/inces.gob.ve\/index.php\/wp-json\/wp\/v2\/comments?post=22718"}],"version-history":[{"count":4,"href":"https:\/\/inces.gob.ve\/index.php\/wp-json\/wp\/v2\/posts\/22718\/revisions"}],"predecessor-version":[{"id":22786,"href":"https:\/\/inces.gob.ve\/index.php\/wp-json\/wp\/v2\/posts\/22718\/revisions\/22786"}],"wp:featuredmedia":[{"embeddable":true,"href":"https:\/\/inces.gob.ve\/index.php\/wp-json\/wp\/v2\/media\/22719"}],"wp:attachment":[{"href":"https:\/\/inces.gob.ve\/index.php\/wp-json\/wp\/v2\/media?parent=22718"}],"wp:term":[{"taxonomy":"category","embeddable":true,"href":"https:\/\/inces.gob.ve\/index.php\/wp-json\/wp\/v2\/categories?post=22718"},{"taxonomy":"post_tag","embeddable":true,"href":"https:\/\/inces.gob.ve\/index.php\/wp-json\/wp\/v2\/tags?post=22718"}],"curies":[{"name":"wp","href":"https:\/\/api.w.org\/{rel}","templated":true}]}}