{"id":22729,"date":"2018-11-23T11:40:58","date_gmt":"2018-11-23T17:40:58","guid":{"rendered":"http:\/\/www.inces.gob.ve\/?p=22729"},"modified":"2020-05-28T20:30:27","modified_gmt":"2020-05-29T00:30:27","slug":"escuela-practica-de-agricultura-la-providencia-celebro-sus-86-anos-de-creacion","status":"publish","type":"post","link":"https:\/\/inces.gob.ve\/index.php\/2018\/11\/23\/escuela-practica-de-agricultura-la-providencia-celebro-sus-86-anos-de-creacion\/","title":{"rendered":"Escuela Pr\u00e1ctica de Agricultura La Providencia celebr\u00f3 sus 86 a\u00f1os de creaci\u00f3n"},"content":{"rendered":"<p align=\"justify\"><span style=\"font-family: Arial,sans-serif;\">** Organizaron un conversatorio con el cronista del municipio Mari\u00f1o, Jos\u00e9 Torres y una expoventa con los productos elaborados por los participantes de los diferentes cursos <\/span><\/p>\n<p align=\"justify\"><!--more--><\/p>\n<p align=\"justify\"><span style=\"font-family: Arial,sans-serif;\">MAR\u00cdA VER\u00d3NICA MOLINA | Aragua <\/span><\/p>\n<p align=\"justify\"><span style=\"font-family: Arial,sans-serif;\">Desde el auditorio del Centro de Formaci\u00f3n Socialista Agr\u00edcola La Providencia, los trabajadores, maestros, participantes y estudiantes celebraron los 86 a\u00f1os de fundaci\u00f3n de la Escuela Pr\u00e1ctica de Agricultura (EPA).<\/span><\/p>\n<p align=\"justify\"><span style=\"font-family: Arial,sans-serif;\">El maestro de ceremonia, profesor Justo Mogoll\u00f3n, dio la bienvenida y felicit\u00f3 a todos los que formaron y a quienes actualmente pertenecen a la EPA por educarse en oficios del motor agroalimentario y ecol\u00f3gico con la intenci\u00f3n de aprender nuevos saberes y fortalecer la econom\u00eda de la Patria desde cada aula y comunidad.<\/span><\/p>\n<p align=\"justify\"><span style=\"font-family: Arial,sans-serif;\">Adem\u00e1s, entonaron el Himno Nacional y el del Inces, guiados por la coordinadora de Programas en Aragua e integrante de la Coral Inces, Janett Adarmes, para luego dar inicio al conversatorio hist\u00f3rico sobre la creaci\u00f3n de la EPA.<\/span><\/p>\n<p align=\"justify\"><span style=\"font-family: Arial,sans-serif;\"><img loading=\"lazy\" decoding=\"async\" class=\"aligncenter wp-image-22730 size-full\" src=\"http:\/\/www.inces.gob.ve\/wp-content\/uploads\/2018\/11\/6Escuela-Pr\u00e1ctica-de-Agricultura.jpg\" alt=\"\" width=\"800\" height=\"600\" srcset=\"https:\/\/inces.gob.ve\/wp-content\/uploads\/2018\/11\/6Escuela-Pr\u00e1ctica-de-Agricultura.jpg 800w, https:\/\/inces.gob.ve\/wp-content\/uploads\/2018\/11\/6Escuela-Pr\u00e1ctica-de-Agricultura-300x225.jpg 300w, https:\/\/inces.gob.ve\/wp-content\/uploads\/2018\/11\/6Escuela-Pr\u00e1ctica-de-Agricultura-768x576.jpg 768w, https:\/\/inces.gob.ve\/wp-content\/uploads\/2018\/11\/6Escuela-Pr\u00e1ctica-de-Agricultura-136x102.jpg 136w\" sizes=\"auto, (max-width: 800px) 100vw, 800px\" \/><\/span><\/p>\n<p align=\"justify\"><span style=\"font-family: Arial,sans-serif;\">Un poco de historia<\/span><\/p>\n<p align=\"justify\"><span style=\"font-family: Arial,sans-serif;\">Fue un 22 de noviembre de 1932 cuando un grupo de personas de la zona decidi\u00f3 crear esta escuela debido a la productividad de sus tierras con la siembra de ma\u00edz y otros rubros primarios, pero inici\u00f3 sus actividades con estudiantes el mismo d\u00eda pero en 1933.<\/span><\/p>\n<p align=\"justify\"><span style=\"font-family: Arial,sans-serif;\">En este sentido, el cronista del municipio Santiago Mari\u00f1o, Jos\u00e9 Torres, llev\u00f3 a cabo un conversatorio sobre partes relevantes de la historia, quien escuch\u00f3 las experiencias de los maestros con larga trayectoria en el centro de formaci\u00f3n socialista y aprovech\u00f3 la oportunidad para compartir un poco de historia con los j\u00f3venes que estudian el T\u00e9cnico Medio Agropecuario y dem\u00e1s participantes de las comunidades aleda\u00f1as. <\/span><\/p>\n<p align=\"justify\"><img loading=\"lazy\" decoding=\"async\" class=\"aligncenter wp-image-22733 size-full\" src=\"http:\/\/www.inces.gob.ve\/wp-content\/uploads\/2018\/11\/1Escuela-Pr\u00e1ctica-de-Agricultura.jpg\" alt=\"\" width=\"800\" height=\"600\" srcset=\"https:\/\/inces.gob.ve\/wp-content\/uploads\/2018\/11\/1Escuela-Pr\u00e1ctica-de-Agricultura.jpg 800w, https:\/\/inces.gob.ve\/wp-content\/uploads\/2018\/11\/1Escuela-Pr\u00e1ctica-de-Agricultura-300x225.jpg 300w, https:\/\/inces.gob.ve\/wp-content\/uploads\/2018\/11\/1Escuela-Pr\u00e1ctica-de-Agricultura-768x576.jpg 768w, https:\/\/inces.gob.ve\/wp-content\/uploads\/2018\/11\/1Escuela-Pr\u00e1ctica-de-Agricultura-136x102.jpg 136w\" sizes=\"auto, (max-width: 800px) 100vw, 800px\" \/><br \/>\n<span style=\"font-family: Arial,sans-serif;\">Para finalizar la tertulia, la coordinadora del Programa Agr\u00edcola del Inces en Aragua, Eric Amaro, dio palabras de fuerza y trabajo a los y las trabajadoras, al igual que, resalt\u00f3 la labor constante y permanente que realizan las coordinadoras Mar\u00eda Ang\u00e9lica Adarmes y Maribel Cervantes.<\/span><\/p>\n<p align=\"justify\"><span style=\"font-family: Arial,sans-serif;\">Expoventa y exhibici\u00f3n <\/span><\/p>\n<p align=\"justify\"><span style=\"font-family: Arial,sans-serif;\">Luego de tan interesantes relatos antiguos, se invit\u00f3 a los presentes a disfrutar de la expoventa y exhibici\u00f3n de los productos elaborados y cosechados por los participantes durante los cursos de: Panader\u00eda y Corte y Costura, a cargo de la promotora Belkis Pe\u00f1a; Producci\u00f3n de Hortalizas en \u00c1reas Urbanas y Lombricultura de la mano de la maestra Zaida Olivar; Cunicultura y Pollos de Engorde con la m\u00e9dico veterinaria, So\u00e9 Bisbal.<\/span><\/p>\n<p align=\"justify\"><span style=\"font-family: Arial,sans-serif;\">Igualmente, el de Barber\u00eda y Peluquer\u00eda con la promorora, Milagros Nieves, as\u00ed como una exhibici\u00f3n de jabones artesanales.<\/span><\/p>\n<p align=\"justify\"><span style=\"font-family: Arial,sans-serif;\">Experiencias de participantes<\/span><\/p>\n<p align=\"justify\"><span style=\"font-family: Arial,sans-serif;\">Yonis Zurita, participante del curso de Pollos de Engorde y Cunicultura , se\u00f1al\u00f3 que en su casa cuentan con un patio productivo en la comunidad de Los Caobos. \u00abEs importante participar en estas actividades para solventar nuestras vidas debido a la situaci\u00f3n econ\u00f3mica, adem\u00e1s ayudamos a nuestros vecinos y aprendemos\u00bb.<\/span><\/p>\n<p align=\"justify\"><span style=\"font-family: Arial,sans-serif;\"><img loading=\"lazy\" decoding=\"async\" class=\"aligncenter wp-image-22731 \" src=\"http:\/\/www.inces.gob.ve\/wp-content\/uploads\/2018\/11\/4Escuela-Pr\u00e1ctica-de-Agricultura.jpg\" alt=\"\" width=\"870\" height=\"566\" srcset=\"https:\/\/inces.gob.ve\/wp-content\/uploads\/2018\/11\/4Escuela-Pr\u00e1ctica-de-Agricultura.jpg 2403w, https:\/\/inces.gob.ve\/wp-content\/uploads\/2018\/11\/4Escuela-Pr\u00e1ctica-de-Agricultura-300x195.jpg 300w, https:\/\/inces.gob.ve\/wp-content\/uploads\/2018\/11\/4Escuela-Pr\u00e1ctica-de-Agricultura-768x500.jpg 768w, https:\/\/inces.gob.ve\/wp-content\/uploads\/2018\/11\/4Escuela-Pr\u00e1ctica-de-Agricultura-1024x666.jpg 1024w\" sizes=\"auto, (max-width: 870px) 100vw, 870px\" \/><\/span><\/p>\n<p align=\"justify\"><span style=\"font-family: Arial,sans-serif;\">Por su parte, Yanacari de Mart\u00ednez tambi\u00e9n cuenta con un terreno de aproximadamente 250 metros cuadrados en su casa donde junto a otros habitantes del municipio Mari\u00f1o conformaron la Unidad de Producci\u00f3n Linares Alc\u00e1ntara para sembrar y cosechar rubros como berenjena, remolacha, lechuga, aj\u00ed, cambur, naranja, cilantro, ceboll\u00edn y otros alimentos priorizados.<\/span><\/p>\n","protected":false},"excerpt":{"rendered":"<p>** Organizaron un conversatorio con el cronista del municipio Mari\u00f1o, Jos\u00e9 Torres y una expoventa con los productos elaborados por los participantes de los diferentes cursos<\/p>\n","protected":false},"author":15,"featured_media":22732,"comment_status":"closed","ping_status":"closed","sticky":false,"template":"","format":"standard","meta":{"footnotes":""},"categories":[2],"tags":[],"class_list":["post-22729","post","type-post","status-publish","format-standard","has-post-thumbnail","hentry","category-blog"],"_links":{"self":[{"href":"https:\/\/inces.gob.ve\/index.php\/wp-json\/wp\/v2\/posts\/22729","targetHints":{"allow":["GET"]}}],"collection":[{"href":"https:\/\/inces.gob.ve\/index.php\/wp-json\/wp\/v2\/posts"}],"about":[{"href":"https:\/\/inces.gob.ve\/index.php\/wp-json\/wp\/v2\/types\/post"}],"author":[{"embeddable":true,"href":"https:\/\/inces.gob.ve\/index.php\/wp-json\/wp\/v2\/users\/15"}],"replies":[{"embeddable":true,"href":"https:\/\/inces.gob.ve\/index.php\/wp-json\/wp\/v2\/comments?post=22729"}],"version-history":[{"count":2,"href":"https:\/\/inces.gob.ve\/index.php\/wp-json\/wp\/v2\/posts\/22729\/revisions"}],"predecessor-version":[{"id":22735,"href":"https:\/\/inces.gob.ve\/index.php\/wp-json\/wp\/v2\/posts\/22729\/revisions\/22735"}],"wp:featuredmedia":[{"embeddable":true,"href":"https:\/\/inces.gob.ve\/index.php\/wp-json\/wp\/v2\/media\/22732"}],"wp:attachment":[{"href":"https:\/\/inces.gob.ve\/index.php\/wp-json\/wp\/v2\/media?parent=22729"}],"wp:term":[{"taxonomy":"category","embeddable":true,"href":"https:\/\/inces.gob.ve\/index.php\/wp-json\/wp\/v2\/categories?post=22729"},{"taxonomy":"post_tag","embeddable":true,"href":"https:\/\/inces.gob.ve\/index.php\/wp-json\/wp\/v2\/tags?post=22729"}],"curies":[{"name":"wp","href":"https:\/\/api.w.org\/{rel}","templated":true}]}}