{"id":22796,"date":"2018-11-23T21:00:44","date_gmt":"2018-11-24T03:00:44","guid":{"rendered":"http:\/\/www.inces.gob.ve\/?p=22796"},"modified":"2020-05-28T20:30:27","modified_gmt":"2020-05-29T00:30:27","slug":"presidente-del-inces-presento-ponencia-en-la-fitven-2018","status":"publish","type":"post","link":"https:\/\/inces.gob.ve\/index.php\/2018\/11\/23\/presidente-del-inces-presento-ponencia-en-la-fitven-2018\/","title":{"rendered":"Presidente del Inces present\u00f3 ponencia en la FitVen 2018"},"content":{"rendered":"<p style=\"text-align: justify;\"><em><strong>** El tema de la relevancia que la instituci\u00f3n presta a la formaci\u00f3n tur\u00edstica fue el foco central de su disertaci\u00f3n, sin embargo result\u00f3 una charla que abund\u00f3 sobre las capacidades y potencialidades que presta el Inces en todas sus formaciones enfocadas hacia lo productivo<\/strong><\/em><!--more--><\/p>\n<p style=\"text-align: justify;\"><strong>Ivaldo Rodr\u00edguez |Prensa Inces Sede<\/strong><\/p>\n<p style=\"text-align: justify;\"><strong>Fotos: Jairo Luna<\/strong><\/p>\n<p>&nbsp;<\/p>\n<p style=\"text-align: justify;\">Tomando en cuenta que FitVen 2018 es un encuentro en el que Venezuela demuestra a propios y extra\u00f1os todas las potencialidades del pa\u00eds con el prop\u00f3sito de captar inversiones y alianzas estrat\u00e9gicas para el reimpulso del sector tur\u00edstico, el presidente del Inces Wuikelman Angel cont\u00f3 con un espacio para ofrecer una exposici\u00f3n donde vers\u00f3 sobre la importancia que el turismo representa para el instituto y el objetivo planteado, el cual es garantizar los procesos formativos que contribuyan al desarrollo del sector como una herramienta de inclusi\u00f3n social que facilite el acceso consciente al patrimonio tur\u00edstico del pa\u00eds, a todos los venezolanos en franca diversificaci\u00f3n de la econom\u00eda.<\/p>\n<p style=\"text-align: justify;\">Sin embargo, hubo una informaci\u00f3n muy completa sobre las capacidades, potencialidades y la territorialidad que representa el Instituto Nacional de Capacitaci\u00f3n y Educaci\u00f3n Socialista para millares de j\u00f3venes connacionales.<\/p>\n<p>&nbsp;<\/p>\n<p><img loading=\"lazy\" decoding=\"async\" class=\"aligncenter wp-image-22804 size-large\" src=\"http:\/\/www.inces.gob.ve\/wp-content\/uploads\/2018\/11\/IMG_2902-1024x683.jpg\" alt=\"\" width=\"640\" height=\"427\" srcset=\"https:\/\/inces.gob.ve\/wp-content\/uploads\/2018\/11\/IMG_2902-1024x683.jpg 1024w, https:\/\/inces.gob.ve\/wp-content\/uploads\/2018\/11\/IMG_2902-300x200.jpg 300w, https:\/\/inces.gob.ve\/wp-content\/uploads\/2018\/11\/IMG_2902-768x512.jpg 768w\" sizes=\"auto, (max-width: 640px) 100vw, 640px\" \/><\/p>\n<p>&nbsp;<\/p>\n<p style=\"text-align: justify;\">Es una manera de mostrar la nobleza del Inces. Una instituci\u00f3n que forma a los j\u00f3venes emprendedores y les brinda la oportunidad de entrenarse en su ocupaci\u00f3n. Es decir, aprender haciendo.<\/p>\n<p style=\"text-align: justify;\">Angel Paredes record\u00f3 el reto que para la instituci\u00f3n representa el ordenamiento del presidente Maduro, a trav\u00e9s del ministro Arist\u00f3bulo Ist\u00fariz, en el sentido de que todo participante formado en el Inces, debe hacer un proyecto socio-productivo para egresar de la instituci\u00f3n, el cual pudiera incluso ser financiado por la banca nacional.<\/p>\n<p style=\"text-align: justify;\">\u201cLa idea es que todos apuntemos hacia la producci\u00f3n y diversificaci\u00f3n de la econom\u00eda\u201d, afirm\u00f3 el presidente del Inces.<\/p>\n<p>&nbsp;<\/p>\n<p><img loading=\"lazy\" decoding=\"async\" class=\"aligncenter wp-image-22802 size-large\" src=\"http:\/\/www.inces.gob.ve\/wp-content\/uploads\/2018\/11\/IMG_3269-1024x683.jpg\" alt=\"\" width=\"640\" height=\"427\" srcset=\"https:\/\/inces.gob.ve\/wp-content\/uploads\/2018\/11\/IMG_3269-1024x683.jpg 1024w, https:\/\/inces.gob.ve\/wp-content\/uploads\/2018\/11\/IMG_3269-300x200.jpg 300w, https:\/\/inces.gob.ve\/wp-content\/uploads\/2018\/11\/IMG_3269-768x512.jpg 768w\" sizes=\"auto, (max-width: 640px) 100vw, 640px\" \/><\/p>\n<p>&nbsp;<\/p>\n<p><strong>Wad\u00e4ka y participantes<\/strong><\/p>\n<p style=\"text-align: justify;\">Recordemos que la franquicia Wad\u00e4ka est\u00e1 presente en este gran jolgorio con un local que tiene un concepto de ofrecimiento de productos venezolanos actuales y ancestrales, y que por sobre todo, la atenci\u00f3n y el servicio resultan excepcionales, como son los participantes Inces.<\/p>\n<p style=\"text-align: justify;\">Kedri D\u00edas, aprendiz en cocina, nos coment\u00f3 que no imaginaba todo lo que ha podido aprender. Por su parte, Erick Barrios (panader\u00eda), asegur\u00f3 que luego de esta experiencia siente que le gusta m\u00e1s este oficio y su desempe\u00f1o de forma responsable.<\/p>\n<p>&nbsp;<\/p>\n<p><img loading=\"lazy\" decoding=\"async\" class=\"aligncenter wp-image-22805 size-large\" src=\"http:\/\/www.inces.gob.ve\/wp-content\/uploads\/2018\/11\/IMG_2771-1024x683.jpg\" alt=\"\" width=\"640\" height=\"427\" srcset=\"https:\/\/inces.gob.ve\/wp-content\/uploads\/2018\/11\/IMG_2771-1024x683.jpg 1024w, https:\/\/inces.gob.ve\/wp-content\/uploads\/2018\/11\/IMG_2771-300x200.jpg 300w, https:\/\/inces.gob.ve\/wp-content\/uploads\/2018\/11\/IMG_2771-768x512.jpg 768w\" sizes=\"auto, (max-width: 640px) 100vw, 640px\" \/><\/p>\n<p>&nbsp;<\/p>\n<p style=\"text-align: justify;\">En forma paralela asistieron los minichef quienes en un stand particular ofrecieron preparaciones culinarias en vivo con el apoyo de los instructores de Wad\u00e4ka. Los ni\u00f1os hicieron bollos pelones, cocteles tropicales y se igualaron con los maestros que ofrecieron la elaboraci\u00f3n de hallacas de lentejas.<\/p>\n<p style=\"text-align: justify;\">Tangencialmente se realiz\u00f3 una serie de visitas a algunos puestos de otras empresas, como por ejemplo Segatur, Bandes, Quimitech e igualmente los espacios de diversos estados como Bol\u00edvar , Aragua, Carabobo y Lara, entre otros.<\/p>\n<p style=\"text-align: justify;\">Puede inferirse entonces que el Inces apoyar\u00e1, como un todo, a la FitVen 2018 la cual busca ser vista como una gran fiesta nacional, un encuentro tur\u00edstico para la inversi\u00f3n, las grandes alianzas y el empuje que necesita Venezuela.<\/p>\n<p>&nbsp;<\/p>\n<p><img loading=\"lazy\" decoding=\"async\" class=\"aligncenter wp-image-22803 size-large\" src=\"http:\/\/www.inces.gob.ve\/wp-content\/uploads\/2018\/11\/IMG_2750-1024x683.jpg\" alt=\"\" width=\"640\" height=\"427\" srcset=\"https:\/\/inces.gob.ve\/wp-content\/uploads\/2018\/11\/IMG_2750-1024x683.jpg 1024w, https:\/\/inces.gob.ve\/wp-content\/uploads\/2018\/11\/IMG_2750-300x200.jpg 300w, https:\/\/inces.gob.ve\/wp-content\/uploads\/2018\/11\/IMG_2750-768x512.jpg 768w\" sizes=\"auto, (max-width: 640px) 100vw, 640px\" \/><\/p>\n<p>&nbsp;<\/p>\n<p style=\"text-align: justify;\">Interesante saber que para el periplo de ponencias se cont\u00f3 con la representaci\u00f3n de delegados de pa\u00edses de Asia, Am\u00e9rica Latina y el Caribe, quienes fueron todo o\u00eddos para percibir las bondades tur\u00edsticas que ofrece el pa\u00eds.<\/p>\n<p style=\"text-align: justify;\">Reiteramos que la entrada es gratis, incluso a la gran clausura prevista para el domingo 25, para que los caraque\u00f1os puedan disfrutar de esta fiesta del turismo en un espacio verde recientemente acondicionado.<\/p>\n<p style=\"text-align: justify;\">De tal manera que toda la comunidad Inces queda formalmente invitada a participar de este fest\u00edn nacional, organizado como una estrategia m\u00e1s hacia el desarrollo econ\u00f3mico de la naci\u00f3n.<\/p>\n<p style=\"text-align: justify;\">FitVen 2018 tendr\u00e1 lugar hasta el domingo 25 de noviembre en las instalaciones del parque Bol\u00edvar, ubicado en la Base A\u00e9rea La Carlota, en el estado Miranda de la Gran Caracas.<\/p>\n","protected":false},"excerpt":{"rendered":"<p>** El tema de la relevancia que la instituci\u00f3n presta a la formaci\u00f3n tur\u00edstica fue el foco central de su disertaci\u00f3n, sin embargo result\u00f3 una charla que abund\u00f3 sobre las capacidades y potencialidades que presta el Inces en todas sus formaciones enfocadas hacia lo productivo<\/p>\n","protected":false},"author":4,"featured_media":22797,"comment_status":"closed","ping_status":"open","sticky":false,"template":"","format":"standard","meta":{"footnotes":""},"categories":[2],"tags":[],"class_list":["post-22796","post","type-post","status-publish","format-standard","has-post-thumbnail","hentry","category-blog"],"_links":{"self":[{"href":"https:\/\/inces.gob.ve\/index.php\/wp-json\/wp\/v2\/posts\/22796","targetHints":{"allow":["GET"]}}],"collection":[{"href":"https:\/\/inces.gob.ve\/index.php\/wp-json\/wp\/v2\/posts"}],"about":[{"href":"https:\/\/inces.gob.ve\/index.php\/wp-json\/wp\/v2\/types\/post"}],"author":[{"embeddable":true,"href":"https:\/\/inces.gob.ve\/index.php\/wp-json\/wp\/v2\/users\/4"}],"replies":[{"embeddable":true,"href":"https:\/\/inces.gob.ve\/index.php\/wp-json\/wp\/v2\/comments?post=22796"}],"version-history":[{"count":6,"href":"https:\/\/inces.gob.ve\/index.php\/wp-json\/wp\/v2\/posts\/22796\/revisions"}],"predecessor-version":[{"id":22808,"href":"https:\/\/inces.gob.ve\/index.php\/wp-json\/wp\/v2\/posts\/22796\/revisions\/22808"}],"wp:featuredmedia":[{"embeddable":true,"href":"https:\/\/inces.gob.ve\/index.php\/wp-json\/wp\/v2\/media\/22797"}],"wp:attachment":[{"href":"https:\/\/inces.gob.ve\/index.php\/wp-json\/wp\/v2\/media?parent=22796"}],"wp:term":[{"taxonomy":"category","embeddable":true,"href":"https:\/\/inces.gob.ve\/index.php\/wp-json\/wp\/v2\/categories?post=22796"},{"taxonomy":"post_tag","embeddable":true,"href":"https:\/\/inces.gob.ve\/index.php\/wp-json\/wp\/v2\/tags?post=22796"}],"curies":[{"name":"wp","href":"https:\/\/api.w.org\/{rel}","templated":true}]}}