{"id":22809,"date":"2018-11-26T07:20:23","date_gmt":"2018-11-26T13:20:23","guid":{"rendered":"http:\/\/www.inces.gob.ve\/?p=22809"},"modified":"2020-05-28T20:30:27","modified_gmt":"2020-05-29T00:30:27","slug":"mas-de-630-mesas-sillas-se-han-reparado-en-portuguesa","status":"publish","type":"post","link":"https:\/\/inces.gob.ve\/index.php\/2018\/11\/26\/mas-de-630-mesas-sillas-se-han-reparado-en-portuguesa\/","title":{"rendered":"M\u00e1s de 630 mesas sillas se han reparado en Portuguesa"},"content":{"rendered":"<p align=\"justify\"><span style=\"font-family: Arial,sans-serif;\"><i><b>** La actividad la encabeza el Inces<\/b><\/i><\/span><\/p>\n<p align=\"justify\">\n<!--more--><\/p>\n<p align=\"justify\"><span style=\"font-family: Arial,sans-serif;\"><b>CRUZ MARIO SILVA | Portuguesa<\/b><\/span><\/p>\n<p align=\"justify\">\u201c<span style=\"font-family: Arial,sans-serif;\">Aun cuando la meta es reparar mil 635 mesas sillas, desde que se inici\u00f3 el plan: Esta es mi escuela, se han reparado 592 en los municipios P\u00e1ez, Araure y Guanare\u201d.<\/span><\/p>\n<p align=\"justify\">\n<p align=\"justify\"><span style=\"font-family: Arial,sans-serif;\">De esta forma lo dijo Aracelis Bello, gerente regional del Inces Portuguesa, durante una inspecci\u00f3n que realiz\u00f3 a la Escuela T\u00e9cnica Comercial Ademar V\u00e1squez Ch\u00e1vez de Acarigua.<\/span><\/p>\n<p align=\"justify\">\n<p align=\"justify\">\u201c<span style=\"font-family: Arial,sans-serif;\">Hemos conformado tres brigadas agroecologistas integradas por maestros t\u00e9cnicos productivos (MTP) participantes Inces, docentes y estudiantes de las escuelas y liceos, quienes junto al personal de la divisi\u00f3n de Infraestructura, el programa Turismo y los centros de formaci\u00f3n socialista (CFS) Construcci\u00f3n y Pedro P\u00e9rez Delgado, se han abocado a cumplir la meta en cuesti\u00f3n\u201d, manifest\u00f3 Bello.<\/span><\/p>\n<p align=\"justify\">\n<p align=\"justify\"><span style=\"font-family: Arial,sans-serif;\">Para la gerente regional, el abordaje de los centros educativos del punto y c\u00edrculo del Inces Portuguesa ha sido una buena decisi\u00f3n, ya que se determina la din\u00e1mica de la actividad en funci\u00f3n del trabajo que se realizar\u00e1 en los municipios distantes a la instituci\u00f3n.<\/span><\/p>\n<p align=\"justify\">\n<p align=\"justify\">\u201c<span style=\"font-family: Arial,sans-serif;\">Entre las escuelas y liceos que hemos atendidos destacan: Ademar V\u00e1squez Ch\u00e1vez, El Libertador, Juan Guillermo Iribarren, Yolanda Pieruzzini, Juan Fern\u00e1ndez de Le\u00f3n, Ana de Zambrano Roa y C\u00e9sar Lizardo en los municipios Araure, P\u00e1ez y Guanare\u201d. <\/span><\/p>\n<p align=\"justify\">\n<p align=\"justify\">\u201c<span style=\"font-family: Arial,sans-serif;\">En verdad es un trabajo tit\u00e1nico este de reparar las mesas sillas, porque adem\u00e1s se arreglan puertas y protectores tanto de los ba\u00f1os como de los ambientes de clase y oficinas, y se repone, en algunos casos, el sistema el\u00e9ctrico\u201d, destac\u00f3 Bello.<\/span><\/p>\n<p align=\"justify\">\n<p align=\"justify\"><span style=\"font-family: Arial,sans-serif;\">A su entender, esta labor va m\u00e1s all\u00e1 de cumplir una orden del presidente Nicol\u00e1s Maduro, a trav\u00e9s del presidente Wuikelman Angel, debido a que el Inces es un instituci\u00f3n que se abri\u00f3 al pueblo, al poder popular, tal como lo exigi\u00f3 el comandante eterno: Hugo Ch\u00e1vez.<\/span><\/p>\n<p align=\"justify\">\nLT.<\/p>\n","protected":false},"excerpt":{"rendered":"<p>** La actividad la encabeza el Inces<\/p>\n","protected":false},"author":15,"featured_media":22810,"comment_status":"closed","ping_status":"closed","sticky":false,"template":"","format":"standard","meta":{"footnotes":""},"categories":[2],"tags":[],"class_list":["post-22809","post","type-post","status-publish","format-standard","has-post-thumbnail","hentry","category-blog"],"_links":{"self":[{"href":"https:\/\/inces.gob.ve\/index.php\/wp-json\/wp\/v2\/posts\/22809","targetHints":{"allow":["GET"]}}],"collection":[{"href":"https:\/\/inces.gob.ve\/index.php\/wp-json\/wp\/v2\/posts"}],"about":[{"href":"https:\/\/inces.gob.ve\/index.php\/wp-json\/wp\/v2\/types\/post"}],"author":[{"embeddable":true,"href":"https:\/\/inces.gob.ve\/index.php\/wp-json\/wp\/v2\/users\/15"}],"replies":[{"embeddable":true,"href":"https:\/\/inces.gob.ve\/index.php\/wp-json\/wp\/v2\/comments?post=22809"}],"version-history":[{"count":1,"href":"https:\/\/inces.gob.ve\/index.php\/wp-json\/wp\/v2\/posts\/22809\/revisions"}],"predecessor-version":[{"id":22811,"href":"https:\/\/inces.gob.ve\/index.php\/wp-json\/wp\/v2\/posts\/22809\/revisions\/22811"}],"wp:featuredmedia":[{"embeddable":true,"href":"https:\/\/inces.gob.ve\/index.php\/wp-json\/wp\/v2\/media\/22810"}],"wp:attachment":[{"href":"https:\/\/inces.gob.ve\/index.php\/wp-json\/wp\/v2\/media?parent=22809"}],"wp:term":[{"taxonomy":"category","embeddable":true,"href":"https:\/\/inces.gob.ve\/index.php\/wp-json\/wp\/v2\/categories?post=22809"},{"taxonomy":"post_tag","embeddable":true,"href":"https:\/\/inces.gob.ve\/index.php\/wp-json\/wp\/v2\/tags?post=22809"}],"curies":[{"name":"wp","href":"https:\/\/api.w.org\/{rel}","templated":true}]}}