{"id":22896,"date":"2018-11-27T11:48:03","date_gmt":"2018-11-27T17:48:03","guid":{"rendered":"http:\/\/www.inces.gob.ve\/?p=22896"},"modified":"2020-05-28T20:30:26","modified_gmt":"2020-05-29T00:30:26","slug":"maestros-maestras-y-personal-administrativo-inician-posgrado","status":"publish","type":"post","link":"https:\/\/inces.gob.ve\/index.php\/2018\/11\/27\/maestros-maestras-y-personal-administrativo-inician-posgrado\/","title":{"rendered":"Maestros, maestras y personal administrativo inician posgrado"},"content":{"rendered":"<p align=\"justify\"><span style=\"font-family: Arial,sans-serif;\">**<b> <\/b><i><b>La modalidad permite la acreditaci\u00f3n de saberes emp\u00edricos y formales, lo que supone estimar la duraci\u00f3n de estos estudios en tres a\u00f1os aproximadamente<\/b><\/i><\/span><\/p>\n<p align=\"justify\">\n<!--more--><\/p>\n<p align=\"justify\"><span style=\"font-family: Arial,sans-serif;\"><b>ZUVALQUI DUARTE | Vargas<\/b><\/span><\/p>\n<p align=\"justify\">\n<p align=\"justify\"><span style=\"font-family: Arial,sans-serif;\">Personal adscrito a la gerencia regional del Inces guaire\u00f1o titulados como docentes inician posgrado en Educaci\u00f3n de J\u00f3venes, Adultos y Adultas, facilitado por la Universidad Experimental del Magisterio Samuel Robinson, instituci\u00f3n destinada a la profesionalizaci\u00f3n de nuevos maestros y maestras en todo el pa\u00eds.<\/span><\/p>\n<p align=\"justify\">\n<p align=\"justify\"><span style=\"font-family: Arial,sans-serif;\">Hern\u00e1n Garboza, gerente regional, lidera el grupo que recibe el posgrado, el cual consta de tres niveles: Especializaci\u00f3n, Maestr\u00eda y Doctorado y explic\u00f3: \u201cEstos estudios nos permiten titularnos como doctores y doctoras en Educaci\u00f3n de J\u00f3venes y Adultos, modalidad de estudio que se emplea en todo el pa\u00eds y que est\u00e1 destinada a la inserci\u00f3n o reinserci\u00f3n de aquellos que han dejado el sistema formal de estudio\u201d.<\/span><\/p>\n<p align=\"justify\"><img loading=\"lazy\" decoding=\"async\" class=\"aligncenter wp-image-22897 size-full\" src=\"http:\/\/www.inces.gob.ve\/wp-content\/uploads\/2018\/11\/4-inician-posgrado.jpg\" alt=\"\" width=\"800\" height=\"618\" srcset=\"https:\/\/inces.gob.ve\/wp-content\/uploads\/2018\/11\/4-inician-posgrado.jpg 800w, https:\/\/inces.gob.ve\/wp-content\/uploads\/2018\/11\/4-inician-posgrado-300x232.jpg 300w, https:\/\/inces.gob.ve\/wp-content\/uploads\/2018\/11\/4-inician-posgrado-768x593.jpg 768w\" sizes=\"auto, (max-width: 800px) 100vw, 800px\" \/><br \/>\n<span style=\"font-family: Arial,sans-serif;\">Agreg\u00f3 Garboza: \u201cTodas y todos los egresados en Educaci\u00f3n que forman parte de la n\u00f3mina del Inces varguense est\u00e1n participando en esta formaci\u00f3n de posgrado, aun cuando dicen tener posgrados concluidos, algunos ya son maestros y otros son especialistas, pero estamos d\u00e1ndole fuerza a la educaci\u00f3n de adultos y j\u00f3venes, porque es el \u00e1rea con la cual trabaja el Inces\u201d.<\/span><\/p>\n<p align=\"justify\">\n<p align=\"justify\"><span style=\"font-family: Arial,sans-serif;\">Por su parte, Francia Carre\u00f1o, jefa de Talento Humano refiri\u00f3 que ella ve una excelente articulaci\u00f3n entre el Inces y el posgrado, ya que permite vincular la funci\u00f3n de maestro de j\u00f3venes y adultos en la modalidad de cursos y talleres. \u201ces una experiencia enriquecedora y un honor ser parte de los primeros doctores egresados en el litoral varguense\u201d, coment\u00f3.<\/span><\/p>\n<p align=\"justify\"><img loading=\"lazy\" decoding=\"async\" class=\"aligncenter wp-image-22898 size-full\" src=\"http:\/\/www.inces.gob.ve\/wp-content\/uploads\/2018\/11\/2-inician-posgrado.jpg\" alt=\"\" width=\"800\" height=\"551\" srcset=\"https:\/\/inces.gob.ve\/wp-content\/uploads\/2018\/11\/2-inician-posgrado.jpg 800w, https:\/\/inces.gob.ve\/wp-content\/uploads\/2018\/11\/2-inician-posgrado-300x207.jpg 300w, https:\/\/inces.gob.ve\/wp-content\/uploads\/2018\/11\/2-inician-posgrado-768x529.jpg 768w\" sizes=\"auto, (max-width: 800px) 100vw, 800px\" \/><br \/>\n<span style=\"font-family: Arial,sans-serif;\">La Universidad Experimental del Magisterio Samuel Robinson proviene de la transformaci\u00f3n de la micromisi\u00f3n \u201cSim\u00f3n Rodr\u00edguez\u201d propuesta por el ministro de Educaci\u00f3n, Arist\u00f3bulo Ist\u00fariz, y aprobada por el presidente Nicol\u00e1s Maduro, con el fin de avanzar hacia un mejor sistema educativo tanto en calidad pedag\u00f3gica como en inclusi\u00f3n estudiantil.<\/span><\/p>\n<p align=\"justify\">\n<p align=\"justify\"><span style=\"font-family: Arial,sans-serif;\">lt.-<\/span><\/p>\n<p align=\"justify\">\n<p align=\"justify\">\n","protected":false},"excerpt":{"rendered":"<p>** La modalidad permite la acreditaci\u00f3n de saberes emp\u00edricos y formales, lo que supone estimar la duraci\u00f3n de estos estudios en tres a\u00f1os aproximadamente<\/p>\n","protected":false},"author":15,"featured_media":22899,"comment_status":"closed","ping_status":"closed","sticky":false,"template":"","format":"standard","meta":{"footnotes":""},"categories":[2],"tags":[],"class_list":["post-22896","post","type-post","status-publish","format-standard","has-post-thumbnail","hentry","category-blog"],"_links":{"self":[{"href":"https:\/\/inces.gob.ve\/index.php\/wp-json\/wp\/v2\/posts\/22896","targetHints":{"allow":["GET"]}}],"collection":[{"href":"https:\/\/inces.gob.ve\/index.php\/wp-json\/wp\/v2\/posts"}],"about":[{"href":"https:\/\/inces.gob.ve\/index.php\/wp-json\/wp\/v2\/types\/post"}],"author":[{"embeddable":true,"href":"https:\/\/inces.gob.ve\/index.php\/wp-json\/wp\/v2\/users\/15"}],"replies":[{"embeddable":true,"href":"https:\/\/inces.gob.ve\/index.php\/wp-json\/wp\/v2\/comments?post=22896"}],"version-history":[{"count":1,"href":"https:\/\/inces.gob.ve\/index.php\/wp-json\/wp\/v2\/posts\/22896\/revisions"}],"predecessor-version":[{"id":22900,"href":"https:\/\/inces.gob.ve\/index.php\/wp-json\/wp\/v2\/posts\/22896\/revisions\/22900"}],"wp:featuredmedia":[{"embeddable":true,"href":"https:\/\/inces.gob.ve\/index.php\/wp-json\/wp\/v2\/media\/22899"}],"wp:attachment":[{"href":"https:\/\/inces.gob.ve\/index.php\/wp-json\/wp\/v2\/media?parent=22896"}],"wp:term":[{"taxonomy":"category","embeddable":true,"href":"https:\/\/inces.gob.ve\/index.php\/wp-json\/wp\/v2\/categories?post=22896"},{"taxonomy":"post_tag","embeddable":true,"href":"https:\/\/inces.gob.ve\/index.php\/wp-json\/wp\/v2\/tags?post=22896"}],"curies":[{"name":"wp","href":"https:\/\/api.w.org\/{rel}","templated":true}]}}