{"id":22945,"date":"2018-11-28T07:14:03","date_gmt":"2018-11-28T13:14:03","guid":{"rendered":"http:\/\/www.inces.gob.ve\/?p=22945"},"modified":"2020-05-28T20:30:26","modified_gmt":"2020-05-29T00:30:26","slug":"inces-sucre-es-bastion-de-la-formacion-productiva-en-el-503-aniversario-de-cumana","status":"publish","type":"post","link":"https:\/\/inces.gob.ve\/index.php\/2018\/11\/28\/inces-sucre-es-bastion-de-la-formacion-productiva-en-el-503-aniversario-de-cumana\/","title":{"rendered":"Inces Sucre es basti\u00f3n de la formaci\u00f3n productiva en el 503 Aniversario de Cuman\u00e1"},"content":{"rendered":"<p style=\"text-align: justify;\" align=\"justify\"><span style=\"font-family: Arial,sans-serif;\"><b>**<i> La instituci\u00f3n ejerce una fuerte influencia entre los pobladores de la primog\u00e9nita del continente con proyectos productivos <\/i><\/b><\/span><\/p>\n<p style=\"text-align: justify;\" align=\"justify\"><!--more--><\/p>\n<p style=\"text-align: justify;\" align=\"justify\"><span style=\"font-family: Arial,sans-serif;\"><b>MILAGROS GUERRERO | Sucre<\/b><\/span><\/p>\n<p style=\"text-align: justify;\" align=\"justify\"><span style=\"font-family: Arial,sans-serif;\">En una ciudad pintoresca de muchas oportunidades para el desarrollo de actividades productivas, el Inces es pilar insustituible que abre sus puertas a los 503 A\u00f1os de Cuman\u00e1 con formaciones productivas y de cara al Sucre Potencia, que aspira hacer de la primigenia urbe la tacita de plata que so\u00f1\u00f3 el Comandante Eterno Hugo Ch\u00e1vez.<\/span><\/p>\n<p style=\"text-align: justify;\" align=\"justify\"><span style=\"font-family: Arial,sans-serif;\">Ba\u00f1ada por las aguas del Mar Caribe y del R\u00edo Chiribichi\u00ed (actual Manzanarez), Cuman\u00e1 se fund\u00f3 el 27 de Noviembre de 1515, cuyo bautizo atribuido al fraile dominico Pedro de C\u00f3rdoba narra una historia de matanza, rebeld\u00eda y resistencia ind\u00edgena, por impedir la invasi\u00f3n que signific\u00f3 la llegada del imperio espa\u00f1ol a tierra firme.<\/span><\/p>\n<p style=\"text-align: justify;\" align=\"justify\"><span style=\"font-family: Arial,sans-serif;\">En el ahora, es reconocida como la primera ciudad erigida en Am\u00e9rica, que se ha levantado muchas veces tras los embates de la naturaleza, desde el 1 de septiembre de 1530 siendo el primer terremoto del cual se tiene registro hist\u00f3rico. Pero la peor devastaci\u00f3n ha sido la ejecuta por el hombre que arrib\u00f3 a las costas indoamericanas, y que \u201cen nombre de su Dios\u201d arremeti\u00f3 contra las tribus originarias llenando de dolor, miseria, resentimientos y rebeld\u00eda al pac\u00edfico nativo de \u00e9ste territorio.<\/span><\/p>\n<p style=\"text-align: justify;\" align=\"justify\"><span style=\"font-family: Arial,sans-serif;\"><img loading=\"lazy\" decoding=\"async\" class=\"aligncenter wp-image-22951 size-full\" src=\"http:\/\/www.inces.gob.ve\/wp-content\/uploads\/2018\/11\/1formaci\u00f3n-productiva-.jpeg\" alt=\"\" width=\"800\" height=\"480\" srcset=\"https:\/\/inces.gob.ve\/wp-content\/uploads\/2018\/11\/1formaci\u00f3n-productiva-.jpeg 800w, https:\/\/inces.gob.ve\/wp-content\/uploads\/2018\/11\/1formaci\u00f3n-productiva--300x180.jpeg 300w, https:\/\/inces.gob.ve\/wp-content\/uploads\/2018\/11\/1formaci\u00f3n-productiva--768x461.jpeg 768w\" sizes=\"auto, (max-width: 800px) 100vw, 800px\" \/><\/span><\/p>\n<p style=\"text-align: justify;\" align=\"justify\"><span style=\"font-family: Arial,sans-serif;\">Pueblo productivo<\/span><\/p>\n<p style=\"text-align: justify;\" align=\"justify\"><span style=\"font-family: Arial,sans-serif;\">Muchos nombres adopt\u00f3 la Primog\u00e9nita del Continente, en principio Nueva C\u00f3rdoba y actualmente se llama Cuman\u00e1 que significa gran r\u00edo. En 1562 fray Francisco Montesinos instala el primer ayuntamiento. La metr\u00f3polis cuenta hoy con 400 mil habitantes que pueblan siete parroquias. Su Iglesia Santa In\u00e9s y el Parque Ayacucho son iconos de la historia de un pueblo brav\u00edo, que se levanta de las cenizas y remonta su paso ante la adversidad.<\/span><\/p>\n<p style=\"text-align: justify;\" align=\"justify\"><span style=\"font-family: Arial,sans-serif;\">Para la gerente regional Audin Navarro, son muchos los logros y su repercusi\u00f3n positiva en los punto y c\u00edrculo donde Inces Sucre est\u00e1 presente. Es as\u00ed como en la parroquia Altagracia, la de mayor poblaci\u00f3n, se encuentran en constante actividad los centros de formaci\u00f3n socialistas (CFS) Industrial en Bolivariano y Construcci\u00f3n en Brasil. En Valent\u00edn Valiente est\u00e1 el CFS Comercio. <\/span><\/p>\n<p style=\"text-align: justify;\" align=\"justify\"><span style=\"font-family: Arial,sans-serif;\"><img loading=\"lazy\" decoding=\"async\" class=\"aligncenter wp-image-22950 size-full\" src=\"http:\/\/www.inces.gob.ve\/wp-content\/uploads\/2018\/11\/2formaci\u00f3n-productiva-.jpeg\" alt=\"\" width=\"800\" height=\"450\" srcset=\"https:\/\/inces.gob.ve\/wp-content\/uploads\/2018\/11\/2formaci\u00f3n-productiva-.jpeg 800w, https:\/\/inces.gob.ve\/wp-content\/uploads\/2018\/11\/2formaci\u00f3n-productiva--300x169.jpeg 300w, https:\/\/inces.gob.ve\/wp-content\/uploads\/2018\/11\/2formaci\u00f3n-productiva--768x432.jpeg 768w\" sizes=\"auto, (max-width: 800px) 100vw, 800px\" \/><\/span><\/p>\n<p style=\"text-align: justify;\" align=\"justify\"><span style=\"font-family: Arial,sans-serif;\">Con hermosos parajes naturales destacan las playas de San Lu\u00eds, Santa Fe y el Parque Nacional Mochima. Sus r\u00edos son un para\u00edso como San Juan de Macarapana, Nurucual, R\u00edo Brito, entre otros. Y observar el amanecer o atardecer frente al imponente Mar Caribe es una experiencia casi celestial. Sus bondades tur\u00edsticas son impresionantes. Por ello, el Restaurante Escuela Wad\u00e4ka es uno de los principales proyectos a desarrollar por el Inces. Anhelo, que se perfila como una meta a cumplir a corto plazo al despuntar el alba de hoy.<\/span><\/p>\n<p style=\"text-align: justify;\" align=\"justify\"><span style=\"font-family: Arial,sans-serif;\">Proyectos del Eje Sucre <\/span><\/p>\n<p style=\"text-align: justify;\" align=\"justify\"><span style=\"font-family: Arial,sans-serif;\">En el caso de Industria en \u00e9ste a\u00f1o se han formado 3 mil j\u00f3venes de todas las edades. Su proyecto productivo es en el \u00e1rea metal-mec\u00e1nica y en textil. Adem\u00e1s, fabric\u00f3 cerca de 400 franelas chemis para uniformes escolares de la mano con los Clap. Tambi\u00e9n recuper\u00f3 mesas sillas. <\/span><\/p>\n<p style=\"text-align: justify;\" align=\"justify\"><span style=\"font-family: Arial,sans-serif;\"><img loading=\"lazy\" decoding=\"async\" class=\"aligncenter wp-image-22949 size-full\" src=\"http:\/\/www.inces.gob.ve\/wp-content\/uploads\/2018\/11\/3formaci\u00f3n-productiva-.jpeg\" alt=\"\" width=\"800\" height=\"766\" srcset=\"https:\/\/inces.gob.ve\/wp-content\/uploads\/2018\/11\/3formaci\u00f3n-productiva-.jpeg 800w, https:\/\/inces.gob.ve\/wp-content\/uploads\/2018\/11\/3formaci\u00f3n-productiva--300x287.jpeg 300w, https:\/\/inces.gob.ve\/wp-content\/uploads\/2018\/11\/3formaci\u00f3n-productiva--768x735.jpeg 768w\" sizes=\"auto, (max-width: 800px) 100vw, 800px\" \/><\/span><\/p>\n<p style=\"text-align: justify;\" align=\"justify\"><span style=\"font-family: Arial,sans-serif;\">El CFS Construcci\u00f3n se enfoc\u00f3 en la producci\u00f3n de panader\u00eda sin descuidar la parte textil con manufactura de uniformes. Rehabilit\u00f3 mesas sillas. A la fecha 2 mil 091 participantes se han formado en un oficio productivo.<\/span><\/p>\n<p style=\"text-align: justify;\" align=\"justify\"><span style=\"font-family: Arial,sans-serif;\">En aras de hacer la educaci\u00f3n productiva y de calidad que ofrece el Gobierno Bolivariano del presidente Nicol\u00e1s Maduro, el ministro de educaci\u00f3n Arist\u00f3bulo Istur\u00edz y el presidente de Inces Wuikelman \u00c1ngel Paredes, con el cultivo de rubros agr\u00edcolas como berenjenas y hortalizas de ciclo corto, el CFS Comercio emprende su proyecto productivo en el Motor Alimentario.<\/span><\/p>\n<p style=\"text-align: justify;\" align=\"justify\"><span style=\"font-family: Arial,sans-serif;\">En el Programa Nacional de Aprendices (PNA) y Juventud Productiva, basti\u00f3n de la instituci\u00f3n, se encuentran activos 477 aprendices, los cuales, est\u00e1n distribuidos en los distintos cursos existentes de las formaciones oficiales que ofrece el Inces a las entidades de trabajo. Su participaci\u00f3n en la reparaci\u00f3n de mesas sillas ha sido fundamental.<\/span><\/p>\n<p style=\"text-align: justify;\" align=\"justify\"><span style=\"font-family: Arial,sans-serif;\"><img loading=\"lazy\" decoding=\"async\" class=\"aligncenter wp-image-22948 size-full\" src=\"http:\/\/www.inces.gob.ve\/wp-content\/uploads\/2018\/11\/4formaci\u00f3n-productiva-.jpeg\" alt=\"\" width=\"800\" height=\"600\" srcset=\"https:\/\/inces.gob.ve\/wp-content\/uploads\/2018\/11\/4formaci\u00f3n-productiva-.jpeg 800w, https:\/\/inces.gob.ve\/wp-content\/uploads\/2018\/11\/4formaci\u00f3n-productiva--300x225.jpeg 300w, https:\/\/inces.gob.ve\/wp-content\/uploads\/2018\/11\/4formaci\u00f3n-productiva--768x576.jpeg 768w, https:\/\/inces.gob.ve\/wp-content\/uploads\/2018\/11\/4formaci\u00f3n-productiva--136x102.jpeg 136w\" sizes=\"auto, (max-width: 800px) 100vw, 800px\" \/><\/span><\/p>\n<p style=\"text-align: justify;\" align=\"justify\"><span style=\"font-family: Arial,sans-serif;\">A la par de las actividades ordinarias desde Inces se apoyan absolutamente a 66 conucos escolares. Actualmente son 15 los proyectos productivos surgidos de las formaciones de Inces que cuentan con financiamiento. Y hay en proceso y a la espera de apoyo crediticio cerca de 58 nuevos proyectos. Aunque las cifras ser\u00e1n consolidadas el pr\u00f3ximo viernes, el Inces Sucre ha superado la meta de formaciones ordinarias y acreditaci\u00f3n de saberes emp\u00edricos.<\/span><\/p>\n<p style=\"text-align: justify;\" align=\"justify\"><span style=\"font-family: Arial,sans-serif;\"><img loading=\"lazy\" decoding=\"async\" class=\"aligncenter wp-image-22947 size-full\" src=\"http:\/\/www.inces.gob.ve\/wp-content\/uploads\/2018\/11\/5formaci\u00f3n-productiva-.jpeg\" alt=\"\" width=\"800\" height=\"545\" srcset=\"https:\/\/inces.gob.ve\/wp-content\/uploads\/2018\/11\/5formaci\u00f3n-productiva-.jpeg 800w, https:\/\/inces.gob.ve\/wp-content\/uploads\/2018\/11\/5formaci\u00f3n-productiva--300x204.jpeg 300w, https:\/\/inces.gob.ve\/wp-content\/uploads\/2018\/11\/5formaci\u00f3n-productiva--768x523.jpeg 768w, https:\/\/inces.gob.ve\/wp-content\/uploads\/2018\/11\/5formaci\u00f3n-productiva--305x207.jpeg 305w\" sizes=\"auto, (max-width: 800px) 100vw, 800px\" \/><\/span><\/p>\n<p style=\"text-align: justify;\" align=\"justify\">LT.<\/p>\n","protected":false},"excerpt":{"rendered":"<p>** La instituci\u00f3n ejerce una fuerte influencia entre los pobladores de la primog\u00e9nita del continente con proyectos productivos<\/p>\n","protected":false},"author":15,"featured_media":22946,"comment_status":"closed","ping_status":"closed","sticky":false,"template":"","format":"standard","meta":{"footnotes":""},"categories":[2],"tags":[],"class_list":["post-22945","post","type-post","status-publish","format-standard","has-post-thumbnail","hentry","category-blog"],"_links":{"self":[{"href":"https:\/\/inces.gob.ve\/index.php\/wp-json\/wp\/v2\/posts\/22945","targetHints":{"allow":["GET"]}}],"collection":[{"href":"https:\/\/inces.gob.ve\/index.php\/wp-json\/wp\/v2\/posts"}],"about":[{"href":"https:\/\/inces.gob.ve\/index.php\/wp-json\/wp\/v2\/types\/post"}],"author":[{"embeddable":true,"href":"https:\/\/inces.gob.ve\/index.php\/wp-json\/wp\/v2\/users\/15"}],"replies":[{"embeddable":true,"href":"https:\/\/inces.gob.ve\/index.php\/wp-json\/wp\/v2\/comments?post=22945"}],"version-history":[{"count":7,"href":"https:\/\/inces.gob.ve\/index.php\/wp-json\/wp\/v2\/posts\/22945\/revisions"}],"predecessor-version":[{"id":22981,"href":"https:\/\/inces.gob.ve\/index.php\/wp-json\/wp\/v2\/posts\/22945\/revisions\/22981"}],"wp:featuredmedia":[{"embeddable":true,"href":"https:\/\/inces.gob.ve\/index.php\/wp-json\/wp\/v2\/media\/22946"}],"wp:attachment":[{"href":"https:\/\/inces.gob.ve\/index.php\/wp-json\/wp\/v2\/media?parent=22945"}],"wp:term":[{"taxonomy":"category","embeddable":true,"href":"https:\/\/inces.gob.ve\/index.php\/wp-json\/wp\/v2\/categories?post=22945"},{"taxonomy":"post_tag","embeddable":true,"href":"https:\/\/inces.gob.ve\/index.php\/wp-json\/wp\/v2\/tags?post=22945"}],"curies":[{"name":"wp","href":"https:\/\/api.w.org\/{rel}","templated":true}]}}