{"id":22971,"date":"2018-11-28T07:44:52","date_gmt":"2018-11-28T13:44:52","guid":{"rendered":"http:\/\/www.inces.gob.ve\/?p=22971"},"modified":"2020-05-28T20:30:26","modified_gmt":"2020-05-29T00:30:26","slug":"atencion-integral-al-participante-del-inces-bolivar-cierra-charlas-formativas-2018","status":"publish","type":"post","link":"https:\/\/inces.gob.ve\/index.php\/2018\/11\/28\/atencion-integral-al-participante-del-inces-bolivar-cierra-charlas-formativas-2018\/","title":{"rendered":"Atenci\u00f3n Integral al Participante del Inces Bol\u00edvar cierra charlas formativas 2018"},"content":{"rendered":"<p style=\"text-align: justify;\" align=\"justify\"><span style=\"font-family: Arial,sans-serif;\"><b>**<i> Para el a\u00f1o 2019 se pretende superar la cuota de j\u00f3venes atendidos <\/i><\/b><\/span><\/p>\n<p style=\"text-align: justify;\" align=\"justify\"><!--more--><\/p>\n<p style=\"text-align: justify;\" align=\"justify\"><span style=\"font-family: Arial,sans-serif;\"><b>ALEXSSIA TOMAS | Bol\u00edvar <\/b><\/span><\/p>\n<p style=\"text-align: justify;\" align=\"justify\"><span style=\"font-family: Arial,sans-serif;\">Este martes, aprendices, profesores y apoyos docentes participaron en la \u00faltima actividad formativa del a\u00f1o, con un cine foro que se llev\u00f3 a cabo en las instalaciones del centro de formaci\u00f3n socialista \u201cManuel Piar\u201d de Puerto Ordaz.<\/span><\/p>\n<p style=\"text-align: justify;\" align=\"justify\"><span style=\"font-family: Arial,sans-serif;\">Con la participaci\u00f3n del equipo de Atenci\u00f3n Integral al Participante(AIP), en alianza con la Direcci\u00f3n General de Prevenci\u00f3n del Delito (DPD), se proyect\u00f3 la pel\u00edcula \u201cCicatrices\u201d, con el objetivo de concienciar a los j\u00f3venes sobre el tema violencia intrafamiliar en el hogar.<\/span><\/p>\n<p style=\"text-align: justify;\" align=\"justify\"><span style=\"font-family: Arial,sans-serif;\">La delegada de los derechos humanos en el estado Bol\u00edvar, Peli Solorzano, asegur\u00f3 que con estas actividades se busca motivar no solo a los aprendices, sino tambi\u00e9n a los trabajadores que hacen vida en la instituci\u00f3n, para que se aboquen, a trav\u00e9s de la investigaci\u00f3n y la cultura de normas, a ser participes de la seguridad.<\/span><\/p>\n<p style=\"text-align: justify;\" align=\"justify\"><img loading=\"lazy\" decoding=\"async\" class=\"aligncenter wp-image-22973 size-full\" src=\"http:\/\/www.inces.gob.ve\/wp-content\/uploads\/2018\/11\/1charlas-formativas.jpeg\" alt=\"\" width=\"800\" height=\"374\" srcset=\"https:\/\/inces.gob.ve\/wp-content\/uploads\/2018\/11\/1charlas-formativas.jpeg 800w, https:\/\/inces.gob.ve\/wp-content\/uploads\/2018\/11\/1charlas-formativas-300x140.jpeg 300w, https:\/\/inces.gob.ve\/wp-content\/uploads\/2018\/11\/1charlas-formativas-768x359.jpeg 768w\" sizes=\"auto, (max-width: 800px) 100vw, 800px\" \/><\/p>\n<p style=\"text-align: justify;\" align=\"justify\"><span style=\"font-family: Arial,sans-serif;\">Cabe destacar que para este a\u00f1o se haN impartido charlas y foros a 1.000 estudiantes. abarcando los temas sobre la motivaci\u00f3n, enfermedades de trasmisi\u00f3n sexual, sensibilizaci\u00f3n, planificaci\u00f3n familiar, prevenci\u00f3n de embarazo precoz, entre otros temas de inter\u00e9s social.<\/span><\/p>\n<p style=\"text-align: justify;\" align=\"justify\"><span style=\"font-family: Arial,sans-serif;\">Tambi\u00e9n se han dictado talleres sobre los derechos humanos, sistema de la responsabilidad penal del adolescente, discriminaci\u00f3n racial, valores, acci\u00f3n, prevenci\u00f3n del delito, cultura de paz, entre otros temas de car\u00e1cter jur\u00eddico.<\/span><\/p>\n<p style=\"text-align: justify;\" align=\"justify\"><span style=\"font-family: Arial,sans-serif;\">La aprendiz Nayeli Su\u00e1rez manifest\u00f3 su agradecimiento a todo el equipo del Inces por garantizar estas formaciones que permitir\u00e1n a los j\u00f3venes aprender, producir y multiplicar las experiencias en su comunidad. <\/span><\/p>\n<p style=\"text-align: justify;\" align=\"justify\"><span style=\"font-family: Arial,sans-serif;\">Por su parte, la coordinadora de AIP, Solvany Sosa, expres\u00f3 \u201cpara el a\u00f1o 2019 se pretende continuar con la motivaci\u00f3n hacia al participante para que se forme bajo la figura de emprender unidades de producci\u00f3n, a fin de que se fomenten para el trabajo y de alguna u otra forma ayuden a mejorar la econom\u00eda de su hogar y contribuir al desarrollo del pa\u00eds \u201d<\/span><\/p>\n<p style=\"text-align: justify;\" align=\"justify\">Lt.<\/p>\n","protected":false},"excerpt":{"rendered":"<p>** Para el a\u00f1o 2019 se pretende superar la cuota de j\u00f3venes atendidos<\/p>\n","protected":false},"author":15,"featured_media":22972,"comment_status":"closed","ping_status":"closed","sticky":false,"template":"","format":"standard","meta":{"footnotes":""},"categories":[2],"tags":[],"class_list":["post-22971","post","type-post","status-publish","format-standard","has-post-thumbnail","hentry","category-blog"],"_links":{"self":[{"href":"https:\/\/inces.gob.ve\/index.php\/wp-json\/wp\/v2\/posts\/22971","targetHints":{"allow":["GET"]}}],"collection":[{"href":"https:\/\/inces.gob.ve\/index.php\/wp-json\/wp\/v2\/posts"}],"about":[{"href":"https:\/\/inces.gob.ve\/index.php\/wp-json\/wp\/v2\/types\/post"}],"author":[{"embeddable":true,"href":"https:\/\/inces.gob.ve\/index.php\/wp-json\/wp\/v2\/users\/15"}],"replies":[{"embeddable":true,"href":"https:\/\/inces.gob.ve\/index.php\/wp-json\/wp\/v2\/comments?post=22971"}],"version-history":[{"count":2,"href":"https:\/\/inces.gob.ve\/index.php\/wp-json\/wp\/v2\/posts\/22971\/revisions"}],"predecessor-version":[{"id":22975,"href":"https:\/\/inces.gob.ve\/index.php\/wp-json\/wp\/v2\/posts\/22971\/revisions\/22975"}],"wp:featuredmedia":[{"embeddable":true,"href":"https:\/\/inces.gob.ve\/index.php\/wp-json\/wp\/v2\/media\/22972"}],"wp:attachment":[{"href":"https:\/\/inces.gob.ve\/index.php\/wp-json\/wp\/v2\/media?parent=22971"}],"wp:term":[{"taxonomy":"category","embeddable":true,"href":"https:\/\/inces.gob.ve\/index.php\/wp-json\/wp\/v2\/categories?post=22971"},{"taxonomy":"post_tag","embeddable":true,"href":"https:\/\/inces.gob.ve\/index.php\/wp-json\/wp\/v2\/tags?post=22971"}],"curies":[{"name":"wp","href":"https:\/\/api.w.org\/{rel}","templated":true}]}}