{"id":22993,"date":"2018-11-29T06:42:48","date_gmt":"2018-11-29T12:42:48","guid":{"rendered":"http:\/\/www.inces.gob.ve\/?p=22993"},"modified":"2020-05-28T20:30:26","modified_gmt":"2020-05-29T00:30:26","slug":"coral-del-inces-merida-estrena-aguinaldo-tierra-bendita","status":"publish","type":"post","link":"https:\/\/inces.gob.ve\/index.php\/2018\/11\/29\/coral-del-inces-merida-estrena-aguinaldo-tierra-bendita\/","title":{"rendered":"Coral del Inces-M\u00e9rida estrena aguinaldo \u201cTierra Bendita\u201d"},"content":{"rendered":"<p align=\"justify\"><span style=\"font-family: Arial,sans-serif;\"><i><b>** La coral del Inces se ha convertido en el brazo ejecutor de la musica y la cultura de sus trabajadores, ahora cuenta con nuevo repertorio conformado por obras populares venezolanas y latinoamericanas<\/b><\/i><\/span><\/p>\n<p align=\"justify\"><!--more--><\/p>\n<p align=\"justify\"><span style=\"font-family: Arial,sans-serif;\"><b>NADIA LOBO| M\u00e9rida<\/b><\/span><\/p>\n<p align=\"justify\">\n<p align=\"justify\"><span style=\"font-family: Arial,sans-serif;\">Con nuevos integrantes y un variado repertorio, la Coral del Inces M\u00e9rida, con seis a\u00f1os de fundaci\u00f3n, se ha destacado en el trabajo en equipo, la integraci\u00f3n y el reimpulso del sector cultural de la instituci\u00f3n, bajo la direcci\u00f3n del profesor R\u00f3ldan Fern\u00e1ndez.<\/span><\/p>\n<p align=\"justify\"><span style=\"font-family: Arial,sans-serif;\">En esta oportunidad, y como una tradici\u00f3n por la temporada decembrina, ofrecer\u00e1n a los trabajadores del Inces M\u00e9rida un hermoso recital donde presentar\u00e1n su nuevo tema \u201cTierra Bendita\u201d, letra y m\u00fasica del profesor y compositor, R\u00f3ldan Fern\u00e1ndez.<\/span><\/p>\n<p align=\"justify\"><img loading=\"lazy\" decoding=\"async\" class=\"aligncenter wp-image-22994 size-full\" src=\"http:\/\/www.inces.gob.ve\/wp-content\/uploads\/2018\/11\/3Coral-del-Inces-M\u00e9rida-.jpg\" alt=\"\" width=\"800\" height=\"600\" srcset=\"https:\/\/inces.gob.ve\/wp-content\/uploads\/2018\/11\/3Coral-del-Inces-M\u00e9rida-.jpg 800w, https:\/\/inces.gob.ve\/wp-content\/uploads\/2018\/11\/3Coral-del-Inces-M\u00e9rida--300x225.jpg 300w, https:\/\/inces.gob.ve\/wp-content\/uploads\/2018\/11\/3Coral-del-Inces-M\u00e9rida--768x576.jpg 768w, https:\/\/inces.gob.ve\/wp-content\/uploads\/2018\/11\/3Coral-del-Inces-M\u00e9rida--136x102.jpg 136w\" sizes=\"auto, (max-width: 800px) 100vw, 800px\" \/><br \/>\n\u201c<span style=\"font-family: Arial,sans-serif;\">Se trata de un aguinaldo navide\u00f1o donde se destaca no solo la misi\u00f3n del Inces como instituci\u00f3n dedicada a la formaci\u00f3n y a la capacitaci\u00f3n, sino que adem\u00e1s, hace un recorrido a lo largo y ancho del pa\u00eds, destacando su maravillosos paisajes y atractivos naturales\u201d, se\u00f1al\u00f3 Fern\u00e1ndez. <\/span><\/p>\n<p align=\"justify\"><span style=\"font-family: Arial,sans-serif;\">Para la gerente regional del Inces, Yvonne Pirela, quien reconoci\u00f3 el excelente trabajo que ha venido desarrollando la coral, esta nos ha representado muy dignamente en diversos eventos culturales donde se demuestra la constancia, la disciplina y la abnegaci\u00f3n por la m\u00fasica de sus participantes.<\/span><\/p>\n<p align=\"justify\"><span style=\"font-family: Arial,sans-serif;\">En este sentido, asegur\u00f3 que los integrantes se encuentran motivados por seguir desarrollando y garantizando la formaci\u00f3n integral y cultural, as\u00ed como el aprendizaje musical de los integrantes, la recreaci\u00f3n y el buen uso del tiempo libre.<\/span><\/p>\n<p align=\"justify\"><span style=\"font-family: Arial,sans-serif;\">De igual manera, destac\u00f3 el trabajo del profesor R\u00f3ldan Fern\u00e1ndez, quien actualmente se desempe\u00f1a como director de la coral Inces M\u00e9rida. Es licenciado en m\u00fasica, reconocido por su basta trayectoria en gesti\u00f3n y producci\u00f3n cultural y musical al servicio de diversas instituciones y comunidades; asume decididamente la batuta de esta agrupaci\u00f3n, detectando y canalizando liderazgos art\u00edsticos e incorporando un nuevo y atractivo repertorio. <\/span><\/p>\n<p align=\"justify\"><span style=\"font-family: Arial,sans-serif;\"><img loading=\"lazy\" decoding=\"async\" class=\"aligncenter wp-image-22996 size-full\" src=\"http:\/\/www.inces.gob.ve\/wp-content\/uploads\/2018\/11\/1Coral-del-Inces-M\u00e9rida-.jpg\" alt=\"\" width=\"800\" height=\"600\" srcset=\"https:\/\/inces.gob.ve\/wp-content\/uploads\/2018\/11\/1Coral-del-Inces-M\u00e9rida-.jpg 800w, https:\/\/inces.gob.ve\/wp-content\/uploads\/2018\/11\/1Coral-del-Inces-M\u00e9rida--300x225.jpg 300w, https:\/\/inces.gob.ve\/wp-content\/uploads\/2018\/11\/1Coral-del-Inces-M\u00e9rida--768x576.jpg 768w, https:\/\/inces.gob.ve\/wp-content\/uploads\/2018\/11\/1Coral-del-Inces-M\u00e9rida--136x102.jpg 136w\" sizes=\"auto, (max-width: 800px) 100vw, 800px\" \/><\/span><\/p>\n<p align=\"justify\"><span style=\"font-family: Arial,sans-serif;\">Es importante destacar que actualmente la coral del Inces M\u00e9rida, cuenta con 30 coralistas entre trabajadores, aprendices, maestros y promotores t\u00e9cnicos productivos, estudiantes de la Unidad Educativa, familiares y comunidad en general, con inscripciones permanentes y con una oferta de actividades como teatro, canto y cursos de instrumentos de cuerda.<\/span><\/p>\n","protected":false},"excerpt":{"rendered":"<p>** La coral del Inces se ha convertido en el brazo ejecutor de la musica y la cultura de sus trabajadores, ahora cuenta con nuevo repertorio conformado por obras populares venezolanas y latinoamericanas<\/p>\n","protected":false},"author":15,"featured_media":22995,"comment_status":"closed","ping_status":"closed","sticky":false,"template":"","format":"standard","meta":{"footnotes":""},"categories":[2],"tags":[],"class_list":["post-22993","post","type-post","status-publish","format-standard","has-post-thumbnail","hentry","category-blog"],"_links":{"self":[{"href":"https:\/\/inces.gob.ve\/index.php\/wp-json\/wp\/v2\/posts\/22993","targetHints":{"allow":["GET"]}}],"collection":[{"href":"https:\/\/inces.gob.ve\/index.php\/wp-json\/wp\/v2\/posts"}],"about":[{"href":"https:\/\/inces.gob.ve\/index.php\/wp-json\/wp\/v2\/types\/post"}],"author":[{"embeddable":true,"href":"https:\/\/inces.gob.ve\/index.php\/wp-json\/wp\/v2\/users\/15"}],"replies":[{"embeddable":true,"href":"https:\/\/inces.gob.ve\/index.php\/wp-json\/wp\/v2\/comments?post=22993"}],"version-history":[{"count":3,"href":"https:\/\/inces.gob.ve\/index.php\/wp-json\/wp\/v2\/posts\/22993\/revisions"}],"predecessor-version":[{"id":22999,"href":"https:\/\/inces.gob.ve\/index.php\/wp-json\/wp\/v2\/posts\/22993\/revisions\/22999"}],"wp:featuredmedia":[{"embeddable":true,"href":"https:\/\/inces.gob.ve\/index.php\/wp-json\/wp\/v2\/media\/22995"}],"wp:attachment":[{"href":"https:\/\/inces.gob.ve\/index.php\/wp-json\/wp\/v2\/media?parent=22993"}],"wp:term":[{"taxonomy":"category","embeddable":true,"href":"https:\/\/inces.gob.ve\/index.php\/wp-json\/wp\/v2\/categories?post=22993"},{"taxonomy":"post_tag","embeddable":true,"href":"https:\/\/inces.gob.ve\/index.php\/wp-json\/wp\/v2\/tags?post=22993"}],"curies":[{"name":"wp","href":"https:\/\/api.w.org\/{rel}","templated":true}]}}