{"id":23046,"date":"2018-11-30T10:20:58","date_gmt":"2018-11-30T16:20:58","guid":{"rendered":"http:\/\/www.inces.gob.ve\/?p=23046"},"modified":"2020-05-28T20:30:06","modified_gmt":"2020-05-29T00:30:06","slug":"acto-con-personas-discapacitadas-se-realizo-en-el-auditorio","status":"publish","type":"post","link":"https:\/\/inces.gob.ve\/index.php\/2018\/11\/30\/acto-con-personas-discapacitadas-se-realizo-en-el-auditorio\/","title":{"rendered":"Inces realiz\u00f3 foro sobre inclusi\u00f3n laboral de personas con discapacidad"},"content":{"rendered":"<p style=\"text-align: justify;\" align=\"justify\"><span style=\"font-family: Arial,sans-serif;\"><b>** <i>El evento reuni\u00f3 a los colectivos sociales y a instituciones de la Rep\u00fablica Bolivariana que trabajan por los derechos sociales y laborales de las personas con discapacidad<\/i><\/b><\/span><\/p>\n<p style=\"text-align: justify;\" align=\"justify\"><!--more--><\/p>\n<p style=\"text-align: justify;\" align=\"justify\"><span style=\"font-family: Arial,sans-serif;\"><b>FREDDY MARTINEZ\/Inces sedes<\/b><\/span><\/p>\n<p style=\"text-align: justify;\" align=\"justify\"><span style=\"font-family: Arial,sans-serif;\">Con una importante presencia de personas discapacitadas adem\u00e1s de grupos organizados que trabajan para garantizar los derechos laborales y sociales de este segmento de la poblaci\u00f3n, se realiz\u00f3 un foro en el auditorio del Inces denominado Experiencias exitosas hacia la inclusi\u00f3n laboral de personas con discapacidad<\/span><\/p>\n<p style=\"text-align: justify;\" align=\"justify\"><span style=\"font-family: Arial,sans-serif;\">Se trata del tercer foro que se organiza en el a\u00f1o 2018 referente al tema de los derechos laborales de personas con cualquier tipo de discapacidad, en el marco de las pol\u00edticas de inclusi\u00f3n que las instituciones p\u00fablicas desarrollan para que se cumpla con las normativas estipuladas en las Leyes de la Rep\u00fablica.<\/span><\/p>\n<p style=\"text-align: justify;\" align=\"justify\"><img loading=\"lazy\" decoding=\"async\" class=\"aligncenter wp-image-23047 size-full\" src=\"http:\/\/www.inces.gob.ve\/wp-content\/uploads\/2018\/11\/5personas-discapacitadas.jpg\" alt=\"\" width=\"800\" height=\"533\" srcset=\"https:\/\/inces.gob.ve\/wp-content\/uploads\/2018\/11\/5personas-discapacitadas.jpg 800w, https:\/\/inces.gob.ve\/wp-content\/uploads\/2018\/11\/5personas-discapacitadas-300x200.jpg 300w, https:\/\/inces.gob.ve\/wp-content\/uploads\/2018\/11\/5personas-discapacitadas-768x512.jpg 768w\" sizes=\"auto, (max-width: 800px) 100vw, 800px\" \/><\/p>\n<p style=\"text-align: justify;\" align=\"justify\"><span style=\"font-family: Arial,sans-serif;\">Las personas con discapacidad son sujetos de derechos y deberes, libres de participar activamente en los asuntos p\u00fablicos y libres en tomar sus propias decisiones adem\u00e1s de ser actores protag\u00f3nicos y participativos en la Democracia Bolivariana.<\/span><\/p>\n<p style=\"text-align: justify;\" align=\"justify\"><span style=\"font-family: Arial,sans-serif;\">El presidente del Inces abri\u00f3 el foro con un discurso sobre a la coyuntura pol\u00edtica y social del pa\u00eds, se\u00f1alando que los ataques que sufre la naci\u00f3n por parte de fuerzas pol\u00edticas externas apuntan a quebrar las iniciativas de inserci\u00f3n e inclusi\u00f3n de grupos sociales vulnerables que necesitan la protecci\u00f3n plena del Estado para garantizar sus derechos humanos. <\/span><\/p>\n<p style=\"text-align: justify;\" align=\"justify\"><span style=\"font-family: Arial,sans-serif;\"><img loading=\"lazy\" decoding=\"async\" class=\"aligncenter wp-image-23048 size-full\" src=\"http:\/\/www.inces.gob.ve\/wp-content\/uploads\/2018\/11\/4personas-discapacitadas.jpg\" alt=\"\" width=\"800\" height=\"533\" srcset=\"https:\/\/inces.gob.ve\/wp-content\/uploads\/2018\/11\/4personas-discapacitadas.jpg 800w, https:\/\/inces.gob.ve\/wp-content\/uploads\/2018\/11\/4personas-discapacitadas-300x200.jpg 300w, https:\/\/inces.gob.ve\/wp-content\/uploads\/2018\/11\/4personas-discapacitadas-768x512.jpg 768w\" sizes=\"auto, (max-width: 800px) 100vw, 800px\" \/><\/span><\/p>\n<p style=\"text-align: justify;\" align=\"justify\"><span style=\"font-family: Arial,sans-serif;\">Los discapacitados son un grupo social que se ha ganado un importante lugar en la democracia participativa y el Inces se complace en apoyar y recibir a cualquier tipo de organizaci\u00f3n que tenga como prop\u00f3sito mejorar sus condiciones sociales en el \u00e1mbito de la formaci\u00f3n para el trabajo productivo. <\/span><\/p>\n<p align=\"justify\"><span style=\"font-family: Arial,sans-serif;\">En el evento particip\u00f3 el grupo coral de la Asociaci\u00f3n Cultural Amigos de los Ciegos dirigido por el maestro Ra\u00fal Delgado.<\/span><\/p>\n<p align=\"justify\"><span style=\"font-family: Arial,sans-serif;\">Seguidamente, el gerente general de Formaci\u00f3n Profesional, Richard Delgado, particip\u00f3 con la potencia Formaci\u00f3n y producci\u00f3n para la inclusi\u00f3n laboral socioproductiva de las personas con discapacidad, en ella Delgado dio a conocer datos sobre el n\u00famero de ciudadanos que han sido incluidos en los diferentes programas formativos del Inces. <\/span><\/p>\n<p align=\"justify\"><span style=\"font-family: Arial,sans-serif;\"><img loading=\"lazy\" decoding=\"async\" class=\"aligncenter wp-image-23049 size-full\" src=\"http:\/\/www.inces.gob.ve\/wp-content\/uploads\/2018\/11\/2personas-discapacitadas.jpg\" alt=\"\" width=\"800\" height=\"533\" srcset=\"https:\/\/inces.gob.ve\/wp-content\/uploads\/2018\/11\/2personas-discapacitadas.jpg 800w, https:\/\/inces.gob.ve\/wp-content\/uploads\/2018\/11\/2personas-discapacitadas-300x200.jpg 300w, https:\/\/inces.gob.ve\/wp-content\/uploads\/2018\/11\/2personas-discapacitadas-768x512.jpg 768w\" sizes=\"auto, (max-width: 800px) 100vw, 800px\" \/><\/span><\/p>\n<p align=\"justify\"><span style=\"font-family: Arial,sans-serif;\">Delgado revel\u00f3 que 1628 compatriotas discapacitados realizaron cursos formativos en el Programa de Educaci\u00f3n Especial que el Inces ofrece a este segmento de la poblaci\u00f3n venezolana a partir de los 14 a\u00f1os de edad. <\/span><\/p>\n<p align=\"justify\"><span style=\"font-family: Arial,sans-serif;\">Delgado manifest\u00f3 que muchas instituciones del Estado est\u00e1n en mora con el cumplimiento de la norma que obliga a emplear el 5% de la n\u00f3mina de trabajadores a personas con cualquier tipo de discapacidad. <\/span><\/p>\n<p style=\"text-align: justify;\" align=\"justify\"><span style=\"font-family: Arial,sans-serif;\">\u00a0<\/span><\/p>\n","protected":false},"excerpt":{"rendered":"<p>** El evento reuni\u00f3 a los colectivos sociales y a instituciones de la Rep\u00fablica Bolivariana que trabajan por los derechos sociales y laborales de las personas con discapacidad<\/p>\n","protected":false},"author":15,"featured_media":23050,"comment_status":"closed","ping_status":"closed","sticky":false,"template":"","format":"standard","meta":{"footnotes":""},"categories":[2],"tags":[],"class_list":["post-23046","post","type-post","status-publish","format-standard","has-post-thumbnail","hentry","category-blog"],"_links":{"self":[{"href":"https:\/\/inces.gob.ve\/index.php\/wp-json\/wp\/v2\/posts\/23046","targetHints":{"allow":["GET"]}}],"collection":[{"href":"https:\/\/inces.gob.ve\/index.php\/wp-json\/wp\/v2\/posts"}],"about":[{"href":"https:\/\/inces.gob.ve\/index.php\/wp-json\/wp\/v2\/types\/post"}],"author":[{"embeddable":true,"href":"https:\/\/inces.gob.ve\/index.php\/wp-json\/wp\/v2\/users\/15"}],"replies":[{"embeddable":true,"href":"https:\/\/inces.gob.ve\/index.php\/wp-json\/wp\/v2\/comments?post=23046"}],"version-history":[{"count":7,"href":"https:\/\/inces.gob.ve\/index.php\/wp-json\/wp\/v2\/posts\/23046\/revisions"}],"predecessor-version":[{"id":23067,"href":"https:\/\/inces.gob.ve\/index.php\/wp-json\/wp\/v2\/posts\/23046\/revisions\/23067"}],"wp:featuredmedia":[{"embeddable":true,"href":"https:\/\/inces.gob.ve\/index.php\/wp-json\/wp\/v2\/media\/23050"}],"wp:attachment":[{"href":"https:\/\/inces.gob.ve\/index.php\/wp-json\/wp\/v2\/media?parent=23046"}],"wp:term":[{"taxonomy":"category","embeddable":true,"href":"https:\/\/inces.gob.ve\/index.php\/wp-json\/wp\/v2\/categories?post=23046"},{"taxonomy":"post_tag","embeddable":true,"href":"https:\/\/inces.gob.ve\/index.php\/wp-json\/wp\/v2\/tags?post=23046"}],"curies":[{"name":"wp","href":"https:\/\/api.w.org\/{rel}","templated":true}]}}