{"id":23081,"date":"2018-11-30T10:49:12","date_gmt":"2018-11-30T16:49:12","guid":{"rendered":"http:\/\/www.inces.gob.ve\/?p=23081"},"modified":"2020-05-28T20:30:06","modified_gmt":"2020-05-29T00:30:06","slug":"inces-tachira-gradua-a-la-1era-promocion-de-bachilleres-con-perfiles-productivos","status":"publish","type":"post","link":"https:\/\/inces.gob.ve\/index.php\/2018\/11\/30\/inces-tachira-gradua-a-la-1era-promocion-de-bachilleres-con-perfiles-productivos\/","title":{"rendered":"Inces T\u00e1chira grad\u00faa a la 1era promoci\u00f3n de bachilleres con perfiles productivos"},"content":{"rendered":"<p align=\"justify\"><span style=\"font-family: Arial,sans-serif;\">*<b>* <\/b><i><b>Forjando conocimientos en las \u00e1reas socioproductivas <\/b><\/i><\/span><\/p>\n<p align=\"justify\"><!--more--><\/p>\n<p align=\"justify\"><span style=\"font-family: Arial,sans-serif;\"><b>PRENSA INCES | T\u00e1chira<\/b><\/span><\/p>\n<p align=\"justify\"><span style=\"font-family: Arial,sans-serif;\">La gerencia regional de Inces T\u00e1chira, en conjunto con el departamento de Educaci\u00f3n B\u00e1sica y la Zona Educativa del estado, realizaron el acto de grado de la 1era promoci\u00f3n de bachilleres productivos de Educaci\u00f3n Medio General de J\u00f3venes y Adultos de la Unidad Educativa Inces T\u00e1chira.<\/span><\/p>\n<p align=\"justify\"><span style=\"font-family: Arial,sans-serif;\">Desde el auditorio del centro de formaci\u00f3n socialista Luis Beltr\u00e1n Pietro Figueroa, se realiz\u00f3 la entrega de t\u00edtulos a los 15 j\u00f3venes formados y capacitados por el departamento de Educaci\u00f3n B\u00e1sica del Inces y de igual manera fueron certificados en diversas \u00e1reas productivas de la instituci\u00f3n, obteniendo un perfil productivo<\/span><\/p>\n<p align=\"justify\"><span style=\"font-family: Arial,sans-serif;\"><img loading=\"lazy\" decoding=\"async\" class=\"aligncenter wp-image-23085 size-full\" src=\"http:\/\/www.inces.gob.ve\/wp-content\/uploads\/2018\/11\/1promoci\u00f3n-de-bachilleres.jpg\" alt=\"\" width=\"800\" height=\"449\" srcset=\"https:\/\/inces.gob.ve\/wp-content\/uploads\/2018\/11\/1promoci\u00f3n-de-bachilleres.jpg 800w, https:\/\/inces.gob.ve\/wp-content\/uploads\/2018\/11\/1promoci\u00f3n-de-bachilleres-300x168.jpg 300w, https:\/\/inces.gob.ve\/wp-content\/uploads\/2018\/11\/1promoci\u00f3n-de-bachilleres-768x431.jpg 768w\" sizes=\"auto, (max-width: 800px) 100vw, 800px\" \/><\/span><\/p>\n<p align=\"justify\"><span style=\"font-family: Arial,sans-serif;\">Geovanni Gonz\u00e1lez, gerente del Inces T\u00e1chira, felicit\u00f3 a los bachilleres por el logro obtenido durante el proceso de formaci\u00f3n, siendo el Inces la casa de estudio que les permite formarse y crecer en el \u00e1mbito educativo y forjar conocimientos en las \u00e1reas socioproductivas.<\/span><\/p>\n<p align=\"justify\"><span style=\"font-family: Arial,sans-serif;\"><img loading=\"lazy\" decoding=\"async\" class=\"aligncenter wp-image-23084 size-full\" src=\"http:\/\/www.inces.gob.ve\/wp-content\/uploads\/2018\/11\/3promoci\u00f3n-de-bachilleres.jpg\" alt=\"\" width=\"800\" height=\"465\" srcset=\"https:\/\/inces.gob.ve\/wp-content\/uploads\/2018\/11\/3promoci\u00f3n-de-bachilleres.jpg 800w, https:\/\/inces.gob.ve\/wp-content\/uploads\/2018\/11\/3promoci\u00f3n-de-bachilleres-300x174.jpg 300w, https:\/\/inces.gob.ve\/wp-content\/uploads\/2018\/11\/3promoci\u00f3n-de-bachilleres-768x446.jpg 768w\" sizes=\"auto, (max-width: 800px) 100vw, 800px\" \/><\/span><\/p>\n<p align=\"justify\"><span style=\"font-family: Arial,sans-serif;\">Asimismo, Gonz\u00e1lez destac\u00f3 la formaciones que ofrece el Inces, las cuales permiten a la juventud asentar bases solidas para continuar sus estudios o incorporarse a las entidades de trabajo.<\/span><\/p>\n<p align=\"justify\"><img loading=\"lazy\" decoding=\"async\" class=\"aligncenter wp-image-23083 size-full\" src=\"http:\/\/www.inces.gob.ve\/wp-content\/uploads\/2018\/11\/5promoci\u00f3n-de-bachilleres.jpg\" alt=\"\" width=\"800\" height=\"449\" srcset=\"https:\/\/inces.gob.ve\/wp-content\/uploads\/2018\/11\/5promoci\u00f3n-de-bachilleres.jpg 800w, https:\/\/inces.gob.ve\/wp-content\/uploads\/2018\/11\/5promoci\u00f3n-de-bachilleres-300x168.jpg 300w, https:\/\/inces.gob.ve\/wp-content\/uploads\/2018\/11\/5promoci\u00f3n-de-bachilleres-768x431.jpg 768w\" sizes=\"auto, (max-width: 800px) 100vw, 800px\" \/><br \/>\n<span style=\"font-family: Arial,sans-serif;\">Para culminar, el gerente invit\u00f3 a toda la juventud tachirense a que ingresen a nuestro sistema en l\u00ednea y se integren a la formaciones que ofrece el Inces con perfiles socioproductivos.<\/span><\/p>\n<p align=\"justify\">LT.<\/p>\n","protected":false},"excerpt":{"rendered":"<p>** Forjando conocimientos en las \u00e1reas socioproductivas<\/p>\n","protected":false},"author":15,"featured_media":23082,"comment_status":"closed","ping_status":"closed","sticky":false,"template":"","format":"standard","meta":{"footnotes":""},"categories":[2],"tags":[],"class_list":["post-23081","post","type-post","status-publish","format-standard","has-post-thumbnail","hentry","category-blog"],"_links":{"self":[{"href":"https:\/\/inces.gob.ve\/index.php\/wp-json\/wp\/v2\/posts\/23081","targetHints":{"allow":["GET"]}}],"collection":[{"href":"https:\/\/inces.gob.ve\/index.php\/wp-json\/wp\/v2\/posts"}],"about":[{"href":"https:\/\/inces.gob.ve\/index.php\/wp-json\/wp\/v2\/types\/post"}],"author":[{"embeddable":true,"href":"https:\/\/inces.gob.ve\/index.php\/wp-json\/wp\/v2\/users\/15"}],"replies":[{"embeddable":true,"href":"https:\/\/inces.gob.ve\/index.php\/wp-json\/wp\/v2\/comments?post=23081"}],"version-history":[{"count":2,"href":"https:\/\/inces.gob.ve\/index.php\/wp-json\/wp\/v2\/posts\/23081\/revisions"}],"predecessor-version":[{"id":23087,"href":"https:\/\/inces.gob.ve\/index.php\/wp-json\/wp\/v2\/posts\/23081\/revisions\/23087"}],"wp:featuredmedia":[{"embeddable":true,"href":"https:\/\/inces.gob.ve\/index.php\/wp-json\/wp\/v2\/media\/23082"}],"wp:attachment":[{"href":"https:\/\/inces.gob.ve\/index.php\/wp-json\/wp\/v2\/media?parent=23081"}],"wp:term":[{"taxonomy":"category","embeddable":true,"href":"https:\/\/inces.gob.ve\/index.php\/wp-json\/wp\/v2\/categories?post=23081"},{"taxonomy":"post_tag","embeddable":true,"href":"https:\/\/inces.gob.ve\/index.php\/wp-json\/wp\/v2\/tags?post=23081"}],"curies":[{"name":"wp","href":"https:\/\/api.w.org\/{rel}","templated":true}]}}