{"id":23094,"date":"2018-11-30T11:11:01","date_gmt":"2018-11-30T17:11:01","guid":{"rendered":"http:\/\/www.inces.gob.ve\/?p=23094"},"modified":"2020-05-28T20:30:06","modified_gmt":"2020-05-29T00:30:06","slug":"la-cruzada-del-inces-guaireno-es-reparar-reutilizar-y-reciclar-el-mobiliario-escolar-de-las-escuelas-de-la-region","status":"publish","type":"post","link":"https:\/\/inces.gob.ve\/index.php\/2018\/11\/30\/la-cruzada-del-inces-guaireno-es-reparar-reutilizar-y-reciclar-el-mobiliario-escolar-de-las-escuelas-de-la-region\/","title":{"rendered":"La cruzada del Inces guaire\u00f1o es reparar, reutilizar y reciclar el mobiliario escolar de las escuelas de la regi\u00f3n"},"content":{"rendered":"<p align=\"justify\"><span style=\"font-family: Arial,sans-serif;\"><i><b>** Hay mucho trabajo por hacer y es importante iniciar nuevas estrategias para superar la meta asignada<\/b><\/i><\/span><\/p>\n<p align=\"justify\"><!--more--><\/p>\n<p align=\"justify\"><span style=\"font-family: Arial,sans-serif;\"><b>ZUVALQUI DUARTE | Vargas<\/b><\/span><\/p>\n<p align=\"justify\"><span style=\"font-family: Arial,sans-serif;\">Con el apoyo de la Misi\u00f3n Barrio Nuevo Barrio Tricolor del estado Vargas, a trav\u00e9s del coronel Luis Garc\u00eda, el Inces varguense inici\u00f3 el traslado de 250 mesas-sillas de las escuelas Hugo Ch\u00e1vez y Armando Rever\u00f3n, ambas de la parroquia Urimare.<\/span><\/p>\n<p align=\"justify\"><span style=\"font-family: Arial,sans-serif;\">Esta estrategia se origina en respuesta a la pr\u00f3xima toma de las escuelas y liceos de la regi\u00f3n por los efectivos militares del Plan Rep\u00fablica, quienes coordinan el resguardo del material electoral para las elecciones de concejales y concejalas municipales del 9 de diciembre.<\/span><\/p>\n<p align=\"justify\"><span style=\"font-family: Arial,sans-serif;\"><img loading=\"lazy\" decoding=\"async\" class=\"aligncenter wp-image-23097 size-full\" src=\"http:\/\/www.inces.gob.ve\/wp-content\/uploads\/2018\/11\/5mobiliario-escolar.jpg\" alt=\"\" width=\"800\" height=\"600\" srcset=\"https:\/\/inces.gob.ve\/wp-content\/uploads\/2018\/11\/5mobiliario-escolar.jpg 800w, https:\/\/inces.gob.ve\/wp-content\/uploads\/2018\/11\/5mobiliario-escolar-300x225.jpg 300w, https:\/\/inces.gob.ve\/wp-content\/uploads\/2018\/11\/5mobiliario-escolar-768x576.jpg 768w, https:\/\/inces.gob.ve\/wp-content\/uploads\/2018\/11\/5mobiliario-escolar-136x102.jpg 136w\" sizes=\"auto, (max-width: 800px) 100vw, 800px\" \/><\/span><\/p>\n<p align=\"justify\"><span style=\"font-family: Arial,sans-serif;\">Con la firme convicci\u00f3n de cumplir la cuota asignada a la regi\u00f3n de rehabilitar 900 inmuebles escolares en las escuelas del estado, los maestros, promotores y personal del Inces Vargas se desplegaron en la entidad, logrando avanzar un 58 % de la meta.<img loading=\"lazy\" decoding=\"async\" class=\"aligncenter wp-image-23099 size-full\" src=\"http:\/\/www.inces.gob.ve\/wp-content\/uploads\/2018\/11\/1mobiliario-escolar.jpg\" alt=\"\" width=\"800\" height=\"489\" srcset=\"https:\/\/inces.gob.ve\/wp-content\/uploads\/2018\/11\/1mobiliario-escolar.jpg 800w, https:\/\/inces.gob.ve\/wp-content\/uploads\/2018\/11\/1mobiliario-escolar-300x183.jpg 300w, https:\/\/inces.gob.ve\/wp-content\/uploads\/2018\/11\/1mobiliario-escolar-768x469.jpg 768w\" sizes=\"auto, (max-width: 800px) 100vw, 800px\" \/><\/span><\/p>\n<p align=\"justify\"><span style=\"font-family: Arial,sans-serif;\">Hern\u00e1n Garboza, gerente regional, expres\u00f3 \u201cEstamos descargando en este primer viaje 250 mesas-sillas de dos escuelas para iniciar su reparaci\u00f3n en nuestras instalaciones, el objetivo es aprovechar el tiempo mientras se activa la toma de las escuelas y liceos por el proceso electoral, deseamos cumplir con la tarea y esta es una de las maneras de no paralizar el trabajo\u201d.<\/span><\/p>\n<p align=\"justify\"><span style=\"font-family: Arial,sans-serif;\"><img loading=\"lazy\" decoding=\"async\" class=\"aligncenter wp-image-23095 size-full\" src=\"http:\/\/www.inces.gob.ve\/wp-content\/uploads\/2018\/11\/8mobiliario-escolar.jpg\" alt=\"\" width=\"800\" height=\"753\" srcset=\"https:\/\/inces.gob.ve\/wp-content\/uploads\/2018\/11\/8mobiliario-escolar.jpg 800w, https:\/\/inces.gob.ve\/wp-content\/uploads\/2018\/11\/8mobiliario-escolar-300x282.jpg 300w, https:\/\/inces.gob.ve\/wp-content\/uploads\/2018\/11\/8mobiliario-escolar-768x723.jpg 768w\" sizes=\"auto, (max-width: 800px) 100vw, 800px\" \/><\/span><\/p>\n<p align=\"justify\">\u201c<span style=\"font-family: Arial,sans-serif;\">Es importante mencionar que esta noble labor beneficia a los ni\u00f1os, ni\u00f1as y adolescentes que disfrutar\u00e1n sus inmuebles escolares en excelentes condiciones ante lo cual se abordar\u00e1n las instituciones educativas para concientizar sobre el uso adecuado de las mesas-sillas y las estructuras escolares\u201d, a\u00f1adi\u00f3 Garboza.<\/span><\/p>\n<p align=\"justify\"><span style=\"font-family: Arial,sans-serif;\"><img loading=\"lazy\" decoding=\"async\" class=\"aligncenter wp-image-23096 size-full\" src=\"http:\/\/www.inces.gob.ve\/wp-content\/uploads\/2018\/11\/6mobiliario-escolar.jpg\" alt=\"\" width=\"800\" height=\"742\" srcset=\"https:\/\/inces.gob.ve\/wp-content\/uploads\/2018\/11\/6mobiliario-escolar.jpg 800w, https:\/\/inces.gob.ve\/wp-content\/uploads\/2018\/11\/6mobiliario-escolar-300x278.jpg 300w, https:\/\/inces.gob.ve\/wp-content\/uploads\/2018\/11\/6mobiliario-escolar-768x712.jpg 768w, https:\/\/inces.gob.ve\/wp-content\/uploads\/2018\/11\/6mobiliario-escolar-340x316.jpg 340w\" sizes=\"auto, (max-width: 800px) 100vw, 800px\" \/><\/span><\/p>\n<p align=\"justify\"><span style=\"font-family: Arial,sans-serif;\">LT.<\/span><\/p>\n","protected":false},"excerpt":{"rendered":"<p>** Hay mucho trabajo por hacer y es importante iniciar nuevas estrategias para superar la meta asignada<\/p>\n","protected":false},"author":15,"featured_media":23098,"comment_status":"closed","ping_status":"closed","sticky":false,"template":"","format":"standard","meta":{"footnotes":""},"categories":[2],"tags":[],"class_list":["post-23094","post","type-post","status-publish","format-standard","has-post-thumbnail","hentry","category-blog"],"_links":{"self":[{"href":"https:\/\/inces.gob.ve\/index.php\/wp-json\/wp\/v2\/posts\/23094","targetHints":{"allow":["GET"]}}],"collection":[{"href":"https:\/\/inces.gob.ve\/index.php\/wp-json\/wp\/v2\/posts"}],"about":[{"href":"https:\/\/inces.gob.ve\/index.php\/wp-json\/wp\/v2\/types\/post"}],"author":[{"embeddable":true,"href":"https:\/\/inces.gob.ve\/index.php\/wp-json\/wp\/v2\/users\/15"}],"replies":[{"embeddable":true,"href":"https:\/\/inces.gob.ve\/index.php\/wp-json\/wp\/v2\/comments?post=23094"}],"version-history":[{"count":3,"href":"https:\/\/inces.gob.ve\/index.php\/wp-json\/wp\/v2\/posts\/23094\/revisions"}],"predecessor-version":[{"id":23102,"href":"https:\/\/inces.gob.ve\/index.php\/wp-json\/wp\/v2\/posts\/23094\/revisions\/23102"}],"wp:featuredmedia":[{"embeddable":true,"href":"https:\/\/inces.gob.ve\/index.php\/wp-json\/wp\/v2\/media\/23098"}],"wp:attachment":[{"href":"https:\/\/inces.gob.ve\/index.php\/wp-json\/wp\/v2\/media?parent=23094"}],"wp:term":[{"taxonomy":"category","embeddable":true,"href":"https:\/\/inces.gob.ve\/index.php\/wp-json\/wp\/v2\/categories?post=23094"},{"taxonomy":"post_tag","embeddable":true,"href":"https:\/\/inces.gob.ve\/index.php\/wp-json\/wp\/v2\/tags?post=23094"}],"curies":[{"name":"wp","href":"https:\/\/api.w.org\/{rel}","templated":true}]}}